{"id":19690,"date":"2024-12-27T19:50:40","date_gmt":"2024-12-27T22:50:40","guid":{"rendered":"https:\/\/guialimeira.com.br\/2024\/12\/27\/pesquisa-aponta-falta-de-vacina-em-658-dos-municipios-governo-nega-2\/"},"modified":"2024-12-27T19:50:40","modified_gmt":"2024-12-27T22:50:40","slug":"pesquisa-aponta-falta-de-vacina-em-658-dos-municipios-governo-nega-2","status":"publish","type":"post","link":"https:\/\/guialimeira.com.br\/news\/pesquisa-aponta-falta-de-vacina-em-658-dos-municipios-governo-nega-2\/","title":{"rendered":"Pesquisa aponta falta de vacina em 65,8% dos munic\u00edpios; governo nega"},"content":{"rendered":"<p> <br \/>\n<\/p>\n<div>\n<p>Uma pesquisa da Confedera\u00e7\u00e3o Nacional de Munic\u00edpios (CNM), divulgada nesta sexta-feira (27), aponta\u00a0a\u00a0car\u00eancia de vacinas do calend\u00e1rio nacional de imuniza\u00e7\u00e3o, como catapora, covid-19 e coqueluche.\u00a0Em nota, o Minist\u00e9rio da Sa\u00fade rebateu os resultados e afirmou ter\u00a0garantido atendimento\u00a0a 100% das necessidades de todas as vacinas do calend\u00e1rio b\u00e1sico, exceto nos casos de desabastecimento global, que ocorreram por \u201cproblemas pontuais\u201d.\u00a0O comunicado n\u00e3o afirma\u00a0se o desabastecimento decorre de problemas de gest\u00e3o dos governos locais.<img data-recalc-dims=\"1\" decoding=\"async\" src=\"https:\/\/i0.wp.com\/agenciabrasil.ebc.com.br\/ebc.png?w=696&#038;ssl=1\" style=\"width:1px; height:1px; display:inline;\"\/><img data-recalc-dims=\"1\" decoding=\"async\" src=\"https:\/\/i0.wp.com\/agenciabrasil.ebc.com.br\/ebc.gif?w=696&#038;ssl=1\" style=\"width:1px; height:1px; display:inline;\"\/><\/p>\n<p>Realizado de 29 de novembro a 12 de dezembro, o levantamento mostra que 65,8% de um total de 2.895 munic\u00edpios analisados relataram aus\u00eancia de imunizantes. No caso da catapora, 1.516 munic\u00edpios analisados (52,4%) apontaram\u00a0falta da\u00a0vacina. O Minist\u00e9rio da Sa\u00fade informou que existe escassez mundial de mat\u00e9ria-prima, mas assegurou ter garantido todas as doses necess\u00e1rias do imunizante ap\u00f3s a contrata\u00e7\u00e3o de tr\u00eas fornecedores. Para 2025, a pasta assegurou que eventuais problemas ser\u00e3o resolvidos ao longo do primeiro semestre.<\/p>\n<p>Em segundo lugar, est\u00e1 a vacina para covid-19 em adultos, ausente em 736 munic\u00edpios (25,4%), com m\u00e9dia de 45 dias sem disponibilidade. A CNM lembra que a primeira semana de dezembro registrou alta de 60% nas notifica\u00e7\u00f5es da doen\u00e7a no pa\u00eds, no maior n\u00edvel desde mar\u00e7o. De 1\u00ba a 7 de dezembro, houve 20.287 casos, segundo o Painel Covid-19 do Minist\u00e9rio da Sa\u00fade.<\/p>\n<p>No comunicado, o Minist\u00e9rio da Sa\u00fade informou que a pasta distribuiu 3,7 milh\u00f5es de doses de vacina contra a covid-19 aos estados, das quais 503 mil foram efetivamente aplicadas, o que indica sufici\u00eancia de doses em n\u00edvel estadual. Para 2025, a pasta informou ter refor\u00e7ado os estoques dos imunizantes.<\/p>\n<h2>Coqueluche<\/h2>\n<p>Em terceiro lugar, est\u00e1 a insufici\u00eancia da vacina tr\u00edplice, contra coqueluche, diferia e t\u00e9tano, relatada\u00a0em 520 munic\u00edpios (18% do total pesquisado). Segundo a CNM, o imunizante estava em falta em m\u00e9dia h\u00e1 60 dias nos munic\u00edpios afetados. Em 2024, os casos de coqueluche subiram quase 2.000% em rela\u00e7\u00e3o a 2023, com 4.395 registros at\u00e9 27 de novembro, a maioria no Paran\u00e1. No acumulado do ano, h\u00e1 17 mortes, das quais 16 em crian\u00e7as de menos de 1 ano.<\/p>\n<p>A pesquisa tamb\u00e9m aponta\u00a0insufici\u00eancia da vacina meningoc\u00f3cica C, contra a meningite do sorogrupo C, indispon\u00edvel em 375 cidades (12,9%); da tetraviral, que combate o sarampo, a caxumba, a rub\u00e9ola e a varicela, indispon\u00edvel em 337 munic\u00edpios (11,6%); e da febre amarela, indispon\u00edvel em 280 munic\u00edpios (9,7%).<\/p>\n<p>O Minist\u00e9rio da Sa\u00fade informou ter estoques suficientes para os pr\u00f3ximos seis meses das vacinas contra a meningite e a coqueluche.<\/p>\n<h2>Resposta<\/h2>\n<p>Al\u00e9m de assegurar o atendimento de 100% das necessidades dos estados, o Minist\u00e9rio da Sa\u00fade informou que a distribui\u00e7\u00e3o das vacinas \u00e9 transparente. A pasta ressaltou que qualquer cidad\u00e3o pode consultar, no <a href=\"https:\/\/infoms.saude.gov.br\/extensions\/demas_c19vac_distr\/demas_c19vac_distr.html\" target=\"_blank\" rel=\"noopener\">painel interativo do minist\u00e9rio<\/a>, as remessas enviadas do centro de distribui\u00e7\u00e3o em Guarulhos (SP) para os estados. O comunicado ressaltou que, por ano, s\u00e3o distribu\u00eddas 300 milh\u00f5es de doses aos 5.570 munic\u00edpios por meio do Programa Nacional de Imuniza\u00e7\u00f5es (PNI).<\/p>\n<p>O minist\u00e9rio ressaltou que todas as grades de vacinas do calend\u00e1rio b\u00e1sico em dezembro foram enviadas aos estados e garante ter estoques para atender \u00e0 demanda. Segundo a pasta, todo o processo \u00e9 feito em parceria com os estados. O comunicado destaca ainda que, desde 2023, as coberturas vacinais apresentam tend\u00eancia de crescimento, resultado de a\u00e7\u00f5es como as campanhas de multivacina\u00e7\u00e3o realizadas em novembro.<\/p>\n<h2>Estados mais afetados<\/h2>\n<p>Em rela\u00e7\u00e3o aos estados e regi\u00f5es mais afetadas, Santa Catarina continua liderando a escassez de vacinas, com 199 dos 230 munic\u00edpios que responderam \u00e0 pesquisa (87% do total) relatando falta de vacinas. Em seguida, est\u00e1 o Cear\u00e1, com 51 dos 59 munic\u00edpios analisados (86%), o Esp\u00edrito Santo, 38 dos 45 respondentes (84%); e Minas Gerais, com 412 dos 496 respondentes (83%).<\/p>\n<p>      <!-- Relacionada --><\/p>\n<p>            <!-- Relacionada -->\n    <\/div>\n<p><br \/>\n<br \/><a href=\"https:\/\/agenciabrasil.ebc.com.br\/saude\/noticia\/2024-12\/cnm-aponta-falta-de-vacinas-de-catapora-e-covid-governo-nega-car%C3%AAncia\" rel=\"noopener\">Ag\u00eancia Brasil <\/a><\/p>\n","protected":false},"excerpt":{"rendered":"<p>Uma pesquisa da Confedera\u00e7\u00e3o Nacional de Munic\u00edpios (CNM), divulgada nesta sexta-feira (27), aponta\u00a0a\u00a0car\u00eancia de vacinas do calend\u00e1rio nacional de imuniza\u00e7\u00e3o, como catapora, covid-19 e coqueluche.\u00a0Em nota, o Minist\u00e9rio da Sa\u00fade rebateu os resultados e afirmou ter\u00a0garantido atendimento\u00a0a 100% das necessidades de todas as vacinas do calend\u00e1rio b\u00e1sico, exceto nos casos de desabastecimento global, que ocorreram [&hellip;]<\/p>\n","protected":false},"author":1,"featured_media":2098,"comment_status":"open","ping_status":"open","sticky":false,"template":"","format":"standard","meta":{"_jetpack_newsletter_access":"","_jetpack_dont_email_post_to_subs":false,"_jetpack_newsletter_tier_id":0,"_jetpack_memberships_contains_paywalled_content":false,"_mbp_banners":[],"_jetpack_feature_clip_id":0,"_jetpack_memberships_contains_paid_content":false,"footnotes":"","jetpack_publicize_message":"","jetpack_publicize_feature_enabled":true,"jetpack_social_post_already_shared":true,"jetpack_social_options":{"image_generator_settings":{"template":"highway","default_image_id":0,"font":"","enabled":false},"version":2},"jetpack_post_was_ever_published":false},"categories":[15],"tags":[],"class_list":["post-19690","post","type-post","status-publish","format-standard","has-post-thumbnail","category-saude"],"jetpack_publicize_connections":[],"jetpack-related-posts":[],"jetpack_shortlink":"https:\/\/wp.me\/p7Eq1F-57A","jetpack_sharing_enabled":true,"jetpack_featured_media_url":"https:\/\/i0.wp.com\/guialimeira.com.br\/news\/wp-content\/uploads\/2024\/04\/dsc8071.jpg?fit=1600%2C800&ssl=1","_links":{"self":[{"href":"https:\/\/guialimeira.com.br\/news\/wp-json\/wp\/v2\/posts\/19690","targetHints":{"allow":["GET"]}}],"collection":[{"href":"https:\/\/guialimeira.com.br\/news\/wp-json\/wp\/v2\/posts"}],"about":[{"href":"https:\/\/guialimeira.com.br\/news\/wp-json\/wp\/v2\/types\/post"}],"author":[{"embeddable":true,"href":"https:\/\/guialimeira.com.br\/news\/wp-json\/wp\/v2\/users\/1"}],"replies":[{"embeddable":true,"href":"https:\/\/guialimeira.com.br\/news\/wp-json\/wp\/v2\/comments?post=19690"}],"version-history":[{"count":0,"href":"https:\/\/guialimeira.com.br\/news\/wp-json\/wp\/v2\/posts\/19690\/revisions"}],"wp:featuredmedia":[{"embeddable":true,"href":"https:\/\/guialimeira.com.br\/news\/wp-json\/wp\/v2\/media\/2098"}],"wp:attachment":[{"href":"https:\/\/guialimeira.com.br\/news\/wp-json\/wp\/v2\/media?parent=19690"}],"wp:term":[{"taxonomy":"category","embeddable":true,"href":"https:\/\/guialimeira.com.br\/news\/wp-json\/wp\/v2\/categories?post=19690"},{"taxonomy":"post_tag","embeddable":true,"href":"https:\/\/guialimeira.com.br\/news\/wp-json\/wp\/v2\/tags?post=19690"}],"curies":[{"name":"wp","href":"https:\/\/api.w.org\/{rel}","templated":true}]}}