{"id":19681,"date":"2024-12-27T17:56:37","date_gmt":"2024-12-27T20:56:37","guid":{"rendered":"https:\/\/guialimeira.com.br\/2024\/12\/27\/bandeira-tarifaria-de-janeiro-se-mantem-verde-sem-cobranca-extra\/"},"modified":"2024-12-27T17:56:37","modified_gmt":"2024-12-27T20:56:37","slug":"bandeira-tarifaria-de-janeiro-se-mantem-verde-sem-cobranca-extra","status":"publish","type":"post","link":"https:\/\/guialimeira.com.br\/news\/bandeira-tarifaria-de-janeiro-se-mantem-verde-sem-cobranca-extra\/","title":{"rendered":"Bandeira tarif\u00e1ria de janeiro se mant\u00e9m verde, sem cobran\u00e7a extra"},"content":{"rendered":"<p> <br \/>\n<\/p>\n<div>\n<p>A melhora das condi\u00e7\u00f5es de gera\u00e7\u00e3o de energia, em especial devido \u00e0s chuvas que melhoraram os n\u00edveis dos reservat\u00f3rios das usinas hidrel\u00e9tricas, garantiram a manuten\u00e7\u00e3o da bandeira tarif\u00e1ria verde para o m\u00eas de janeiro de 2025. Com isso, n\u00e3o ser\u00e1 cobrado valor adicional nas contas de luz dos brasileiros, informou a Ag\u00eancia Nacional de Energia El\u00e9trica (Aneel).<img data-recalc-dims=\"1\" decoding=\"async\" src=\"https:\/\/i0.wp.com\/agenciabrasil.ebc.com.br\/ebc.png?w=696&#038;ssl=1\" style=\"width:1px; height:1px; display:inline;\"\/><img data-recalc-dims=\"1\" decoding=\"async\" src=\"https:\/\/i0.wp.com\/agenciabrasil.ebc.com.br\/ebc.gif?w=696&#038;ssl=1\" style=\"width:1px; height:1px; display:inline;\"\/><\/p>\n<p>\u201cA bandeira tarif\u00e1ria permaneceu verde de abril de 2022 at\u00e9 julho de 2024. A boa not\u00edcia se repetiu em dezembro de 2024 e ser\u00e1 mantida em janeiro de 2025 devido a perman\u00eancia das condi\u00e7\u00f5es favor\u00e1veis de gera\u00e7\u00e3o de energia no pa\u00eds\u201d, justificou a Aneel.<\/p>\n<p>De acordo com a ag\u00eancia, os n\u00edveis dos reservat\u00f3rios aumentaram com a chegada do per\u00edodo chuvoso, o que resultou em aumento da gera\u00e7\u00e3o das usinas hidrel\u00e9tricas. \u201cDessa forma, se aciona menos empreendimentos com energia mais cara, como \u00e9 o caso das usinas termel\u00e9tricas\u201d, acrescentou em nota divulgada nesta sexta-feira (27).<\/p>\n<h2>Bandeiras tarif\u00e1rias<\/h2>\n<p>Criadas em 2015 pela Aneel, as bandeiras tarif\u00e1rias refletem os custos vari\u00e1veis da gera\u00e7\u00e3o de energia el\u00e9trica. Divididas em n\u00edveis, as bandeiras indicam quanto est\u00e1 custando para o Sistema Interligado Nacional (SIN) gerar a energia usada nas casas, em estabelecimentos comerciais e nas ind\u00fastrias.<\/p>\n<p>Quando a conta de luz \u00e9 calculada pela bandeira verde, n\u00e3o h\u00e1 nenhum acr\u00e9scimo. Quando s\u00e3o aplicadas as bandeiras vermelha ou amarela, a conta sofre acr\u00e9scimos de R$ 1,885 (bandeira amarela), R$ 4,463 (bandeira vermelha patamar 1) e R$ 7,877 (bandeira vermelha patamar 2) a cada 100 quilowatts-hora (kWh) consumidos. De setembro de 2021 a 15 de abril de 2022, vigorou uma bandeira de escassez h\u00eddrica de R$ 14,20 extras a cada 100 kWh.<\/p>\n<p>\u00a0<\/p>\n<p>      <!-- Relacionada --><br \/>\n            <!-- Relacionada -->\n    <\/div>\n<p><br \/>\n<br \/><a href=\"https:\/\/agenciabrasil.ebc.com.br\/economia\/noticia\/2024-12\/bandeira-tarifaria-de-janeiro-se-mantem-verde-sem-cobranca-extra\" rel=\"noopener\">Ag\u00eancia Brasil<\/a><\/p>\n","protected":false},"excerpt":{"rendered":"<p>A melhora das condi\u00e7\u00f5es de gera\u00e7\u00e3o de energia, em especial devido \u00e0s chuvas que melhoraram os n\u00edveis dos reservat\u00f3rios das usinas hidrel\u00e9tricas, garantiram a manuten\u00e7\u00e3o da bandeira tarif\u00e1ria verde para o m\u00eas de janeiro de 2025. Com isso, n\u00e3o ser\u00e1 cobrado valor adicional nas contas de luz dos brasileiros, informou a Ag\u00eancia Nacional de Energia [&hellip;]<\/p>\n","protected":false},"author":1,"featured_media":19682,"comment_status":"open","ping_status":"open","sticky":false,"template":"","format":"standard","meta":{"_jetpack_newsletter_access":"","_jetpack_dont_email_post_to_subs":false,"_jetpack_newsletter_tier_id":0,"_jetpack_memberships_contains_paywalled_content":false,"_mbp_banners":[],"_jetpack_feature_clip_id":0,"_jetpack_memberships_contains_paid_content":false,"footnotes":"","jetpack_publicize_message":"","jetpack_publicize_feature_enabled":true,"jetpack_social_post_already_shared":true,"jetpack_social_options":{"image_generator_settings":{"template":"highway","default_image_id":0,"font":"","enabled":false},"version":2},"jetpack_post_was_ever_published":false},"categories":[24],"tags":[],"class_list":["post-19681","post","type-post","status-publish","format-standard","has-post-thumbnail","category-economia"],"jetpack_publicize_connections":[],"jetpack-related-posts":[],"jetpack_shortlink":"https:\/\/wp.me\/p7Eq1F-57r","jetpack_sharing_enabled":true,"jetpack_featured_media_url":"https:\/\/i0.wp.com\/guialimeira.com.br\/news\/wp-content\/uploads\/2024\/12\/1016070-28042016img_1306-.jpg?fit=1600%2C800&ssl=1","_links":{"self":[{"href":"https:\/\/guialimeira.com.br\/news\/wp-json\/wp\/v2\/posts\/19681","targetHints":{"allow":["GET"]}}],"collection":[{"href":"https:\/\/guialimeira.com.br\/news\/wp-json\/wp\/v2\/posts"}],"about":[{"href":"https:\/\/guialimeira.com.br\/news\/wp-json\/wp\/v2\/types\/post"}],"author":[{"embeddable":true,"href":"https:\/\/guialimeira.com.br\/news\/wp-json\/wp\/v2\/users\/1"}],"replies":[{"embeddable":true,"href":"https:\/\/guialimeira.com.br\/news\/wp-json\/wp\/v2\/comments?post=19681"}],"version-history":[{"count":0,"href":"https:\/\/guialimeira.com.br\/news\/wp-json\/wp\/v2\/posts\/19681\/revisions"}],"wp:featuredmedia":[{"embeddable":true,"href":"https:\/\/guialimeira.com.br\/news\/wp-json\/wp\/v2\/media\/19682"}],"wp:attachment":[{"href":"https:\/\/guialimeira.com.br\/news\/wp-json\/wp\/v2\/media?parent=19681"}],"wp:term":[{"taxonomy":"category","embeddable":true,"href":"https:\/\/guialimeira.com.br\/news\/wp-json\/wp\/v2\/categories?post=19681"},{"taxonomy":"post_tag","embeddable":true,"href":"https:\/\/guialimeira.com.br\/news\/wp-json\/wp\/v2\/tags?post=19681"}],"curies":[{"name":"wp","href":"https:\/\/api.w.org\/{rel}","templated":true}]}}