{"id":1962,"date":"2024-04-19T11:32:43","date_gmt":"2024-04-19T14:32:43","guid":{"rendered":"https:\/\/guialimeira.com.br\/2024\/04\/19\/linha-de-onibus-223-parque-peoria-passa-a-operar-com-ajustes-de-horarios-a-partir-de-sabado-20-04-portal-do-municipio-de-piracicaba\/"},"modified":"2024-04-19T11:32:43","modified_gmt":"2024-04-19T14:32:43","slug":"linha-de-onibus-223-parque-peoria-passa-a-operar-com-ajustes-de-horarios-a-partir-de-sabado-20-04-portal-do-municipio-de-piracicaba","status":"publish","type":"post","link":"https:\/\/guialimeira.com.br\/news\/linha-de-onibus-223-parque-peoria-passa-a-operar-com-ajustes-de-horarios-a-partir-de-sabado-20-04-portal-do-municipio-de-piracicaba\/","title":{"rendered":"Linha de \u00f4nibus 223-Parque Pe\u00f3ria passa a operar com ajustes de hor\u00e1rios a partir de s\u00e1bado, 20\/04 \u2013 Portal do Munic\u00edpio de Piracicaba"},"content":{"rendered":"<p> <br \/>\n<\/p>\n<div>\n<figure class=\"wp-block-image size-large\"><img data-recalc-dims=\"1\" fetchpriority=\"high\" decoding=\"async\" width=\"696\" height=\"467\" src=\"https:\/\/i0.wp.com\/piracicaba.sp.gov.br\/wp-content\/uploads\/2024\/04\/O-transporte-publico-tera-horarios-ajustados-para-atender-a-regiao-do-Parque-Peoria-1024x687.jpg?resize=696%2C467&#038;ssl=1\" alt=\"Onibus amarelo e laranja estacionado no TerminalCentral de Integra\u00e7\u00e3o (TCI).\" class=\"wp-image-77357\" srcset=\"https:\/\/piracicaba.sp.gov.br\/wp-content\/uploads\/2024\/04\/O-transporte-publico-tera-horarios-ajustados-para-atender-a-regiao-do-Parque-Peoria-1024x687.jpg 1024w, https:\/\/piracicaba.sp.gov.br\/wp-content\/uploads\/2024\/04\/O-transporte-publico-tera-horarios-ajustados-para-atender-a-regiao-do-Parque-Peoria-300x201.jpg 300w, https:\/\/piracicaba.sp.gov.br\/wp-content\/uploads\/2024\/04\/O-transporte-publico-tera-horarios-ajustados-para-atender-a-regiao-do-Parque-Peoria-768x515.jpg 768w, https:\/\/piracicaba.sp.gov.br\/wp-content\/uploads\/2024\/04\/O-transporte-publico-tera-horarios-ajustados-para-atender-a-regiao-do-Parque-Peoria-1536x1031.jpg 1536w, https:\/\/piracicaba.sp.gov.br\/wp-content\/uploads\/2024\/04\/O-transporte-publico-tera-horarios-ajustados-para-atender-a-regiao-do-Parque-Peoria.jpg 2000w\" sizes=\"(max-width: 1024px) 100vw, 1024px\"\/><figcaption class=\"wp-element-caption\"><strong><sup>O transporte p\u00fablico ter\u00e1 hor\u00e1rios ajustados para atender a regi\u00e3o do Parque Pe\u00f3ria<\/sup><\/strong><\/figcaption><\/figure>\n<p>A Prefeitura de Piracicaba, por meio da Semuttran (Secretaria Municipal de Mobilidade Urbana, Tr\u00e2nsito e Transportes), informa que a partir do pr\u00f3ximo s\u00e1bado, 20\/4, a linha de \u00f4nibus do transporte p\u00fablico 223- Parque Pe\u00f3ria passa a operar com ajustes de hor\u00e1rios. A mudan\u00e7a na linha 223 ocorrer\u00e1 em dias \u00fateis e aos s\u00e1bados e tem o objetivo atender a solicita\u00e7\u00e3o dos trabalhadores da regi\u00e3o.<\/p>\n<p>Com as mudan\u00e7as, portanto, os hor\u00e1rios das viagens da linha 223 \u2013 Parque Pe\u00f3ria, de segunda a sexta-feira, partindo do Terminal do Piracicamirim (TPI), sentido bairro, ser\u00e3o \u00e0s 5h15, 5h52, 6h29, 7h10, 7h55, 8h33, 9h47, 10h15, 11h25, 12h35, 13h50, 14h43, 15h36, 16h30, 17h06, 17h43, 18h28, 19h03, 20h02, 21h10, 22h, 22h30, 23h10, 23h40.<\/p>\n<p>J\u00e1 no sentido oposto, do bairro ao TPI, os hor\u00e1rios ocorrer\u00e3o 4h40, 5h, 5h05, 5h46, 6h29, 7h12, 7h53, 8h35, 9h05, 10h17, 10h47, 11h55, 13h10, 14h30, 15h15, 16h08, 17h02, 17h43, 18h18, 19h03, 19h33, 20h30, 21h38, 22h28 e 23h.<\/p>\n<p>Aos s\u00e1bados, as viagens do Terminal Central, sentido TPI, ocorrer\u00e3o \u00e0s 5h25, 7h40, 8h32, 9h26, 10h20, 11h12, 12h10, 13h04, 13h58, 15h18, 17h, 18h47, 20h30 e 22h8.<\/p>\n<p>Sa\u00edda do TPI, sentido bairro, as viagens ser\u00e3o \u00e0s 5h40, 7h58, 8h50, 9h44, 10h40, 11h32, 12h30, 13h24, 14h18, 15h38, 17h20, 19h03, 20h46, 22h24 e 23h35.<\/p>\n<p>Do bairro, sentido TPI, a partida dos \u00f4nibus ser\u00e3o \u00e0s 4h20, 6h18, 7h35, 8h28, 9h25, 10h17, 11h10, 12h02, 13h03, 13h54, 14h48, 16h08, 17h55, 19h38, 21h16 e 22h59.<\/p>\n<p>J\u00e1 no sentido TPI, destino ao Terminal Central, os \u00f4nibus sair\u00e3o \u00e0s 5h10, 6h55, 8h12, 9h03, 10h, 10h52, 11h50, 12h42, 13h38, 14h26, 15h18, 16h40, 18h27, 20h10 e 21h48.<\/p>\n<p>Todos os hor\u00e1rios dos \u00f4nibus do transporte p\u00fablico de Piracicaba podem ser consultados no site tupitransporte.com.br\/linhas-e-horarios. Para mais informa\u00e7\u00f5es, os contatos s\u00e3o pelo telefone 0800 770 35 53 ou pelo WhatsApp (19) 98284-2775.<\/p>\n<\/div>\n<p><br \/>\n<br \/><a href=\"https:\/\/piracicaba.sp.gov.br\/noticias\/linha-de-onibus-223-parque-peoria-passa-a-operar-com-ajustes-de-horarios-a-partir-de-sabado-20-04\/\" rel=\"noopener\">Informa\u00e7\u00f5es PMP <\/a><\/p>\n","protected":false},"excerpt":{"rendered":"<p>O transporte p\u00fablico ter\u00e1 hor\u00e1rios ajustados para atender a regi\u00e3o do Parque Pe\u00f3ria A Prefeitura de Piracicaba, por meio da Semuttran (Secretaria Municipal de Mobilidade Urbana, Tr\u00e2nsito e Transportes), informa que a partir do pr\u00f3ximo s\u00e1bado, 20\/4, a linha de \u00f4nibus do transporte p\u00fablico 223- Parque Pe\u00f3ria passa a operar com ajustes de hor\u00e1rios. A [&hellip;]<\/p>\n","protected":false},"author":1,"featured_media":1963,"comment_status":"open","ping_status":"open","sticky":false,"template":"","format":"standard","meta":{"_jetpack_newsletter_access":"","_jetpack_dont_email_post_to_subs":false,"_jetpack_newsletter_tier_id":0,"_jetpack_memberships_contains_paywalled_content":false,"_mbp_banners":[],"_jetpack_feature_clip_id":0,"_jetpack_memberships_contains_paid_content":false,"footnotes":"","jetpack_publicize_message":"","jetpack_publicize_feature_enabled":true,"jetpack_social_post_already_shared":true,"jetpack_social_options":{"image_generator_settings":{"template":"highway","default_image_id":0,"font":"","enabled":false},"version":2},"jetpack_post_was_ever_published":false},"categories":[20],"tags":[],"class_list":["post-1962","post","type-post","status-publish","format-standard","has-post-thumbnail","category-regiao"],"jetpack_publicize_connections":[],"jetpack-related-posts":[],"jetpack_shortlink":"https:\/\/wp.me\/p7Eq1F-vE","jetpack_sharing_enabled":true,"jetpack_featured_media_url":"https:\/\/i0.wp.com\/guialimeira.com.br\/news\/wp-content\/uploads\/2024\/04\/O-transporte-publico-tera-horarios-ajustados-para-atender-a-regiao-do-Parque-Peoria-1024x687.jpg?fit=1024%2C687&ssl=1","_links":{"self":[{"href":"https:\/\/guialimeira.com.br\/news\/wp-json\/wp\/v2\/posts\/1962","targetHints":{"allow":["GET"]}}],"collection":[{"href":"https:\/\/guialimeira.com.br\/news\/wp-json\/wp\/v2\/posts"}],"about":[{"href":"https:\/\/guialimeira.com.br\/news\/wp-json\/wp\/v2\/types\/post"}],"author":[{"embeddable":true,"href":"https:\/\/guialimeira.com.br\/news\/wp-json\/wp\/v2\/users\/1"}],"replies":[{"embeddable":true,"href":"https:\/\/guialimeira.com.br\/news\/wp-json\/wp\/v2\/comments?post=1962"}],"version-history":[{"count":0,"href":"https:\/\/guialimeira.com.br\/news\/wp-json\/wp\/v2\/posts\/1962\/revisions"}],"wp:featuredmedia":[{"embeddable":true,"href":"https:\/\/guialimeira.com.br\/news\/wp-json\/wp\/v2\/media\/1963"}],"wp:attachment":[{"href":"https:\/\/guialimeira.com.br\/news\/wp-json\/wp\/v2\/media?parent=1962"}],"wp:term":[{"taxonomy":"category","embeddable":true,"href":"https:\/\/guialimeira.com.br\/news\/wp-json\/wp\/v2\/categories?post=1962"},{"taxonomy":"post_tag","embeddable":true,"href":"https:\/\/guialimeira.com.br\/news\/wp-json\/wp\/v2\/tags?post=1962"}],"curies":[{"name":"wp","href":"https:\/\/api.w.org\/{rel}","templated":true}]}}