{"id":19524,"date":"2024-12-24T10:39:24","date_gmt":"2024-12-24T13:39:24","guid":{"rendered":"https:\/\/guialimeira.com.br\/2024\/12\/24\/inss-divulga-calendario-de-pagamentos-para-2025\/"},"modified":"2024-12-24T10:39:24","modified_gmt":"2024-12-24T13:39:24","slug":"inss-divulga-calendario-de-pagamentos-para-2025","status":"publish","type":"post","link":"https:\/\/guialimeira.com.br\/news\/inss-divulga-calendario-de-pagamentos-para-2025\/","title":{"rendered":"INSS divulga calend\u00e1rio de pagamentos para 2025"},"content":{"rendered":"<p> <br \/>\n<\/p>\n<div>\n<p>Os cerca de 40 milh\u00f5es de benefici\u00e1rios do Instituto Nacional do Seguro Social (INSS) j\u00e1 podem conferir a data de pagamento das aposentadorias, dos aux\u00edlios e das pens\u00f5es em 2025. A autarquia divulgou, no \u00faltimo dia 18, o calend\u00e1rio de dep\u00f3sitos para todo o pr\u00f3ximo ano.<img data-recalc-dims=\"1\" decoding=\"async\" src=\"https:\/\/i0.wp.com\/agenciabrasil.ebc.com.br\/ebc.png?w=696&#038;ssl=1\" style=\"width:1px; height:1px; display:inline;\"\/><img data-recalc-dims=\"1\" decoding=\"async\" src=\"https:\/\/i0.wp.com\/agenciabrasil.ebc.com.br\/ebc.gif?w=696&#038;ssl=1\" style=\"width:1px; height:1px; display:inline;\"\/><\/p>\n<p>Os dep\u00f3sitos seguir\u00e3o a sequ\u00eancia de anos anteriores, com um calend\u00e1rio para quem recebe um sal\u00e1rio m\u00ednimo e outro para quem ganha mais de um sal\u00e1rio. Para cada categoria, as datas de pagamento ser\u00e3o determinadas pelo n\u00famero final do cart\u00e3o, sem considerar o d\u00edgito verificador (que vem depois do tra\u00e7o).<\/p>\n<p>A aposentadoria, a pens\u00e3o ou o aux\u00edlio de janeiro ser\u00e3o depositados de 27 de janeiro a 7 de fevereiro para quem ganha um sal\u00e1rio m\u00ednimo. Segurados com renda superior a esse valor receber\u00e3o de 3 a 7 de fevereiro.<\/p>\n<h2>Consulta aos valores<\/h2>\n<p>Os segurados do INSS podem consultar o valor a receber do benef\u00edcio por meio do aplicativo Meu INSS ou pelo site meu.inss.gov.br.<\/p>\n<p>Tamb\u00e9m \u00e9 poss\u00edvel verificar por telefone, ligando na central 135. O usu\u00e1rio deve ligar de segunda-feira a s\u00e1bado das 7h \u00e0s 22h, informando o n\u00famero do Cadastro de Pessoas F\u00edsicas (CPF) e confirmando os dados cadastrais.<\/p>\n<p>Com o reajuste do sal\u00e1rio m\u00ednimo previsto para 1\u00ba de janeiro, o valor reajustado s\u00f3 ser\u00e1 pago entre o fim de janeiro e o in\u00edcio de fevereiro.<\/p>\n<h2>Confira o calend\u00e1rio de pagamento dos benef\u00edcios do INSS em 2025<\/h2>\n<p><strong>Quem recebe at\u00e9 um sal\u00e1rio m\u00ednimo<\/strong><\/p>\n<table border=\"1\" cellpadding=\"1\" cellspacing=\"1\" style=\"width:500px;\">\n<tbody>\n<tr>\n<td>\n<h5>D\u00edgito final do NIS<\/h5>\n<\/td>\n<td>jan\/25<\/td>\n<td>fev\/25<\/td>\n<td>mar\/25<\/td>\n<td>abr\/25<\/td>\n<td>mai\/25<\/td>\n<td>jun\/25<\/td>\n<td>jul\/25<\/td>\n<td>ago\/25<\/td>\n<td>set\/25<\/td>\n<td>out\/25<\/td>\n<td>nov\/25<\/td>\n<td>dez\/25<\/td>\n<\/tr>\n<tr>\n<td>1<\/td>\n<td>27\/jan<\/td>\n<td>24\/fev<\/td>\n<td>25\/mar<\/td>\n<td>24\/abr<\/td>\n<td>26\/mai<\/td>\n<td>24\/jun<\/td>\n<td>25\/jul<\/td>\n<td>25\/ago<\/td>\n<td>24\/set<\/td>\n<td>27\/out<\/td>\n<td>24\/nov<\/td>\n<td>22\/dez<\/td>\n<\/tr>\n<tr>\n<td>2<\/td>\n<td>28\/jan<\/td>\n<td>25\/fev<\/td>\n<td>26\/mar<\/td>\n<td>25\/abr<\/td>\n<td>27\/mai<\/td>\n<td>25\/jun<\/td>\n<td>28\/jul<\/td>\n<td>26\/ago<\/td>\n<td>25\/set<\/td>\n<td>28\/out<\/td>\n<td>25\/nov<\/td>\n<td>23\/dez<\/td>\n<\/tr>\n<tr>\n<td>3<\/td>\n<td>29\/jan<\/td>\n<td>26\/fev<\/td>\n<td>27\/mar<\/td>\n<td>28\/abr<\/td>\n<td>28\/mai<\/td>\n<td>26\/jun<\/td>\n<td>29\/jul<\/td>\n<td>27\/ago<\/td>\n<td>26\/set<\/td>\n<td>29\/out<\/td>\n<td>26\/nov<\/td>\n<td>26\/dez<\/td>\n<\/tr>\n<tr>\n<td>4<\/td>\n<td>30\/jan<\/td>\n<td>27\/fev<\/td>\n<td>28\/mar<\/td>\n<td>29\/abr<\/td>\n<td>29\/mai<\/td>\n<td>27\/jun<\/td>\n<td>30\/jul<\/td>\n<td>28\/ago<\/td>\n<td>29\/set<\/td>\n<td>30\/out<\/td>\n<td>27\/nov<\/td>\n<td>29\/dez<\/td>\n<\/tr>\n<tr>\n<td>5<\/td>\n<td>31\/jan<\/td>\n<td>28\/fev<\/td>\n<td>31\/mar<\/td>\n<td>30\/abr<\/td>\n<td>30\/mai<\/td>\n<td>30\/jun<\/td>\n<td>31\/jul<\/td>\n<td>29\/ago<\/td>\n<td>30\/set<\/td>\n<td>31\/out<\/td>\n<td>28\/nov<\/td>\n<td>30\/dez<\/td>\n<\/tr>\n<tr>\n<td>6<\/td>\n<td>3\/fev<\/td>\n<td>6\/mar<\/td>\n<td>1\/abr<\/td>\n<td>2\/mai<\/td>\n<td>2\/jun<\/td>\n<td>1\/jul<\/td>\n<td>1\/ago<\/td>\n<td>1\/set<\/td>\n<td>1\/out<\/td>\n<td>3\/nov<\/td>\n<td>1\/dez<\/td>\n<td>2\/jan<\/td>\n<\/tr>\n<tr>\n<td>7<\/td>\n<td>4\/fev<\/td>\n<td>7\/mar<\/td>\n<td>2\/abr<\/td>\n<td>5\/mai<\/td>\n<td>3\/jun<\/td>\n<td>2\/jul<\/td>\n<td>4\/ago<\/td>\n<td>2\/set<\/td>\n<td>2\/out<\/td>\n<td>4\/nov<\/td>\n<td>2\/dez<\/td>\n<td>5\/jan<\/td>\n<\/tr>\n<tr>\n<td>8<\/td>\n<td>5\/fev<\/td>\n<td>10\/mar<\/td>\n<td>3\/abr<\/td>\n<td>6\/mai<\/td>\n<td>4\/jun<\/td>\n<td>3\/jul<\/td>\n<td>5\/ago<\/td>\n<td>3\/set<\/td>\n<td>3\/out<\/td>\n<td>5\/nov<\/td>\n<td>3\/dez<\/td>\n<td>6\/jan<\/td>\n<\/tr>\n<tr>\n<td>9<\/td>\n<td>6\/fev<\/td>\n<td>11\/mar<\/td>\n<td>4\/abr<\/td>\n<td>7\/mai<\/td>\n<td>5\/jun<\/td>\n<td>4\/jul<\/td>\n<td>6\/ago<\/td>\n<td>4\/set<\/td>\n<td>6\/out<\/td>\n<td>6\/nov<\/td>\n<td>4\/dez<\/td>\n<td>7\/jan<\/td>\n<\/tr>\n<tr>\n<td>0<\/td>\n<td>7\/fev<\/td>\n<td>12\/mar<\/td>\n<td>7\/abr<\/td>\n<td>8\/mai<\/td>\n<td>6\/jun<\/td>\n<td>7\/jul<\/td>\n<td>7\/ago<\/td>\n<td>5\/set<\/td>\n<td>7\/out<\/td>\n<td>7\/nov<\/td>\n<td>5\/dez<\/td>\n<td>8\/jan<\/td>\n<\/tr>\n<\/tbody>\n<\/table>\n<p>\u00a0<\/p>\n<p><strong>Quem recebe mais de um sal\u00e1rio m\u00ednimo<\/strong><\/p>\n<p>\u00a0<\/p>\n<table border=\"1\" cellpadding=\"1\" cellspacing=\"1\" style=\"width:500px;\">\n<tbody>\n<tr>\n<td>\n<h5>Digito final do NIS<\/h5>\n<\/td>\n<td>jan\/25<\/td>\n<td>fev\/25<\/td>\n<td>mar\/25<\/td>\n<td>abr\/25<\/td>\n<td>mai\/25<\/td>\n<td>jun\/25<\/td>\n<td>jul\/25<\/td>\n<td>ago\/25<\/td>\n<td>set\/25<\/td>\n<td>out\/25<\/td>\n<td>nov\/25<\/td>\n<td>dez\/25<\/td>\n<\/tr>\n<tr>\n<td>1 e 6<\/td>\n<td>3\/fev<\/td>\n<td>6\/mar<\/td>\n<td>1\/abr<\/td>\n<td>2\/mai<\/td>\n<td>2\/jun<\/td>\n<td>1\/jul<\/td>\n<td>1\/ago<\/td>\n<td>1\/set<\/td>\n<td>1\/out<\/td>\n<td>3\/nov<\/td>\n<td>1\/dez<\/td>\n<td>2\/jan<\/td>\n<\/tr>\n<tr>\n<td>2 e 7<\/td>\n<td>4\/fev<\/td>\n<td>7\/mar<\/td>\n<td>2\/abr<\/td>\n<td>5\/mai<\/td>\n<td>3\/jun<\/td>\n<td>2\/jul<\/td>\n<td>4\/ago<\/td>\n<td>2\/set<\/td>\n<td>2\/out<\/td>\n<td>4\/nov<\/td>\n<td>2\/dez<\/td>\n<td>5\/jan<\/td>\n<\/tr>\n<tr>\n<td>3 e 8<\/td>\n<td>5\/fev<\/td>\n<td>10\/mar<\/td>\n<td>3\/abr<\/td>\n<td>6\/mai<\/td>\n<td>4\/jun<\/td>\n<td>3\/jul<\/td>\n<td>5\/ago<\/td>\n<td>3\/set<\/td>\n<td>3\/out<\/td>\n<td>5\/nov<\/td>\n<td>3\/dez<\/td>\n<td>6\/jan<\/td>\n<\/tr>\n<tr>\n<td>4 e 9<\/td>\n<td>6\/fev<\/td>\n<td>11\/mar<\/td>\n<td>4\/abr<\/td>\n<td>7\/mai<\/td>\n<td>5\/jun<\/td>\n<td>4\/jul<\/td>\n<td>6\/ago<\/td>\n<td>4\/set<\/td>\n<td>6\/out<\/td>\n<td>6\/nov<\/td>\n<td>4\/dez<\/td>\n<td>7\/jan<\/td>\n<\/tr>\n<tr>\n<td>5 e 0<\/td>\n<td>7\/fev<\/td>\n<td>12\/mar<\/td>\n<td>7\/abr<\/td>\n<td>8\/mai<\/td>\n<td>6\/jun<\/td>\n<td>7\/jul<\/td>\n<td>7\/ago<\/td>\n<td>5\/set<\/td>\n<td>7\/out<\/td>\n<td>7\/nov<\/td>\n<td>5\/dez<\/td>\n<td>8\/jan<\/td>\n<\/tr>\n<\/tbody>\n<\/table>\n<p><em>Fonte: Minist\u00e9rio da Previd\u00eancia Social<\/em><\/p>\n<p>\u00a0<\/p>\n<p>      <!-- Relacionada --><br \/>\n            <!-- Relacionada -->\n    <\/div>\n<p><br \/>\n<br \/><a href=\"https:\/\/agenciabrasil.ebc.com.br\/economia\/noticia\/2024-12\/inss-divulga-calendario-de-pagamentos-para-2025\" rel=\"noopener\">Ag\u00eancia Brasil<\/a><\/p>\n","protected":false},"excerpt":{"rendered":"<p>Os cerca de 40 milh\u00f5es de benefici\u00e1rios do Instituto Nacional do Seguro Social (INSS) j\u00e1 podem conferir a data de pagamento das aposentadorias, dos aux\u00edlios e das pens\u00f5es em 2025. A autarquia divulgou, no \u00faltimo dia 18, o calend\u00e1rio de dep\u00f3sitos para todo o pr\u00f3ximo ano. Os dep\u00f3sitos seguir\u00e3o a sequ\u00eancia de anos anteriores, com [&hellip;]<\/p>\n","protected":false},"author":1,"featured_media":19525,"comment_status":"open","ping_status":"open","sticky":false,"template":"","format":"standard","meta":{"_jetpack_newsletter_access":"","_jetpack_dont_email_post_to_subs":false,"_jetpack_newsletter_tier_id":0,"_jetpack_memberships_contains_paywalled_content":false,"_mbp_banners":[],"_jetpack_feature_clip_id":0,"_jetpack_memberships_contains_paid_content":false,"footnotes":"","jetpack_publicize_message":"","jetpack_publicize_feature_enabled":true,"jetpack_social_post_already_shared":true,"jetpack_social_options":{"image_generator_settings":{"template":"highway","default_image_id":0,"font":"","enabled":false},"version":2},"jetpack_post_was_ever_published":false},"categories":[24],"tags":[],"class_list":["post-19524","post","type-post","status-publish","format-standard","has-post-thumbnail","category-economia"],"jetpack_publicize_connections":[],"jetpack-related-posts":[],"jetpack_shortlink":"https:\/\/wp.me\/p7Eq1F-54U","jetpack_sharing_enabled":true,"jetpack_featured_media_url":"https:\/\/i0.wp.com\/guialimeira.com.br\/news\/wp-content\/uploads\/2024\/12\/mc_21.08.2020_002_previdencia_socialsantos_fc231082200890.jpg?fit=1600%2C800&ssl=1","_links":{"self":[{"href":"https:\/\/guialimeira.com.br\/news\/wp-json\/wp\/v2\/posts\/19524","targetHints":{"allow":["GET"]}}],"collection":[{"href":"https:\/\/guialimeira.com.br\/news\/wp-json\/wp\/v2\/posts"}],"about":[{"href":"https:\/\/guialimeira.com.br\/news\/wp-json\/wp\/v2\/types\/post"}],"author":[{"embeddable":true,"href":"https:\/\/guialimeira.com.br\/news\/wp-json\/wp\/v2\/users\/1"}],"replies":[{"embeddable":true,"href":"https:\/\/guialimeira.com.br\/news\/wp-json\/wp\/v2\/comments?post=19524"}],"version-history":[{"count":0,"href":"https:\/\/guialimeira.com.br\/news\/wp-json\/wp\/v2\/posts\/19524\/revisions"}],"wp:featuredmedia":[{"embeddable":true,"href":"https:\/\/guialimeira.com.br\/news\/wp-json\/wp\/v2\/media\/19525"}],"wp:attachment":[{"href":"https:\/\/guialimeira.com.br\/news\/wp-json\/wp\/v2\/media?parent=19524"}],"wp:term":[{"taxonomy":"category","embeddable":true,"href":"https:\/\/guialimeira.com.br\/news\/wp-json\/wp\/v2\/categories?post=19524"},{"taxonomy":"post_tag","embeddable":true,"href":"https:\/\/guialimeira.com.br\/news\/wp-json\/wp\/v2\/tags?post=19524"}],"curies":[{"name":"wp","href":"https:\/\/api.w.org\/{rel}","templated":true}]}}