{"id":19517,"date":"2024-12-23T20:24:57","date_gmt":"2024-12-23T23:24:57","guid":{"rendered":"https:\/\/guialimeira.com.br\/2024\/12\/23\/dolar-sobe-para-r-618-influenciado-pelo-cenario-externo\/"},"modified":"2024-12-23T20:24:57","modified_gmt":"2024-12-23T23:24:57","slug":"dolar-sobe-para-r-618-influenciado-pelo-cenario-externo","status":"publish","type":"post","link":"https:\/\/guialimeira.com.br\/news\/dolar-sobe-para-r-618-influenciado-pelo-cenario-externo\/","title":{"rendered":"D\u00f3lar sobe para R$ 6,18 influenciado pelo cen\u00e1rio externo"},"content":{"rendered":"<p> <br \/>\n<\/p>\n<div>\n<p>Num dia de pouca liquidez no Brasil e turbul\u00eancias no exterior, o d\u00f3lar voltou a aproximar-se de R$ 6,20. A bolsa caiu mais de 1% e atingiu o menor n\u00edvel em mais de seis meses.<img data-recalc-dims=\"1\" decoding=\"async\" src=\"https:\/\/i0.wp.com\/agenciabrasil.ebc.com.br\/ebc.png?w=696&#038;ssl=1\" style=\"width:1px; height:1px; display:inline;\"\/><img data-recalc-dims=\"1\" decoding=\"async\" src=\"https:\/\/i0.wp.com\/agenciabrasil.ebc.com.br\/ebc.gif?w=696&#038;ssl=1\" style=\"width:1px; height:1px; display:inline;\"\/><\/p>\n<p>O d\u00f3lar comercial encerrou esta segunda-feira (23) vendido a R$ 6,186, com alta de R$ 0,114 (+1,87%). A cota\u00e7\u00e3o abriu em R$ 6,11 e subiu durante toda a sess\u00e3o. Na m\u00e1xima do dia, por volta das 15h30, chegou a R$ 6,20.<\/p>\n<p>Diferentemente dos \u00faltimos dias, o Banco Central (BC) n\u00e3o interveio no c\u00e2mbio. Ap\u00f3s o fechamento do mercado, a autoridade monet\u00e1ria anunciou a venda de US$ 3 bilh\u00f5es \u00e0 vista na quinta-feira (26). O dinheiro sair\u00e1 das reservas internacionais e, diferentemente dos leil\u00f5es de linha, n\u00e3o ser\u00e1 recomprado de volta pelo BC.<\/p>\n<p>No mercado de a\u00e7\u00f5es, o dia tamb\u00e9m foi tenso. O \u00edndice Ibovespa, da B3, tamb\u00e9m teve um dia tenso e fechou aos 120.767 pontos, no menor n\u00edvel desde 1,09%. O indicador est\u00e1 no menor n\u00edvel desde 20 de junho.<\/p>\n<p>Com o recesso parlamentar no Brasil e poucos dias \u00fateis na semana, o mercado financeiro teve um dia de pouco volume, sendo influenciado principalmente pelo cen\u00e1rio internacional. O d\u00f3lar fortaleceu-se em todo o planeta, com os investidores ainda digerindo o comunicado da reuni\u00e3o do Federal Reserve (Fed, Banco Central norte-americano), que indicou menos cortes no pr\u00f3ximo ano nos Estados Unidos.<\/p>\n<p>No Brasil, o c\u00e2mbio tamb\u00e9m foi influenciado pela sa\u00edda de recursos t\u00edpica do fim de cada trimestre, em que as multinacionais repassam os lucros ao exterior.<\/p>\n<p>A divulga\u00e7\u00e3o do boletim Focus, pesquisa semanal com institui\u00e7\u00f5es financeiras, indicou <a href=\"https:\/\/agenciabrasil.ebc.com.br\/economia\/noticia\/2024-12\/mercado-eleva-para-349-projecao-de-expansao-da-economia-em-2024\" target=\"_blank\" rel=\"noopener\">piora nas expectativas de infla\u00e7\u00e3o e de juros para 2025<\/a>. Isso interferiu em alta nas taxas futuras de juros, contribuindo para a queda da bolsa.<\/p>\n<p><em>* Com informa\u00e7\u00f5es da Reuters<\/em><\/p>\n<p>\u00a0<\/p>\n<p>      <!-- Relacionada --><\/p>\n<p>            <!-- Relacionada -->\n    <\/div>\n<p><br \/>\n<br \/><a href=\"https:\/\/agenciabrasil.ebc.com.br\/economia\/noticia\/2024-12\/dolar-sobe-para-r-618-influenciado-pelo-cenario-externo\" rel=\"noopener\">Ag\u00eancia Brasil<\/a><\/p>\n","protected":false},"excerpt":{"rendered":"<p>Num dia de pouca liquidez no Brasil e turbul\u00eancias no exterior, o d\u00f3lar voltou a aproximar-se de R$ 6,20. A bolsa caiu mais de 1% e atingiu o menor n\u00edvel em mais de seis meses. O d\u00f3lar comercial encerrou esta segunda-feira (23) vendido a R$ 6,186, com alta de R$ 0,114 (+1,87%). A cota\u00e7\u00e3o abriu [&hellip;]<\/p>\n","protected":false},"author":1,"featured_media":8418,"comment_status":"open","ping_status":"open","sticky":false,"template":"","format":"standard","meta":{"_jetpack_newsletter_access":"","_jetpack_dont_email_post_to_subs":false,"_jetpack_newsletter_tier_id":0,"_jetpack_memberships_contains_paywalled_content":false,"_mbp_banners":[],"_jetpack_feature_clip_id":0,"_jetpack_memberships_contains_paid_content":false,"footnotes":"","jetpack_publicize_message":"","jetpack_publicize_feature_enabled":true,"jetpack_social_post_already_shared":true,"jetpack_social_options":{"image_generator_settings":{"template":"highway","default_image_id":0,"font":"","enabled":false},"version":2},"jetpack_post_was_ever_published":false},"categories":[24],"tags":[],"class_list":["post-19517","post","type-post","status-publish","format-standard","has-post-thumbnail","category-economia"],"jetpack_publicize_connections":[],"jetpack-related-posts":[],"jetpack_shortlink":"https:\/\/wp.me\/p7Eq1F-54N","jetpack_sharing_enabled":true,"jetpack_featured_media_url":"https:\/\/i0.wp.com\/guialimeira.com.br\/news\/wp-content\/uploads\/2024\/06\/05102020dolar1381.jpg?fit=1600%2C800&ssl=1","_links":{"self":[{"href":"https:\/\/guialimeira.com.br\/news\/wp-json\/wp\/v2\/posts\/19517","targetHints":{"allow":["GET"]}}],"collection":[{"href":"https:\/\/guialimeira.com.br\/news\/wp-json\/wp\/v2\/posts"}],"about":[{"href":"https:\/\/guialimeira.com.br\/news\/wp-json\/wp\/v2\/types\/post"}],"author":[{"embeddable":true,"href":"https:\/\/guialimeira.com.br\/news\/wp-json\/wp\/v2\/users\/1"}],"replies":[{"embeddable":true,"href":"https:\/\/guialimeira.com.br\/news\/wp-json\/wp\/v2\/comments?post=19517"}],"version-history":[{"count":0,"href":"https:\/\/guialimeira.com.br\/news\/wp-json\/wp\/v2\/posts\/19517\/revisions"}],"wp:featuredmedia":[{"embeddable":true,"href":"https:\/\/guialimeira.com.br\/news\/wp-json\/wp\/v2\/media\/8418"}],"wp:attachment":[{"href":"https:\/\/guialimeira.com.br\/news\/wp-json\/wp\/v2\/media?parent=19517"}],"wp:term":[{"taxonomy":"category","embeddable":true,"href":"https:\/\/guialimeira.com.br\/news\/wp-json\/wp\/v2\/categories?post=19517"},{"taxonomy":"post_tag","embeddable":true,"href":"https:\/\/guialimeira.com.br\/news\/wp-json\/wp\/v2\/tags?post=19517"}],"curies":[{"name":"wp","href":"https:\/\/api.w.org\/{rel}","templated":true}]}}