{"id":19507,"date":"2024-12-23T18:22:55","date_gmt":"2024-12-23T21:22:55","guid":{"rendered":"https:\/\/guialimeira.com.br\/2024\/12\/23\/alckmin-essencia-do-pacote-fiscal-foi-aprovada-e-vai-zerar-deficit\/"},"modified":"2024-12-23T18:22:55","modified_gmt":"2024-12-23T21:22:55","slug":"alckmin-essencia-do-pacote-fiscal-foi-aprovada-e-vai-zerar-deficit","status":"publish","type":"post","link":"https:\/\/guialimeira.com.br\/news\/alckmin-essencia-do-pacote-fiscal-foi-aprovada-e-vai-zerar-deficit\/","title":{"rendered":"Alckmin: ess\u00eancia do pacote fiscal foi aprovada e vai zerar d\u00e9ficit"},"content":{"rendered":"<p> <br \/>\n<\/p>\n<div>\n<p>O vice-presidente da Rep\u00fablica e ministro do Desenvolvimento, Ind\u00fastria, Com\u00e9rcio e Servi\u00e7os, Geraldo Alckmin (PSB), afirmou nesta segunda-feira (23) que, mesmo com altera\u00e7\u00f5es do Congresso Nacional, as medidas do pacote fiscal apresentadas pelo Executivo foram amplamente aprovadas, o que deve zerar o d\u00e9ficit nas contas p\u00fablicas em 2025, que \u00e9 a meta estabelecida pelo governo.\u00a0<\/p>\n<p>&#8220;Eu entendo que a aprova\u00e7\u00e3o, pelo Congresso Nacional, das propostas do governo para zerar o d\u00e9ficit foram importantes. N\u00e3o foi aprovado exatamente que o governo mandou, mas foi aprovada a parte mais significativa para n\u00e3o ter d\u00e9ficit. N\u00e3o tendo d\u00e9ficit, a gente deve ter juros menores e crescimento da economia maior&#8221;, disse o vice-presidente \u00e0 <strong>Ag\u00eancia Brasil<\/strong>, depois de participar da grava\u00e7\u00e3o de um programa no <strong>CanalGov, <\/strong>da<strong> Empresa Brasil de Comunica\u00e7\u00e3o <\/strong>(<strong>EBC<\/strong>).<img data-recalc-dims=\"1\" decoding=\"async\" src=\"https:\/\/i0.wp.com\/agenciabrasil.ebc.com.br\/ebc.png?w=696&#038;ssl=1\" style=\"width:1px; height:1px; display:inline;\"\/><img data-recalc-dims=\"1\" decoding=\"async\" src=\"https:\/\/i0.wp.com\/agenciabrasil.ebc.com.br\/ebc.gif?w=696&#038;ssl=1\" style=\"width:1px; height:1px; display:inline;\"\/><\/p>\n<p>Ap\u00f3s a conclus\u00e3o de uma <a href=\"https:\/\/agenciabrasil.ebc.com.br\/politica\/noticia\/2024-12\/congresso-promulga-emenda-constituicao-para-cortar-gastos-do-governo\" target=\"_blank\" rel=\"noopener\">maratona de vota\u00e7\u00f5es<\/a> na semana passada, de um pacote com tr\u00eas medidas legislativas, incluindo um projeto de lei complementar e uma proposta de emenda \u00e0 Constitui\u00e7\u00e3o, a estimativa de economia de gastos foi reduzida em R$ 2,1 bilh\u00f5es, segundo c\u00e1lculos do Minist\u00e9rio da Fazenda. Isso ocorreu por causa das mudan\u00e7as promovidas pelos parlamentares, que reduziram o alcance de algumas medidas.<\/p>\n<p>A previs\u00e3o inicial da pasta era de que as medidas fiscais teriam capacidade de economizar R$ 71,9 bilh\u00f5es em dois anos, mas o valor deve ficar em R$ 69,8 bilh\u00f5es, entre 2025 e 2026.<\/p>\n<h2>Infla\u00e7\u00e3o e juros<\/h2>\n<p>Perguntado sobre a infla\u00e7\u00e3o, que deve encerrar o ano um pouco acima do teto da meta, Alckmin ponderou que vem sendo puxada, no segundo semestre, pela eleva\u00e7\u00e3o no pre\u00e7o dos alimentos, ainda em decorr\u00eancia da seca da \u00faltima safra. O vice-presidente tamb\u00e9m criticou o aumento da taxa b\u00e1sica de juros, a Selic, como forma de combater uma infla\u00e7\u00e3o causada por intemp\u00e9rie clim\u00e1tica, e comparou a postura do Banco Central do Brasil com a do Federal Reserve (Fed), o BC dos Estados Unidos.<\/p>\n<p>&#8220;A infla\u00e7\u00e3o, no segundo semestre, foi muito de alimento, em raz\u00e3o da seca que n\u00f3s tivemos. Por que o pre\u00e7o do caf\u00e9 aumentou? Seca e calor. N\u00e3o adianta aumentar juros, ent\u00e3o o Fed, o Banco Central americano, exclui energia e alimenta\u00e7\u00e3o no estudo e no c\u00e1lculo da quest\u00e3o inflacion\u00e1ria. Eu acho que n\u00f3s vamos ter um ano muito bom \u2013 at\u00e9 agora, todo o cen\u00e1rio \u00e9 positivo para o ano que vem em termos de clima. Por isso, a expectativa de aumento de produ\u00e7\u00e3o agr\u00edcola deve passar de 6% ano que vem, [exatamente] 5,8% a mais. Uma produ\u00e7\u00e3o mais robusta \u00e9 mais emprego e queda de pre\u00e7o&#8221;, observou o vice-presidente.<\/p>\n<p>H\u00e1 duas semanas, o Comit\u00ea de Pol\u00edtica Monet\u00e1ria (Copom) do BC voltou a elevar a taxa Selic, desta vez em um ponto percentual, para 12,25%, em decis\u00e3o un\u00e2nime dos diretores da institui\u00e7\u00e3o. A alta do d\u00f3lar e as incertezas em torno da infla\u00e7\u00e3o e da economia global foram as principais raz\u00f5es alegadas pelo Copom para endurecer os juros. \u00a0<\/p>\n<p>&#8220;Todos os pa\u00edses emergentes, como n\u00f3s, tiveram uma desvaloriza\u00e7\u00e3o das suas moedas, e o d\u00f3lar aumentou. Por guerras, geopol\u00edtica, mas, no que depende de n\u00f3s, acho que podemos ter um cen\u00e1rio melhor, com bom ajuste fiscal&#8221;, acrescentou Alckmin.<\/p>\n<p>A previs\u00e3o do mercado financeiro para o \u00cdndice Nacional de Pre\u00e7os ao Consumidor Amplo (IPCA) \u2013 considerada a infla\u00e7\u00e3o oficial do pa\u00eds \u2013 em 2024 passou de 4,89% para 4,91%. A <a href=\"https:\/\/agenciabrasil.ebc.com.br\/economia\/noticia\/2024-12\/mercado-eleva-para-349-projecao-de-expansao-da-economia-em-2024\" target=\"_blank\" rel=\"noopener\">avalia\u00e7\u00e3o <\/a>consta na edi\u00e7\u00e3o do Boletim Focus, desta segunda. A previs\u00e3o do crescimento da economia brasileira neste ano tamb\u00e9m subiu, passando de 3,42% para 3,49%.<\/p>\n<h2>Mercosul-Uni\u00e3o Europeia<\/h2>\n<p>O vice-presidente ainda comentou a expectativa de internaliza\u00e7\u00e3o do <a href=\"https:\/\/agenciabrasil.ebc.com.br\/economia\/noticia\/2024-12\/mercosul-e-uniao-europeia-firmam-acordo-comercial-negociado-ha-25-anos\" target=\"_blank\" rel=\"noopener\">acordo entre Uni\u00e3o Europeia e Mercosul<\/a>, cujos termos finais foram assinados no in\u00edcio de dezembro, ap\u00f3s mais de 25 anos de negocia\u00e7\u00e3o. Para entrar em vigor, no entanto, o tratado ainda precisa percorrer um longo caminho formal, que inclui revis\u00e3o legal e aprova\u00e7\u00e3o interna pelos parlamentos dos 31 pa\u00edses envolvidos (27 europeus e quatros sul-americanos), entre outras etapas.<\/p>\n<p>&#8220;Eu diria que o mais importante j\u00e1 foi feito, ele [o acordo] n\u00e3o pode ser alterado mais, n\u00e3o se discutem mais os termos do acordo. Agora, \u00e9 avan\u00e7ar na internaliza\u00e7\u00e3o do acordo que \u00e9 muito positivo. Com\u00e9rcio exterior \u00e9 emprego na veia, s\u00e3o empresas que v\u00e3o vender mais, v\u00e3o contratar mais, v\u00e3o conquistar mais mercados.&#8221;<\/p>\n<p>      <!-- Relacionada --><\/p>\n<p>            <!-- Relacionada -->\n    <\/div>\n<p><br \/>\n<br \/><a href=\"https:\/\/agenciabrasil.ebc.com.br\/economia\/noticia\/2024-12\/alckmin-essencia-do-pacote-fiscal-foi-aprovada-e-vai-zerar-deficit\" rel=\"noopener\">Ag\u00eancia Brasil<\/a><\/p>\n","protected":false},"excerpt":{"rendered":"<p>O vice-presidente da Rep\u00fablica e ministro do Desenvolvimento, Ind\u00fastria, Com\u00e9rcio e Servi\u00e7os, Geraldo Alckmin (PSB), afirmou nesta segunda-feira (23) que, mesmo com altera\u00e7\u00f5es do Congresso Nacional, as medidas do pacote fiscal apresentadas pelo Executivo foram amplamente aprovadas, o que deve zerar o d\u00e9ficit nas contas p\u00fablicas em 2025, que \u00e9 a meta estabelecida pelo governo.\u00a0 [&hellip;]<\/p>\n","protected":false},"author":1,"featured_media":19508,"comment_status":"open","ping_status":"open","sticky":false,"template":"","format":"standard","meta":{"_jetpack_newsletter_access":"","_jetpack_dont_email_post_to_subs":false,"_jetpack_newsletter_tier_id":0,"_jetpack_memberships_contains_paywalled_content":false,"_mbp_banners":[],"_jetpack_feature_clip_id":0,"_jetpack_memberships_contains_paid_content":false,"footnotes":"","jetpack_publicize_message":"","jetpack_publicize_feature_enabled":true,"jetpack_social_post_already_shared":true,"jetpack_social_options":{"image_generator_settings":{"template":"highway","default_image_id":0,"font":"","enabled":false},"version":2},"jetpack_post_was_ever_published":false},"categories":[24],"tags":[],"class_list":["post-19507","post","type-post","status-publish","format-standard","has-post-thumbnail","category-economia"],"jetpack_publicize_connections":[],"jetpack-related-posts":[],"jetpack_shortlink":"https:\/\/wp.me\/p7Eq1F-54D","jetpack_sharing_enabled":true,"jetpack_featured_media_url":"https:\/\/i0.wp.com\/guialimeira.com.br\/news\/wp-content\/uploads\/2024\/12\/mg_4746.jpg?fit=1600%2C800&ssl=1","_links":{"self":[{"href":"https:\/\/guialimeira.com.br\/news\/wp-json\/wp\/v2\/posts\/19507","targetHints":{"allow":["GET"]}}],"collection":[{"href":"https:\/\/guialimeira.com.br\/news\/wp-json\/wp\/v2\/posts"}],"about":[{"href":"https:\/\/guialimeira.com.br\/news\/wp-json\/wp\/v2\/types\/post"}],"author":[{"embeddable":true,"href":"https:\/\/guialimeira.com.br\/news\/wp-json\/wp\/v2\/users\/1"}],"replies":[{"embeddable":true,"href":"https:\/\/guialimeira.com.br\/news\/wp-json\/wp\/v2\/comments?post=19507"}],"version-history":[{"count":0,"href":"https:\/\/guialimeira.com.br\/news\/wp-json\/wp\/v2\/posts\/19507\/revisions"}],"wp:featuredmedia":[{"embeddable":true,"href":"https:\/\/guialimeira.com.br\/news\/wp-json\/wp\/v2\/media\/19508"}],"wp:attachment":[{"href":"https:\/\/guialimeira.com.br\/news\/wp-json\/wp\/v2\/media?parent=19507"}],"wp:term":[{"taxonomy":"category","embeddable":true,"href":"https:\/\/guialimeira.com.br\/news\/wp-json\/wp\/v2\/categories?post=19507"},{"taxonomy":"post_tag","embeddable":true,"href":"https:\/\/guialimeira.com.br\/news\/wp-json\/wp\/v2\/tags?post=19507"}],"curies":[{"name":"wp","href":"https:\/\/api.w.org\/{rel}","templated":true}]}}