{"id":1947,"date":"2024-04-19T10:31:43","date_gmt":"2024-04-19T13:31:43","guid":{"rendered":"https:\/\/guialimeira.com.br\/2024\/04\/19\/1o-fastfood-da-catedral-une-gastronomia-e-musica-no-centro-portal-do-municipio-de-piracicaba\/"},"modified":"2024-04-19T10:31:43","modified_gmt":"2024-04-19T13:31:43","slug":"1o-fastfood-da-catedral-une-gastronomia-e-musica-no-centro-portal-do-municipio-de-piracicaba","status":"publish","type":"post","link":"https:\/\/guialimeira.com.br\/news\/1o-fastfood-da-catedral-une-gastronomia-e-musica-no-centro-portal-do-municipio-de-piracicaba\/","title":{"rendered":"1\u00ba FastFood da Catedral une gastronomia e m\u00fasica no Centro \u2013 Portal do Munic\u00edpio de Piracicaba"},"content":{"rendered":"<p> <br \/>\n<\/p>\n<div>\n<figure class=\"text-center\">\n<img data-recalc-dims=\"1\" width=\"696\" height=\"398\" src=\"https:\/\/i0.wp.com\/piracicaba.sp.gov.br\/wp-content\/uploads\/2024\/04\/Lanche-e-uma-das-opcoes-grastronomicas-do-evento-1024x585.jpg?resize=696%2C398&#038;ssl=1\" class=\"img-fluid img-thumbnail border-1 wp-post-image\" alt=\"Lanche \u00e9 uma das op\u00e7\u00f5es grastronomicas do evento\" itemprop=\"image\" decoding=\"async\" fetchpriority=\"high\" srcset=\"https:\/\/piracicaba.sp.gov.br\/wp-content\/uploads\/2024\/04\/Lanche-e-uma-das-opcoes-grastronomicas-do-evento-1024x585.jpg 1024w, https:\/\/piracicaba.sp.gov.br\/wp-content\/uploads\/2024\/04\/Lanche-e-uma-das-opcoes-grastronomicas-do-evento-300x171.jpg 300w, https:\/\/piracicaba.sp.gov.br\/wp-content\/uploads\/2024\/04\/Lanche-e-uma-das-opcoes-grastronomicas-do-evento-768x439.jpg 768w, https:\/\/piracicaba.sp.gov.br\/wp-content\/uploads\/2024\/04\/Lanche-e-uma-das-opcoes-grastronomicas-do-evento.jpg 1500w\" sizes=\"(max-width: 1024px) 100vw, 1024px\"\/><figcaption class=\"text-center small fw-bold fst-italic mt-1\">Lanche \u00e9 uma das op\u00e7\u00f5es grastronomicas do evento<\/figcaption><\/figure>\n<p>Com apoio da Prefeitura, por meio da Semac (Secretaria Municipal da A\u00e7\u00e3o Cultural), a pra\u00e7a Jos\u00e9 Bonif\u00e1cio, no Centro, recebe o 1\u00ba FastFood da Catedral, que une gastronomia e m\u00fasica durante quatro dias. O evento come\u00e7a hoje, quinta-feira, 18\/04, e segue at\u00e9 domingo. Hoje, 18\/04, sexta, 19\/04 e s\u00e1bado, 20\/04, \u00e9 das 18h \u00e0s 22h. No \u00faltimo dia, domingo, 21\/04, ser\u00e1 das 12h \u00e0s 20h.<\/p>\n<p>O 1\u00ba FastFood da Catedral ter\u00e1 diversas op\u00e7\u00f5es gastron\u00f4micas, como espetinhos, lanches, hot dog, caldo de cana e pastel, churros, crepes e bebidas. Tamb\u00e9m haver\u00e1 \u00e1rea kids.<\/p>\n<p>Na parte musical, o grupo de samba Baga\u00e7o da Laranja \u00e9 a primeira atra\u00e7\u00e3o do 1\u00ba FastFood da Catedral, com show das 19h \u00e0s 22h desta quinta-feira. Na sexta, tamb\u00e9m das 19h \u00e0s 22h, tem a banda Cat Back com flash back rock. No s\u00e1bado, 20\/04, das 19h \u00e0s 22h, tem Os Londrinos com setlist de pop e rock internacional.<\/p>\n<figure class=\"wp-block-image size-full\"><img data-recalc-dims=\"1\" loading=\"lazy\" decoding=\"async\" width=\"696\" height=\"464\" src=\"https:\/\/i0.wp.com\/piracicaba.sp.gov.br\/wp-content\/uploads\/2024\/04\/Os-Londrinos-se-apresentam-no-sabado-20.jpg?resize=696%2C464&#038;ssl=1\" alt=\"Os Londrinos se apresentam no s\u00e1bado, 20\" class=\"wp-image-77367\" srcset=\"https:\/\/piracicaba.sp.gov.br\/wp-content\/uploads\/2024\/04\/Os-Londrinos-se-apresentam-no-sabado-20.jpg 1024w, https:\/\/piracicaba.sp.gov.br\/wp-content\/uploads\/2024\/04\/Os-Londrinos-se-apresentam-no-sabado-20-300x200.jpg 300w, https:\/\/piracicaba.sp.gov.br\/wp-content\/uploads\/2024\/04\/Os-Londrinos-se-apresentam-no-sabado-20-768x512.jpg 768w\" sizes=\"auto, (max-width: 1024px) 100vw, 1024px\"\/><figcaption class=\"wp-element-caption\"><strong><em>Os Londrinos se apresentam no s\u00e1bado, 20<\/em><\/strong><\/figcaption><\/figure>\n<p>J\u00e1 no domingo, 21\/04, o 1\u00ba FastFood da Catedral ter\u00e1 tr\u00eas shows: a dupla sertaneja Jean Carlos e Alex, das 12h \u00e0s 15h; o grupo de pagode Samba e Prosa, das 15h \u00e0s 18h; e a cantora Larissa Alves, com repert\u00f3rio de diversos g\u00eaneros musicais, das 18h15 at\u00e9 o final da festa.<\/p>\n<\/div>\n<p><br \/>\n<br \/><a href=\"https:\/\/piracicaba.sp.gov.br\/noticias\/1o-fastfood-da-catedral-une-gastronomia-e-musica-no-centro\/\" rel=\"noopener\">Informa\u00e7\u00f5es PMP <\/a><\/p>\n","protected":false},"excerpt":{"rendered":"<p>Lanche \u00e9 uma das op\u00e7\u00f5es grastronomicas do evento Com apoio da Prefeitura, por meio da Semac (Secretaria Municipal da A\u00e7\u00e3o Cultural), a pra\u00e7a Jos\u00e9 Bonif\u00e1cio, no Centro, recebe o 1\u00ba FastFood da Catedral, que une gastronomia e m\u00fasica durante quatro dias. O evento come\u00e7a hoje, quinta-feira, 18\/04, e segue at\u00e9 domingo. Hoje, 18\/04, sexta, 19\/04 [&hellip;]<\/p>\n","protected":false},"author":1,"featured_media":1948,"comment_status":"open","ping_status":"open","sticky":false,"template":"","format":"standard","meta":{"_jetpack_newsletter_access":"","_jetpack_dont_email_post_to_subs":false,"_jetpack_newsletter_tier_id":0,"_jetpack_memberships_contains_paywalled_content":false,"_mbp_banners":[],"_jetpack_feature_clip_id":0,"_jetpack_memberships_contains_paid_content":false,"footnotes":"","jetpack_publicize_message":"","jetpack_publicize_feature_enabled":true,"jetpack_social_post_already_shared":true,"jetpack_social_options":{"image_generator_settings":{"template":"highway","default_image_id":0,"font":"","enabled":false},"version":2},"jetpack_post_was_ever_published":false},"categories":[20],"tags":[],"class_list":["post-1947","post","type-post","status-publish","format-standard","has-post-thumbnail","category-regiao"],"jetpack_publicize_connections":[],"jetpack-related-posts":[],"jetpack_shortlink":"https:\/\/wp.me\/p7Eq1F-vp","jetpack_sharing_enabled":true,"jetpack_featured_media_url":"https:\/\/i0.wp.com\/guialimeira.com.br\/news\/wp-content\/uploads\/2024\/04\/Lanche-e-uma-das-opcoes-grastronomicas-do-evento.jpg?fit=1500%2C857&ssl=1","_links":{"self":[{"href":"https:\/\/guialimeira.com.br\/news\/wp-json\/wp\/v2\/posts\/1947","targetHints":{"allow":["GET"]}}],"collection":[{"href":"https:\/\/guialimeira.com.br\/news\/wp-json\/wp\/v2\/posts"}],"about":[{"href":"https:\/\/guialimeira.com.br\/news\/wp-json\/wp\/v2\/types\/post"}],"author":[{"embeddable":true,"href":"https:\/\/guialimeira.com.br\/news\/wp-json\/wp\/v2\/users\/1"}],"replies":[{"embeddable":true,"href":"https:\/\/guialimeira.com.br\/news\/wp-json\/wp\/v2\/comments?post=1947"}],"version-history":[{"count":0,"href":"https:\/\/guialimeira.com.br\/news\/wp-json\/wp\/v2\/posts\/1947\/revisions"}],"wp:featuredmedia":[{"embeddable":true,"href":"https:\/\/guialimeira.com.br\/news\/wp-json\/wp\/v2\/media\/1948"}],"wp:attachment":[{"href":"https:\/\/guialimeira.com.br\/news\/wp-json\/wp\/v2\/media?parent=1947"}],"wp:term":[{"taxonomy":"category","embeddable":true,"href":"https:\/\/guialimeira.com.br\/news\/wp-json\/wp\/v2\/categories?post=1947"},{"taxonomy":"post_tag","embeddable":true,"href":"https:\/\/guialimeira.com.br\/news\/wp-json\/wp\/v2\/tags?post=1947"}],"curies":[{"name":"wp","href":"https:\/\/api.w.org\/{rel}","templated":true}]}}