{"id":19441,"date":"2024-12-22T11:41:05","date_gmt":"2024-12-22T14:41:05","guid":{"rendered":"https:\/\/guialimeira.com.br\/2024\/12\/22\/rio-adota-orientacao-do-ministerio-da-saude-no-uso-de-vacina-da-covid\/"},"modified":"2024-12-22T11:41:05","modified_gmt":"2024-12-22T14:41:05","slug":"rio-adota-orientacao-do-ministerio-da-saude-no-uso-de-vacina-da-covid","status":"publish","type":"post","link":"https:\/\/guialimeira.com.br\/news\/rio-adota-orientacao-do-ministerio-da-saude-no-uso-de-vacina-da-covid\/","title":{"rendered":"Rio adota orienta\u00e7\u00e3o do Minist\u00e9rio da Sa\u00fade no uso de vacina da covid"},"content":{"rendered":"<p> <br \/>\n<\/p>\n<div>\n<p>Idosos de 60 anos de idade e gestantes foram inclu\u00eddos no p\u00fablico-alvo da vacina de rotina contra a covid-19 do Calend\u00e1rio Nacional de Imuniza\u00e7\u00e3o. A recomenda\u00e7\u00e3o do Minist\u00e9rio da Sa\u00fade, adotada pelo estado do Rio de Janeiro, segundo a Secretaria de Estado de Sa\u00fade do Rio de Janeiro (SES) \u201ctem como base a disponibiliza\u00e7\u00e3o de diferentes formula\u00e7\u00f5es de vacinas, adaptadas \u00e0s necessidades de distintas faixas et\u00e1rias e grupos especiais, com \u00eanfase no uso racional e estrat\u00e9gico desses imunobiol\u00f3gicos\u201d.<img data-recalc-dims=\"1\" decoding=\"async\" src=\"https:\/\/i0.wp.com\/agenciabrasil.ebc.com.br\/ebc.png?w=696&#038;ssl=1\" style=\"width:1px; height:1px; display:inline;\"\/><img data-recalc-dims=\"1\" decoding=\"async\" src=\"https:\/\/i0.wp.com\/agenciabrasil.ebc.com.br\/ebc.gif?w=696&#038;ssl=1\" style=\"width:1px; height:1px; display:inline;\"\/><\/p>\n<p>Com a nova orienta\u00e7\u00e3o, os idosos devem tomar doses de refor\u00e7o a cada 6 meses. No caso de gestantes, a recomenda\u00e7\u00e3o \u00e9 que se imunize a cada gravidez, independente da quantidade de doses que j\u00e1 tenham recebido.\u00a0<\/p>\n<p>Para atender o calend\u00e1rio, a SES distribuiu, nesta semana, 35 mil doses para os 92 munic\u00edpios do estado aderirem \u00e0 nova rotina.<\/p>\n<p>\u201c\u00c9 importante refor\u00e7ar a imuniza\u00e7\u00e3o para proteger quem mais precisa, e para garantir que os novos cidad\u00e3os do estado estejam seguros contra a covid\u201d, disse a secret\u00e1ria de estado de Sa\u00fade, Cl\u00e1udia Mello, em nota.<\/p>\n<p>Conforme a secretaria, a vacina contra a covid-19, que ser\u00e1 utilizada, tem composi\u00e7\u00e3o derivada de uma linhagem ancestral do SARS-CoV-2. O imunizante ser\u00e1 atualizado periodicamente para garantir a efic\u00e1cia contra novas variantes.<\/p>\n<p>A SES destacou ainda que n\u00e3o \u00e9 a primeira vez que essa tecnologia de vacina \u00e9 adotada. Anteriormente foi utilizada com a vacina SpikeVax, que ficou popularmente conhecida como XBB, em refer\u00eancia a \u00faltima variante de alta circula\u00e7\u00e3o.<\/p>\n<p>\u201cCom a chegada dessa nova vacina na rotina do Calend\u00e1rio Nacional de Vacina\u00e7\u00e3o, a gente consegue sustentar a redu\u00e7\u00e3o de casos graves e \u00f3bitos pela covid-19 no estado do Rio de Janeiro\u201d, avaliou o subsecret\u00e1rio de Vigil\u00e2ncia e Aten\u00e7\u00e3o Prim\u00e1ria \u00e0 Sa\u00fade, M\u00e1rio S\u00e9rgio Ribeiro.<\/p>\n<h2>Cronograma<\/h2>\n<p>Al\u00e9m dos idosos com 60 anos, que devem receber uma dose de vacina a cada 6 meses, independentemente da quantidade de doses pr\u00e9vias recebidas, e as gestantes, que precisam ser vacinadas em qualquer momento da gesta\u00e7\u00e3o, e em cada gesta\u00e7\u00e3o, independentemente da quantidade de doses pr\u00e9vias recebidas, crian\u00e7as entre 6 meses e 5 anos de idade j\u00e1 eram contempladas desde janeiro de 2024.\u00a0<\/p>\n<p>\u201cPara os demais grupos priorit\u00e1rios com 5 anos ou mais de idade ser\u00e1 considerada a vacina\u00e7\u00e3o especial contra a covid-19\u201d, informou a pasta.<\/p>\n<p>A SES recomenda ainda que os munic\u00edpios \u201credobrem os esfor\u00e7os na divulga\u00e7\u00e3o dos imunizantes e realizem a\u00e7\u00f5es para garantir uma cobertura vacinal homog\u00eanea em todo o estado\u201d.<\/p>\n<p>      <!-- Relacionada --><\/p>\n<p>            <!-- Relacionada -->\n    <\/div>\n<p><br \/>\n<br \/><a href=\"https:\/\/agenciabrasil.ebc.com.br\/saude\/noticia\/2024-12\/rio-adota-orientacao-do-ministerio-da-saude-no-uso-de-vacina-da-covid\" rel=\"noopener\">Ag\u00eancia Brasil <\/a><\/p>\n","protected":false},"excerpt":{"rendered":"<p>Idosos de 60 anos de idade e gestantes foram inclu\u00eddos no p\u00fablico-alvo da vacina de rotina contra a covid-19 do Calend\u00e1rio Nacional de Imuniza\u00e7\u00e3o. A recomenda\u00e7\u00e3o do Minist\u00e9rio da Sa\u00fade, adotada pelo estado do Rio de Janeiro, segundo a Secretaria de Estado de Sa\u00fade do Rio de Janeiro (SES) \u201ctem como base a disponibiliza\u00e7\u00e3o de [&hellip;]<\/p>\n","protected":false},"author":1,"featured_media":19442,"comment_status":"open","ping_status":"open","sticky":false,"template":"","format":"standard","meta":{"_jetpack_newsletter_access":"","_jetpack_dont_email_post_to_subs":false,"_jetpack_newsletter_tier_id":0,"_jetpack_memberships_contains_paywalled_content":false,"_mbp_banners":[],"_jetpack_feature_clip_id":0,"_jetpack_memberships_contains_paid_content":false,"footnotes":"","jetpack_publicize_message":"","jetpack_publicize_feature_enabled":true,"jetpack_social_post_already_shared":true,"jetpack_social_options":{"image_generator_settings":{"template":"highway","default_image_id":0,"font":"","enabled":false},"version":2},"jetpack_post_was_ever_published":false},"categories":[15],"tags":[],"class_list":["post-19441","post","type-post","status-publish","format-standard","has-post-thumbnail","category-saude"],"jetpack_publicize_connections":[],"jetpack-related-posts":[],"jetpack_shortlink":"https:\/\/wp.me\/p7Eq1F-53z","jetpack_sharing_enabled":true,"jetpack_featured_media_url":"https:\/\/i0.wp.com\/guialimeira.com.br\/news\/wp-content\/uploads\/2024\/12\/vacinacao_drive_thru_universidade_estadual_do_rio_de_janeiro_uerj_tnrgo_abr_2502214597_0.jpg?fit=1600%2C800&ssl=1","_links":{"self":[{"href":"https:\/\/guialimeira.com.br\/news\/wp-json\/wp\/v2\/posts\/19441","targetHints":{"allow":["GET"]}}],"collection":[{"href":"https:\/\/guialimeira.com.br\/news\/wp-json\/wp\/v2\/posts"}],"about":[{"href":"https:\/\/guialimeira.com.br\/news\/wp-json\/wp\/v2\/types\/post"}],"author":[{"embeddable":true,"href":"https:\/\/guialimeira.com.br\/news\/wp-json\/wp\/v2\/users\/1"}],"replies":[{"embeddable":true,"href":"https:\/\/guialimeira.com.br\/news\/wp-json\/wp\/v2\/comments?post=19441"}],"version-history":[{"count":0,"href":"https:\/\/guialimeira.com.br\/news\/wp-json\/wp\/v2\/posts\/19441\/revisions"}],"wp:featuredmedia":[{"embeddable":true,"href":"https:\/\/guialimeira.com.br\/news\/wp-json\/wp\/v2\/media\/19442"}],"wp:attachment":[{"href":"https:\/\/guialimeira.com.br\/news\/wp-json\/wp\/v2\/media?parent=19441"}],"wp:term":[{"taxonomy":"category","embeddable":true,"href":"https:\/\/guialimeira.com.br\/news\/wp-json\/wp\/v2\/categories?post=19441"},{"taxonomy":"post_tag","embeddable":true,"href":"https:\/\/guialimeira.com.br\/news\/wp-json\/wp\/v2\/tags?post=19441"}],"curies":[{"name":"wp","href":"https:\/\/api.w.org\/{rel}","templated":true}]}}