{"id":1943,"date":"2024-04-19T09:58:43","date_gmt":"2024-04-19T12:58:43","guid":{"rendered":"https:\/\/guialimeira.com.br\/2024\/04\/19\/vigilancia-epidemiologica-leva\/"},"modified":"2024-04-19T09:58:43","modified_gmt":"2024-04-19T12:58:43","slug":"vigilancia-epidemiologica-leva","status":"publish","type":"post","link":"https:\/\/guialimeira.com.br\/news\/vigilancia-epidemiologica-leva\/","title":{"rendered":"Vigil\u00e2ncia Epidemiol\u00f3gica leva&#8230;"},"content":{"rendered":"<p> <br \/>\n<\/p>\n<div>\n<p>                                    <!-- Descri&ccedil;&atilde;o --><\/p>\n<div class=\"ntc_descricao_noticia\">\n<p>&#13;<br \/>\n                                            A Secretaria de Sa\u00fade, por meio da Vigil\u00e2ncia Epidemiol\u00f3gica, realizou nesta tarde de ter\u00e7a-feira, a vacina\u00e7\u00e3o contra Influenza (gripe) durante o encontro da Terceira Idade de Iracem\u00e1polis, no Centro de Lazer. De acordo com o Departamento, foram vacinados 86 idosos contra a influenza.<br \/>&#13;<br \/>\n\u201cA imuniza\u00e7\u00e3o contra a gripe \u00e9 fundamental para preven\u00e7\u00e3o de complica\u00e7\u00f5es, interna\u00e7\u00f5es e mortes decorrentes das infec\u00e7\u00f5es pelos v\u00edrus\u201d, destaca a coordenadora do setor, Vivian Graziela da Silva.<br \/>&#13;<br \/>\nO dia D contra a gripe est\u00e1 previsto para acontecer no pr\u00f3ximo s\u00e1bado, 13 de abril, nas unidades de Sa\u00fade No\u00e9 Franco de Campos e Dr. \u00c2ngelo Arlindo Lobo das 8h \u00e0s 16h.                                        <\/p>\n<p>                                        <!-- Info not&iacute;cia --><br \/>\n                                                                                <!-- Fim info not&iacute;cia -->\n                                    <\/div>\n<\/p><\/div>\n<p><br \/>\n<br \/><a href=\"https:\/\/www.iracemapolis.sp.gov.br\/portal\/noticias\/0\/3\/2148\/vigilancia-epidemiologica-leva-vacinacao-aos-idosos-do-grupo-da-terceira-idade\/\" rel=\"noopener\">Informa\u00e7\u00f5es PMI<\/a><\/p>\n","protected":false},"excerpt":{"rendered":"<p>&#13; A Secretaria de Sa\u00fade, por meio da Vigil\u00e2ncia Epidemiol\u00f3gica, realizou nesta tarde de ter\u00e7a-feira, a vacina\u00e7\u00e3o contra Influenza (gripe) durante o encontro da Terceira Idade de Iracem\u00e1polis, no Centro de Lazer. De acordo com o Departamento, foram vacinados 86 idosos contra a influenza.&#13; \u201cA imuniza\u00e7\u00e3o contra a gripe \u00e9 fundamental para preven\u00e7\u00e3o de complica\u00e7\u00f5es, [&hellip;]<\/p>\n","protected":false},"author":1,"featured_media":1944,"comment_status":"open","ping_status":"open","sticky":false,"template":"","format":"standard","meta":{"_jetpack_newsletter_access":"","_jetpack_dont_email_post_to_subs":false,"_jetpack_newsletter_tier_id":0,"_jetpack_memberships_contains_paywalled_content":false,"_mbp_banners":[],"_jetpack_feature_clip_id":0,"_jetpack_memberships_contains_paid_content":false,"footnotes":"","jetpack_publicize_message":"","jetpack_publicize_feature_enabled":true,"jetpack_social_post_already_shared":true,"jetpack_social_options":{"image_generator_settings":{"template":"highway","default_image_id":0,"font":"","enabled":false},"version":2},"jetpack_post_was_ever_published":false},"categories":[20],"tags":[],"class_list":["post-1943","post","type-post","status-publish","format-standard","has-post-thumbnail","category-regiao"],"jetpack_publicize_connections":[],"jetpack-related-posts":[],"jetpack_shortlink":"https:\/\/wp.me\/p7Eq1F-vl","jetpack_sharing_enabled":true,"jetpack_featured_media_url":"https:\/\/i0.wp.com\/guialimeira.com.br\/news\/wp-content\/uploads\/2024\/04\/3fff8acd9dd305b4ed53c548f8cd5aae.jpg?fit=800%2C800&ssl=1","_links":{"self":[{"href":"https:\/\/guialimeira.com.br\/news\/wp-json\/wp\/v2\/posts\/1943","targetHints":{"allow":["GET"]}}],"collection":[{"href":"https:\/\/guialimeira.com.br\/news\/wp-json\/wp\/v2\/posts"}],"about":[{"href":"https:\/\/guialimeira.com.br\/news\/wp-json\/wp\/v2\/types\/post"}],"author":[{"embeddable":true,"href":"https:\/\/guialimeira.com.br\/news\/wp-json\/wp\/v2\/users\/1"}],"replies":[{"embeddable":true,"href":"https:\/\/guialimeira.com.br\/news\/wp-json\/wp\/v2\/comments?post=1943"}],"version-history":[{"count":0,"href":"https:\/\/guialimeira.com.br\/news\/wp-json\/wp\/v2\/posts\/1943\/revisions"}],"wp:featuredmedia":[{"embeddable":true,"href":"https:\/\/guialimeira.com.br\/news\/wp-json\/wp\/v2\/media\/1944"}],"wp:attachment":[{"href":"https:\/\/guialimeira.com.br\/news\/wp-json\/wp\/v2\/media?parent=1943"}],"wp:term":[{"taxonomy":"category","embeddable":true,"href":"https:\/\/guialimeira.com.br\/news\/wp-json\/wp\/v2\/categories?post=1943"},{"taxonomy":"post_tag","embeddable":true,"href":"https:\/\/guialimeira.com.br\/news\/wp-json\/wp\/v2\/tags?post=1943"}],"curies":[{"name":"wp","href":"https:\/\/api.w.org\/{rel}","templated":true}]}}