{"id":1940,"date":"2024-04-19T09:48:42","date_gmt":"2024-04-19T12:48:42","guid":{"rendered":"https:\/\/guialimeira.com.br\/2024\/04\/19\/rio-conselho-cria-comissao-para-melhorar-agua-fornecida-a-populacao\/"},"modified":"2024-04-19T09:48:42","modified_gmt":"2024-04-19T12:48:42","slug":"rio-conselho-cria-comissao-para-melhorar-agua-fornecida-a-populacao","status":"publish","type":"post","link":"https:\/\/guialimeira.com.br\/news\/rio-conselho-cria-comissao-para-melhorar-agua-fornecida-a-populacao\/","title":{"rendered":"Rio: conselho cria comiss\u00e3o para melhorar \u00e1gua fornecida \u00e0 popula\u00e7\u00e3o"},"content":{"rendered":"<p> <br \/>\n<\/p>\n<div>\n<p>O Conselho Regional de Qu\u00edmica &#8211; Terceira Regi\u00e3o (CRQ-III), que engloba o estado do Rio de Janeiro, criou\u00a0a Comiss\u00e3o Tempor\u00e1ria de Estudos sobre a Qualidade da \u00c1gua de Abastecimento. O grupo, composto por especialistas da \u00e1rea ambiental, tem o objetivo de analisar e definir melhores pr\u00e1ticas para o tratamento da \u00e1gua distribu\u00edda \u00e0 popula\u00e7\u00e3o.<img data-recalc-dims=\"1\" decoding=\"async\" src=\"https:\/\/i0.wp.com\/agenciabrasil.ebc.com.br\/ebc.png?w=696&#038;ssl=1\" style=\"width:1px; height:1px; display:inline;\"\/><img data-recalc-dims=\"1\" decoding=\"async\" src=\"https:\/\/i0.wp.com\/agenciabrasil.ebc.com.br\/ebc.gif?w=696&#038;ssl=1\" style=\"width:1px; height:1px; display:inline;\"\/><\/p>\n<p>A a\u00e7\u00e3o ocorre\u00a0ap\u00f3s o caso de\u00a0contamina\u00e7\u00e3o por tolueno na esta\u00e7\u00e3o Imunana-Laranjal, da Companhia Estadual de \u00c1guas (Cedae), em 3 de abril, al\u00e9m do hist\u00f3rico recente de crises h\u00eddricas no Rio de Janeiro. A principal atribui\u00e7\u00e3o do conselho \u00e9 a prote\u00e7\u00e3o da sociedade e, por esse motivo,\u00a0atua diretamente em assuntos relacionados ao meio ambiente, orientando e esclarecendo a popula\u00e7\u00e3o sobre temas que tenham liga\u00e7\u00e3o com a \u00e1rea qu\u00edmica.<\/p>\n<p>De acordo com o presidente do Conselho Regional de Qu\u00edmica do Rio, Harley Martins, o objetivo da\u00a0comiss\u00e3o \u00e9 monitorar atividades em que existam quaisquer riscos para a popula\u00e7\u00e3o.\u00a0\u201cAs an\u00e1lises realizadas diariamente, tanto na \u00e1gua bruta, na capta\u00e7\u00e3o, quanto\u00a0na \u00e1gua tratada, ap\u00f3s a Esta\u00e7\u00e3o de Tratamento, s\u00e3o insuficientes para detectar uma s\u00e9rie de subst\u00e2ncias qu\u00edmicas, n\u00e3o s\u00f3 o tolueno. Os processos utilizados nessas esta\u00e7\u00f5es s\u00e3o b\u00e1sicos e n\u00e3o garantem que essas subst\u00e2ncias sejam\u00a0retiradas da \u00e1gua.\u201d, afirmou.<\/p>\n<p>Entre os temas mais relevantes debatidos na primeira reuni\u00e3o da comiss\u00e3o, realizada na semana\u00a0passada, est\u00e3o: os testes atuais, realizados diariamente\u00a0durante a opera\u00e7\u00e3o da Esta\u00e7\u00e3o de Tratamento, n\u00e3o s\u00e3o capazes de detectar diversos poluentes com alto potencial de comprometimento da sa\u00fade humana, como o tolueno,\u00a0al\u00e9m de investimentos\u00a0em laborat\u00f3rios, tecnologias de tratamento, instala\u00e7\u00f5es e monitoramento e fiscaliza\u00e7\u00e3o constantes.<\/p>\n<p>\u201c\u00c9 de extrema import\u00e2ncia que a ETA Imunana-Laranjal, que atende a 2 milh\u00f5es de pessoas, tenha um laborat\u00f3rio capaz de detectar quaisquer altera\u00e7\u00f5es na \u00e1gua, priorizando, os compostos qu\u00edmicos mais prov\u00e1veis de serem encontrados como contaminantes, considerando uma an\u00e1lise de risco\u201d, alertou o grupo em nota.<\/p>\n<\/p><\/div>\n<p><br \/>\n<br \/><a href=\"https:\/\/agenciabrasil.ebc.com.br\/geral\/noticia\/2024-04\/rio-conselho-cria-comissao-para-melhorar-agua-fornecida-populacao\" rel=\"noopener\">Ag\u00eancia Brasil<\/a><\/p>\n","protected":false},"excerpt":{"rendered":"<p>O Conselho Regional de Qu\u00edmica &#8211; Terceira Regi\u00e3o (CRQ-III), que engloba o estado do Rio de Janeiro, criou\u00a0a Comiss\u00e3o Tempor\u00e1ria de Estudos sobre a Qualidade da \u00c1gua de Abastecimento. O grupo, composto por especialistas da \u00e1rea ambiental, tem o objetivo de analisar e definir melhores pr\u00e1ticas para o tratamento da \u00e1gua distribu\u00edda \u00e0 popula\u00e7\u00e3o. A [&hellip;]<\/p>\n","protected":false},"author":1,"featured_media":1941,"comment_status":"open","ping_status":"open","sticky":false,"template":"","format":"standard","meta":{"_jetpack_newsletter_access":"","_jetpack_dont_email_post_to_subs":false,"_jetpack_newsletter_tier_id":0,"_jetpack_memberships_contains_paywalled_content":false,"_mbp_banners":[],"_jetpack_feature_clip_id":0,"_jetpack_memberships_contains_paid_content":false,"footnotes":"","jetpack_publicize_message":"","jetpack_publicize_feature_enabled":true,"jetpack_social_post_already_shared":true,"jetpack_social_options":{"image_generator_settings":{"template":"highway","default_image_id":0,"font":"","enabled":false},"version":2},"jetpack_post_was_ever_published":false},"categories":[1],"tags":[],"class_list":["post-1940","post","type-post","status-publish","format-standard","has-post-thumbnail","category-geral"],"jetpack_publicize_connections":[],"jetpack-related-posts":[],"jetpack_shortlink":"https:\/\/wp.me\/p7Eq1F-vi","jetpack_sharing_enabled":true,"jetpack_featured_media_url":"https:\/\/i0.wp.com\/guialimeira.com.br\/news\/wp-content\/uploads\/2024\/04\/111133_0c3a4446.jpg?fit=1600%2C800&ssl=1","_links":{"self":[{"href":"https:\/\/guialimeira.com.br\/news\/wp-json\/wp\/v2\/posts\/1940","targetHints":{"allow":["GET"]}}],"collection":[{"href":"https:\/\/guialimeira.com.br\/news\/wp-json\/wp\/v2\/posts"}],"about":[{"href":"https:\/\/guialimeira.com.br\/news\/wp-json\/wp\/v2\/types\/post"}],"author":[{"embeddable":true,"href":"https:\/\/guialimeira.com.br\/news\/wp-json\/wp\/v2\/users\/1"}],"replies":[{"embeddable":true,"href":"https:\/\/guialimeira.com.br\/news\/wp-json\/wp\/v2\/comments?post=1940"}],"version-history":[{"count":0,"href":"https:\/\/guialimeira.com.br\/news\/wp-json\/wp\/v2\/posts\/1940\/revisions"}],"wp:featuredmedia":[{"embeddable":true,"href":"https:\/\/guialimeira.com.br\/news\/wp-json\/wp\/v2\/media\/1941"}],"wp:attachment":[{"href":"https:\/\/guialimeira.com.br\/news\/wp-json\/wp\/v2\/media?parent=1940"}],"wp:term":[{"taxonomy":"category","embeddable":true,"href":"https:\/\/guialimeira.com.br\/news\/wp-json\/wp\/v2\/categories?post=1940"},{"taxonomy":"post_tag","embeddable":true,"href":"https:\/\/guialimeira.com.br\/news\/wp-json\/wp\/v2\/tags?post=1940"}],"curies":[{"name":"wp","href":"https:\/\/api.w.org\/{rel}","templated":true}]}}