{"id":1938,"date":"2024-04-19T09:30:42","date_gmt":"2024-04-19T12:30:42","guid":{"rendered":"https:\/\/guialimeira.com.br\/2024\/04\/19\/teatro-do-engenho-recebe-apresentacoes-da-16a-semana-da-danca-de-piracicaba-portal-do-municipio-de-piracicaba\/"},"modified":"2024-04-19T09:30:42","modified_gmt":"2024-04-19T12:30:42","slug":"teatro-do-engenho-recebe-apresentacoes-da-16a-semana-da-danca-de-piracicaba-portal-do-municipio-de-piracicaba","status":"publish","type":"post","link":"https:\/\/guialimeira.com.br\/news\/teatro-do-engenho-recebe-apresentacoes-da-16a-semana-da-danca-de-piracicaba-portal-do-municipio-de-piracicaba\/","title":{"rendered":"Teatro do Engenho recebe apresenta\u00e7\u00f5es da 16\u00aa Semana da Dan\u00e7a de Piracicaba \u2013 Portal do Munic\u00edpio de Piracicaba"},"content":{"rendered":"<p> <br \/>\n<\/p>\n<div>\n<figure class=\"text-center\">\n<img data-recalc-dims=\"1\" width=\"696\" height=\"557\" src=\"https:\/\/i0.wp.com\/piracicaba.sp.gov.br\/wp-content\/uploads\/2024\/04\/Murilo-Mello-e-Nicole-Buzato-sao-dancarinos-convidados-desta-edicao-Credito-Nanad-D-Luize-1024x819.jpeg?resize=696%2C557&#038;ssl=1\" class=\"img-fluid img-thumbnail border-1 wp-post-image\" alt=\"Murilo Mello e Nicole Buzato s\u00e3o dan\u00e7arinos convidados desta edicao - Credito Nanad D Luize\" itemprop=\"image\" decoding=\"async\" fetchpriority=\"high\" srcset=\"https:\/\/piracicaba.sp.gov.br\/wp-content\/uploads\/2024\/04\/Murilo-Mello-e-Nicole-Buzato-sao-dancarinos-convidados-desta-edicao-Credito-Nanad-D-Luize-1024x819.jpeg 1024w, https:\/\/piracicaba.sp.gov.br\/wp-content\/uploads\/2024\/04\/Murilo-Mello-e-Nicole-Buzato-sao-dancarinos-convidados-desta-edicao-Credito-Nanad-D-Luize-300x240.jpeg 300w, https:\/\/piracicaba.sp.gov.br\/wp-content\/uploads\/2024\/04\/Murilo-Mello-e-Nicole-Buzato-sao-dancarinos-convidados-desta-edicao-Credito-Nanad-D-Luize-768x614.jpeg 768w, https:\/\/piracicaba.sp.gov.br\/wp-content\/uploads\/2024\/04\/Murilo-Mello-e-Nicole-Buzato-sao-dancarinos-convidados-desta-edicao-Credito-Nanad-D-Luize.jpeg 1280w\" sizes=\"(max-width: 1024px) 100vw, 1024px\"\/><figcaption class=\"text-center small fw-bold fst-italic mt-1\">Murilo Mello e Nicole Buzato s\u00e3o dan\u00e7arinos convidados desta edicao &#8211; Credito Nanad D Luize<\/figcaption><\/figure>\n<p>Ap\u00f3s s\u00e9rie de oficinas, a 16\u00aa Semana da Dan\u00e7a de Piracicaba, realizada pela Adapi (Associa\u00e7\u00e3o de Dan\u00e7a de Piracicaba), com apoio da Prefeitura de Piracicaba, por meio da Semac (Secretaria Municipal da A\u00e7\u00e3o Cultural), chega na reta final. A Gala de Encerramento ter\u00e1 dois dias de apresenta\u00e7\u00f5es de escolas e grupos locais, entre amanh\u00e3, 19\/04, e s\u00e1bado, 20\/04, sempre a partir das 20h, no Teatro Municipal Erotides de Campos, no Parque do Engenho Central. A entrada \u00e9 gratuita e os ingressos devem ser retirados uma hora antes do in\u00edcio do espet\u00e1culo.<\/p>\n<p>A Semana da Dan\u00e7a \u00e9 institu\u00edda pela Lei Municipal 5.8549\/2006 e visa estimular todas as vertentes do segmento a aprimorar os conhecimentos, sob v\u00e1rios aspectos e modalidades art\u00edsticas. Na semana passada, a 16\u00aa Semana da Dan\u00e7a realizou oficinas e aulas abertas nos dias 13 e 14\/04 no Armaz\u00e9m Maria Dirce Camargo, na Esta\u00e7\u00e3o da Paulista.<\/p>\n<p>Jussara Sansigolo, presidente da Adapi, fala sobre a edi\u00e7\u00e3o deste ano. \u201cA Adapi est\u00e1 muito feliz e realizada com essa fus\u00e3o de modalidades e uni\u00e3o da dan\u00e7a na cidade. Somos gratos pela parceria com a Semac, que nos permite impulsionar esta arte em Piracicaba\u201d.<\/p>\n<figure class=\"wp-block-image size-large\"><img data-recalc-dims=\"1\" loading=\"lazy\" decoding=\"async\" width=\"696\" height=\"557\" src=\"https:\/\/i0.wp.com\/piracicaba.sp.gov.br\/wp-content\/uploads\/2024\/04\/Adapi-realiza-a-Semana-da-Danca-junto-a-Semac-1024x819.jpeg?resize=696%2C557&#038;ssl=1\" alt=\"Adapi realiza a Semana da Dan\u00e7a junto \u00e0 Semac\" class=\"wp-image-77372\" srcset=\"https:\/\/piracicaba.sp.gov.br\/wp-content\/uploads\/2024\/04\/Adapi-realiza-a-Semana-da-Danca-junto-a-Semac-1024x819.jpeg 1024w, https:\/\/piracicaba.sp.gov.br\/wp-content\/uploads\/2024\/04\/Adapi-realiza-a-Semana-da-Danca-junto-a-Semac-300x240.jpeg 300w, https:\/\/piracicaba.sp.gov.br\/wp-content\/uploads\/2024\/04\/Adapi-realiza-a-Semana-da-Danca-junto-a-Semac-768x614.jpeg 768w, https:\/\/piracicaba.sp.gov.br\/wp-content\/uploads\/2024\/04\/Adapi-realiza-a-Semana-da-Danca-junto-a-Semac.jpeg 1280w\" sizes=\"auto, (max-width: 1024px) 100vw, 1024px\"\/><figcaption class=\"wp-element-caption\"><strong><em>Adapi realiza a Semana da Dan\u00e7a junto \u00e0 Semac<\/em><\/strong><\/figcaption><\/figure>\n<p>Entre amanh\u00e3 e s\u00e1bado, cada escola ou academia da 16\u00aa Semana da Dan\u00e7a de Piracicaba participa com uma coreografia de, no m\u00e1ximo, cinco minutos de dura\u00e7\u00e3o.<\/p>\n<p>Na sexta-feira, 19\/04, a partir das 20h, Teatro do Engenho recebe apresenta\u00e7\u00f5es do Clube de Campo de Piracicaba, Espa\u00e7o Fe Rossi Dan\u00e7a, Cia Karon Kali, Espa\u00e7o e Dan\u00e7a, Clube Caterpillar, Corpos Ballet, Josyane Shimla Dan\u00e7as Orientais, Mariana Cury, Rodrigo Oliver, R C Arte Eventos, Centro de Dan\u00e7as Carmen Camargo, Studio 415, Dancart Escola de Dan\u00e7a, Espa\u00e7o Ventre Vida, N\u00facleo de Dan\u00e7a Crist\u00f3v\u00e3o Colombo, Studio Etoile, GrandPlie Ballet, Toni Padron, Studio de Dan\u00e7as Elisangela Fraga, Cia Juvenil e R Dance Sertanejo.<\/p>\n<figure class=\"wp-block-image size-large\"><img data-recalc-dims=\"1\" loading=\"lazy\" decoding=\"async\" width=\"696\" height=\"464\" src=\"https:\/\/i0.wp.com\/piracicaba.sp.gov.br\/wp-content\/uploads\/2024\/04\/Thayane-Bezerra-se-apresenta-no-sabado-no-Teatro-do-Engenho-1024x682.jpeg?resize=696%2C464&#038;ssl=1\" alt=\"Thayane Bezerra se apresenta no s\u00e1bado no Teatro do Engenho\" class=\"wp-image-77371\" srcset=\"https:\/\/piracicaba.sp.gov.br\/wp-content\/uploads\/2024\/04\/Thayane-Bezerra-se-apresenta-no-sabado-no-Teatro-do-Engenho-1024x682.jpeg 1024w, https:\/\/piracicaba.sp.gov.br\/wp-content\/uploads\/2024\/04\/Thayane-Bezerra-se-apresenta-no-sabado-no-Teatro-do-Engenho-300x200.jpeg 300w, https:\/\/piracicaba.sp.gov.br\/wp-content\/uploads\/2024\/04\/Thayane-Bezerra-se-apresenta-no-sabado-no-Teatro-do-Engenho-768x512.jpeg 768w, https:\/\/piracicaba.sp.gov.br\/wp-content\/uploads\/2024\/04\/Thayane-Bezerra-se-apresenta-no-sabado-no-Teatro-do-Engenho-1536x1023.jpeg 1536w, https:\/\/piracicaba.sp.gov.br\/wp-content\/uploads\/2024\/04\/Thayane-Bezerra-se-apresenta-no-sabado-no-Teatro-do-Engenho.jpeg 1600w\" sizes=\"auto, (max-width: 1024px) 100vw, 1024px\"\/><figcaption class=\"wp-element-caption\"><strong><em>Thayane Bezerra se apresenta no s\u00e1bado no Teatro do Engenho<\/em><\/strong><\/figcaption><\/figure>\n<p>J\u00e1 no s\u00e1bado, 20\/04, o evento come\u00e7a com apresenta\u00e7\u00f5es individuais de dan\u00e7arinos convidados, que s\u00e3o Murilo e Nicole, Thayane Bezerra e Wallison Maciel. Em seguida, acontecem apresenta\u00e7\u00f5es do Clube Coronel Barbosa, Grupo Infantil de sapateado, Jussara Sansigolo, Ana Magagnin, Guilhermo Sabino, Alumbre Escola de Flamenco, Casa do Hip Hop, Urban Movie Studio, Alapada Indian, Cia Bailarinas de Luz, D\u00e9bora Zambello, Conex\u00e3o Sertaneja, Escola de Dan\u00e7a Cor e Corpo, Companhia de Dan\u00e7a Rogeria Zago e Ballet Let\u00edcia Landhal.<\/p>\n<p>A Semana da Dan\u00e7a deste ano termina com mais uma dia de oficinas, que acontece no dia 28\/04 na Esta\u00e7\u00e3o da Paulista. A programa\u00e7\u00e3o completa ser\u00e1 divulgada em breve.<\/p>\n<p><strong>SERVI\u00c7O\u00a0<\/strong>\u2013 16\u00aa Semana da Dan\u00e7a de Piracicaba. De 14\/04 at\u00e9 28\/04, em diversos equipamentos da Semac (Secretaria Municipal da A\u00e7\u00e3o Cultural). Apresenta\u00e7\u00f5es amanh\u00e3, 19\/04, e s\u00e1bado, 20\/04, \u00e0s 20h, no Teatro Municipal Erotides de Campos. Entrada gratuita. Informa\u00e7\u00f5es: 3403-2600.<\/p>\n<\/div>\n<p><br \/>\n<br \/><a href=\"https:\/\/piracicaba.sp.gov.br\/noticias\/teatro-do-engenho-recebe-apresentacoes-da-16a-semana-da-danca-de-piracicaba\/\" rel=\"noopener\">Informa\u00e7\u00f5es PMP <\/a><\/p>\n","protected":false},"excerpt":{"rendered":"<p>Murilo Mello e Nicole Buzato s\u00e3o dan\u00e7arinos convidados desta edicao &#8211; Credito Nanad D Luize Ap\u00f3s s\u00e9rie de oficinas, a 16\u00aa Semana da Dan\u00e7a de Piracicaba, realizada pela Adapi (Associa\u00e7\u00e3o de Dan\u00e7a de Piracicaba), com apoio da Prefeitura de Piracicaba, por meio da Semac (Secretaria Municipal da A\u00e7\u00e3o Cultural), chega na reta final. A Gala [&hellip;]<\/p>\n","protected":false},"author":1,"featured_media":1939,"comment_status":"open","ping_status":"open","sticky":false,"template":"","format":"standard","meta":{"_jetpack_newsletter_access":"","_jetpack_dont_email_post_to_subs":false,"_jetpack_newsletter_tier_id":0,"_jetpack_memberships_contains_paywalled_content":false,"_mbp_banners":[],"_jetpack_feature_clip_id":0,"_jetpack_memberships_contains_paid_content":false,"footnotes":"","jetpack_publicize_message":"","jetpack_publicize_feature_enabled":true,"jetpack_social_post_already_shared":true,"jetpack_social_options":{"image_generator_settings":{"template":"highway","default_image_id":0,"font":"","enabled":false},"version":2},"jetpack_post_was_ever_published":false},"categories":[20],"tags":[],"class_list":["post-1938","post","type-post","status-publish","format-standard","has-post-thumbnail","category-regiao"],"jetpack_publicize_connections":[],"jetpack-related-posts":[],"jetpack_shortlink":"https:\/\/wp.me\/p7Eq1F-vg","jetpack_sharing_enabled":true,"jetpack_featured_media_url":"https:\/\/i0.wp.com\/guialimeira.com.br\/news\/wp-content\/uploads\/2024\/04\/Murilo-Mello-e-Nicole-Buzato-sao-dancarinos-convidados-desta-edicao-Credito-Nanad-D-Luize.jpeg?fit=1280%2C1024&ssl=1","_links":{"self":[{"href":"https:\/\/guialimeira.com.br\/news\/wp-json\/wp\/v2\/posts\/1938","targetHints":{"allow":["GET"]}}],"collection":[{"href":"https:\/\/guialimeira.com.br\/news\/wp-json\/wp\/v2\/posts"}],"about":[{"href":"https:\/\/guialimeira.com.br\/news\/wp-json\/wp\/v2\/types\/post"}],"author":[{"embeddable":true,"href":"https:\/\/guialimeira.com.br\/news\/wp-json\/wp\/v2\/users\/1"}],"replies":[{"embeddable":true,"href":"https:\/\/guialimeira.com.br\/news\/wp-json\/wp\/v2\/comments?post=1938"}],"version-history":[{"count":0,"href":"https:\/\/guialimeira.com.br\/news\/wp-json\/wp\/v2\/posts\/1938\/revisions"}],"wp:featuredmedia":[{"embeddable":true,"href":"https:\/\/guialimeira.com.br\/news\/wp-json\/wp\/v2\/media\/1939"}],"wp:attachment":[{"href":"https:\/\/guialimeira.com.br\/news\/wp-json\/wp\/v2\/media?parent=1938"}],"wp:term":[{"taxonomy":"category","embeddable":true,"href":"https:\/\/guialimeira.com.br\/news\/wp-json\/wp\/v2\/categories?post=1938"},{"taxonomy":"post_tag","embeddable":true,"href":"https:\/\/guialimeira.com.br\/news\/wp-json\/wp\/v2\/tags?post=1938"}],"curies":[{"name":"wp","href":"https:\/\/api.w.org\/{rel}","templated":true}]}}