{"id":1936,"date":"2024-04-19T09:07:45","date_gmt":"2024-04-19T12:07:45","guid":{"rendered":"https:\/\/guialimeira.com.br\/2024\/04\/19\/exposicao-de-arte-sustentavel-no-sesc-londrina-cadeiao\/"},"modified":"2024-04-19T09:07:45","modified_gmt":"2024-04-19T12:07:45","slug":"exposicao-de-arte-sustentavel-no-sesc-londrina-cadeiao","status":"publish","type":"post","link":"https:\/\/guialimeira.com.br\/news\/exposicao-de-arte-sustentavel-no-sesc-londrina-cadeiao\/","title":{"rendered":"Exposi\u00e7\u00e3o de arte sustent\u00e1vel no Sesc Londrina Cadei\u00e3o"},"content":{"rendered":"<p> <br \/>\n<\/p>\n<div>\n<p><em>Pe\u00e7as criadas com res\u00edduos da constru\u00e7\u00e3o civil em destaque em mostra gratuita<\/em><\/p>\n<p>Entre os dias 2 e 17 de abril, o p\u00fablico ter\u00e1 a oportunidade de conferir uma exposi\u00e7\u00e3o \u00fanica no Sesc Londrina Cadei\u00e3o. Com o t\u00edtulo \u201cCriando Arte e Obra&amp;Arte\u201d, a mostra apresentar\u00e1 55 pe\u00e7as de decora\u00e7\u00e3o e artesanato produzidas por volunt\u00e1rios participantes dos projetos\u00a0sociais do Instituto A.Yoshii.<\/p>\n<p>Ser\u00e1 exposta uma variedade de pe\u00e7as, incluindo mesas, cadeiras, lumin\u00e1rias,\u00a0<em>cachepot<\/em>\u00a0e outras cria\u00e7\u00f5es sustent\u00e1veis. As obras foram produzidas a partir de materiais n\u00e3o utilizados nos canteiros de obras, tais como vergalh\u00f5es, pastilhas, canos de PVC, entre outros res\u00edduos da constru\u00e7\u00e3o civil.<\/p>\n<p>A vice-presidente do Instituto A.Yoshii, Ana Carolina Yoshii, destaca que a exposi\u00e7\u00e3o \u00e9 um convite para que o p\u00fablico reflita sobre a ressignifica\u00e7\u00e3o dos res\u00edduos gerados pela constru\u00e7\u00e3o civil e a necessidade de reduzir o impacto ao meio ambiente.<\/p>\n<p>O projeto \u201cCriando Arte\u201d teve in\u00edcio em 2007 para capacitar mulheres em situa\u00e7\u00e3o de vulnerabilidade social no desenvolvimento de artesanato\u00a0 a partir do reaproveitamento de materiais recicl\u00e1veis. Seguindo o mesmo princ\u00edpio sustent\u00e1vel, o projeto Obra&amp;Arte promove anualmente oficinas para a cria\u00e7\u00e3o de objetos e artigos de decora\u00e7\u00e3o com a participa\u00e7\u00e3o dos colaboradores do Grupo A.Yoshii, incentivando-os a adotar uma nova perspectiva em rela\u00e7\u00e3o aos res\u00edduos da constru\u00e7\u00e3o civil, al\u00e9m de proporcionar o contato com a arte e cultura.<\/p>\n<p>A exposi\u00e7\u00e3o \u201cCriando Arte e Obra&amp;Arte\u201d \u00e9 uma iniciativa do Instituto A.Yoshii, com o apoio do Minist\u00e9rio da Cultura.\u00a0<\/p>\n<p><strong>Exposi\u00e7\u00e3o CRIANDO ARTE E OBRA&amp;ARTE<\/strong><\/p>\n<p>Quando: de 2 a 17 de abril<\/p>\n<p>Hor\u00e1rio: de ter\u00e7a a sexta, das 9h \u00e0s 21h, e aos s\u00e1bados e domingos, das 9h \u00e0s 18h<\/p>\n<p>Local: Sesc Londrina Cadei\u00e3o (Rua Sergipe, 52, Centro)<\/p>\n<p>Entrada: Gratuita<\/p>\n<p><strong><em>Sobre o Instituto A.Yoshii<\/em><\/strong><\/p>\n<p><em>Fundada em 2006, a entidade sem fins lucrativos promove a\u00e7\u00f5es solid\u00e1rias ligadas \u00e0 educa\u00e7\u00e3o, ao meio ambiente e \u00e0 cultura, em busca de resultados com impacto social positivo. Ao longo dos 16 anos de atua\u00e7\u00e3o, o Instituto A.Yoshii promoveu diversas iniciativas voltadas para pessoas em situa\u00e7\u00e3o de vulnerabilidade econ\u00f4mica-social, minimiza\u00e7\u00e3o de impactos no meio ambiente e democratiza\u00e7\u00e3o do acesso \u00e0 cultura e \u00e0 educa\u00e7\u00e3o. Em 2022, o Instituto foi reconhecido pelo sexto ano consecutivo com o Selo Sesi ODS, como uma das principais organiza\u00e7\u00f5es que trabalham em prol dos Objetivos de Desenvolvimento Sustent\u00e1vel da Agenda 2030 da ONU. Mais informa\u00e7\u00f5es:<\/em><a href=\"http:\/\/www.institutoayoshii.org.br\/\" rel=\"noopener\">\u00a0<em>www.institutoayoshii.org.br<\/em><\/a><em>.<\/em><\/p>\n<\/p><\/div>\n<p><br \/>\n<br \/><a href=\"https:\/\/www.centralpress.com.br\/exposicao-de-arte-sustentavel-no-sesc-londrina-cadeiao\/\" rel=\"noopener\">Central Press <\/a><\/p>\n","protected":false},"excerpt":{"rendered":"<p>Pe\u00e7as criadas com res\u00edduos da constru\u00e7\u00e3o civil em destaque em mostra gratuita Entre os dias 2 e 17 de abril, o p\u00fablico ter\u00e1 a oportunidade de conferir uma exposi\u00e7\u00e3o \u00fanica no Sesc Londrina Cadei\u00e3o. Com o t\u00edtulo \u201cCriando Arte e Obra&amp;Arte\u201d, a mostra apresentar\u00e1 55 pe\u00e7as de decora\u00e7\u00e3o e artesanato produzidas por volunt\u00e1rios participantes dos [&hellip;]<\/p>\n","protected":false},"author":1,"featured_media":0,"comment_status":"open","ping_status":"open","sticky":false,"template":"","format":"standard","meta":{"_jetpack_newsletter_access":"","_jetpack_dont_email_post_to_subs":false,"_jetpack_newsletter_tier_id":0,"_jetpack_memberships_contains_paywalled_content":false,"_mbp_banners":[],"_jetpack_feature_clip_id":0,"_jetpack_memberships_contains_paid_content":false,"footnotes":"","jetpack_publicize_message":"","jetpack_publicize_feature_enabled":true,"jetpack_social_post_already_shared":true,"jetpack_social_options":{"image_generator_settings":{"template":"highway","default_image_id":0,"font":"","enabled":false},"version":2},"jetpack_post_was_ever_published":false},"categories":[22],"tags":[],"class_list":["post-1936","post","type-post","status-publish","format-standard","category-nacional"],"jetpack_publicize_connections":[],"jetpack-related-posts":[],"jetpack_shortlink":"https:\/\/wp.me\/p7Eq1F-ve","jetpack_sharing_enabled":true,"jetpack_featured_media_url":"","_links":{"self":[{"href":"https:\/\/guialimeira.com.br\/news\/wp-json\/wp\/v2\/posts\/1936","targetHints":{"allow":["GET"]}}],"collection":[{"href":"https:\/\/guialimeira.com.br\/news\/wp-json\/wp\/v2\/posts"}],"about":[{"href":"https:\/\/guialimeira.com.br\/news\/wp-json\/wp\/v2\/types\/post"}],"author":[{"embeddable":true,"href":"https:\/\/guialimeira.com.br\/news\/wp-json\/wp\/v2\/users\/1"}],"replies":[{"embeddable":true,"href":"https:\/\/guialimeira.com.br\/news\/wp-json\/wp\/v2\/comments?post=1936"}],"version-history":[{"count":0,"href":"https:\/\/guialimeira.com.br\/news\/wp-json\/wp\/v2\/posts\/1936\/revisions"}],"wp:attachment":[{"href":"https:\/\/guialimeira.com.br\/news\/wp-json\/wp\/v2\/media?parent=1936"}],"wp:term":[{"taxonomy":"category","embeddable":true,"href":"https:\/\/guialimeira.com.br\/news\/wp-json\/wp\/v2\/categories?post=1936"},{"taxonomy":"post_tag","embeddable":true,"href":"https:\/\/guialimeira.com.br\/news\/wp-json\/wp\/v2\/tags?post=1936"}],"curies":[{"name":"wp","href":"https:\/\/api.w.org\/{rel}","templated":true}]}}