{"id":1934,"date":"2024-04-19T08:57:43","date_gmt":"2024-04-19T11:57:43","guid":{"rendered":"https:\/\/guialimeira.com.br\/2024\/04\/19\/saude-realiza-dia-d-de-vacinacao-contra\/"},"modified":"2024-04-19T08:57:43","modified_gmt":"2024-04-19T11:57:43","slug":"saude-realiza-dia-d-de-vacinacao-contra","status":"publish","type":"post","link":"https:\/\/guialimeira.com.br\/news\/saude-realiza-dia-d-de-vacinacao-contra\/","title":{"rendered":"Sa\u00fade realiza dia D de vacina\u00e7\u00e3o contra&#8230;"},"content":{"rendered":"<p> <br \/>\n<\/p>\n<div>\n<p>A Prefeitura, por meio da Secretaria de Sa\u00fade, vai realizar no s\u00e1bado, dia 13, o dia D de vacina\u00e7\u00e3o contra a Influenza, nas USF No\u00e9 Franco de Campos e \u00c2ngelo Arlindo Lobo, das 8h \u00e0s 16h. Tamb\u00e9m estar\u00e3o dispon\u00edveis as vacinas de rotina.<\/p>\n<p>Para se vacinar, \u00e9 necess\u00e1rio levar os seguintes documentos: cart\u00e3o SUS ou CPF e cart\u00e3o de vacina. \u201cA a\u00e7\u00e3o \u00e9 voltada para aumentar o acesso \u00e0s vacinas em um dia e hor\u00e1rios alternativos para que mais gente possa se vacinar\u201d, destacou a diretora de Vigil\u00e2ncias em Sa\u00fade, Vivian Graziela.<\/p>\n<p>Al\u00e9m das vacinas, as unidades estar\u00e3o realizando a pesagem do Bolsa Fam\u00edlia apenas para os moradores pertencentes \u00e0s unidades. Os moradores dos bairros Campo Verde, Aquarius, Alcidez Modenez, Jos\u00e9 Modenez, Jardim Ant\u00f4nio Fagundes, Residencial Fl\u00f3rida, Vil\u00e1gio Mielli, Paineiras, Morro Azul, Lazaro Honorio, Residencial Orqu\u00eddeas, e Residencial dos Ip\u00eas, devem procurar a USF No\u00e9 Franco de Campos<\/p>\n<p>Os moradores dos bairros: Centro, Pq Dimas Cera Ometto, Jd Primavera, Jo\u00e3o Ometto, Carolina Ometto, Cesarino Borba, Distritos Industriais (I, II e III) e Jd. Volunt\u00e1rio Pedro de Freitas, Jd Boa Vista, Santa Rita, Bela Vista, Luiz Ometto, Res. Florecer, Jardim Niza Calice, Jardim Iracema, S\u00e3o Sebasti\u00e3o, Primavera e Herminio Demarchi devem procurar o Centro Odontol\u00f3gico.<\/p>\n<p>Para consultar os grupos priorit\u00e1rios que podem receber a vacina contra influenza acesse: <a href=\"http:\/\/iracemapolis.sp.gov.br\/influenza\" rel=\"noopener\">iracemapolis.sp.gov.br\/influenza<\/a><\/p>\n<\/p><\/div>\n<p><br \/>\n<br \/><a href=\"https:\/\/www.iracemapolis.sp.gov.br\/portal\/noticias\/0\/3\/2147\/saude-realiza-dia-d-de-vacinacao-contra-a-influenza-no-proximo-sabado\/\" rel=\"noopener\">Informa\u00e7\u00f5es PMI<\/a><\/p>\n","protected":false},"excerpt":{"rendered":"<p>A Prefeitura, por meio da Secretaria de Sa\u00fade, vai realizar no s\u00e1bado, dia 13, o dia D de vacina\u00e7\u00e3o contra a Influenza, nas USF No\u00e9 Franco de Campos e \u00c2ngelo Arlindo Lobo, das 8h \u00e0s 16h. Tamb\u00e9m estar\u00e3o dispon\u00edveis as vacinas de rotina. Para se vacinar, \u00e9 necess\u00e1rio levar os seguintes documentos: cart\u00e3o SUS ou [&hellip;]<\/p>\n","protected":false},"author":1,"featured_media":1935,"comment_status":"open","ping_status":"open","sticky":false,"template":"","format":"standard","meta":{"_jetpack_newsletter_access":"","_jetpack_dont_email_post_to_subs":false,"_jetpack_newsletter_tier_id":0,"_jetpack_memberships_contains_paywalled_content":false,"_mbp_banners":[],"_jetpack_feature_clip_id":0,"_jetpack_memberships_contains_paid_content":false,"footnotes":"","jetpack_publicize_message":"","jetpack_publicize_feature_enabled":true,"jetpack_social_post_already_shared":true,"jetpack_social_options":{"image_generator_settings":{"template":"highway","default_image_id":0,"font":"","enabled":false},"version":2},"jetpack_post_was_ever_published":false},"categories":[20],"tags":[],"class_list":["post-1934","post","type-post","status-publish","format-standard","has-post-thumbnail","category-regiao"],"jetpack_publicize_connections":[],"jetpack-related-posts":[],"jetpack_shortlink":"https:\/\/wp.me\/p7Eq1F-vc","jetpack_sharing_enabled":true,"jetpack_featured_media_url":"https:\/\/i0.wp.com\/guialimeira.com.br\/news\/wp-content\/uploads\/2024\/04\/0861b2c62c3a2dc0282d24fdac85dfdb.png?fit=800%2C800&ssl=1","_links":{"self":[{"href":"https:\/\/guialimeira.com.br\/news\/wp-json\/wp\/v2\/posts\/1934","targetHints":{"allow":["GET"]}}],"collection":[{"href":"https:\/\/guialimeira.com.br\/news\/wp-json\/wp\/v2\/posts"}],"about":[{"href":"https:\/\/guialimeira.com.br\/news\/wp-json\/wp\/v2\/types\/post"}],"author":[{"embeddable":true,"href":"https:\/\/guialimeira.com.br\/news\/wp-json\/wp\/v2\/users\/1"}],"replies":[{"embeddable":true,"href":"https:\/\/guialimeira.com.br\/news\/wp-json\/wp\/v2\/comments?post=1934"}],"version-history":[{"count":0,"href":"https:\/\/guialimeira.com.br\/news\/wp-json\/wp\/v2\/posts\/1934\/revisions"}],"wp:featuredmedia":[{"embeddable":true,"href":"https:\/\/guialimeira.com.br\/news\/wp-json\/wp\/v2\/media\/1935"}],"wp:attachment":[{"href":"https:\/\/guialimeira.com.br\/news\/wp-json\/wp\/v2\/media?parent=1934"}],"wp:term":[{"taxonomy":"category","embeddable":true,"href":"https:\/\/guialimeira.com.br\/news\/wp-json\/wp\/v2\/categories?post=1934"},{"taxonomy":"post_tag","embeddable":true,"href":"https:\/\/guialimeira.com.br\/news\/wp-json\/wp\/v2\/tags?post=1934"}],"curies":[{"name":"wp","href":"https:\/\/api.w.org\/{rel}","templated":true}]}}