{"id":19276,"date":"2024-12-19T09:31:21","date_gmt":"2024-12-19T12:31:21","guid":{"rendered":"https:\/\/guialimeira.com.br\/2024\/12\/19\/israel-bombardeia-alvos-portuarios-e-de-energia-no-iemen\/"},"modified":"2024-12-19T09:31:21","modified_gmt":"2024-12-19T12:31:21","slug":"israel-bombardeia-alvos-portuarios-e-de-energia-no-iemen","status":"publish","type":"post","link":"https:\/\/guialimeira.com.br\/news\/israel-bombardeia-alvos-portuarios-e-de-energia-no-iemen\/","title":{"rendered":"Israel bombardeia alvos portu\u00e1rios e de energia no I\u00eamen"},"content":{"rendered":"<p> <br \/>\n<\/p>\n<div>\n<p>\u00a0Israel lan\u00e7ou ataques contra portos e infraestrutura de energia em partes do I\u00eamen controladas pelos houthis, na madrugada desta quinta-feira (19), e amea\u00e7ou mais ataques contra o grupo militante alinhado ao Ir\u00e3, que lan\u00e7ou centenas de m\u00edsseis contra Israel no \u00faltimo ano.<img data-recalc-dims=\"1\" decoding=\"async\" src=\"https:\/\/i0.wp.com\/agenciabrasil.ebc.com.br\/ebc.png?w=696&#038;ssl=1\" style=\"width:1px; height:1px; display:inline;\"\/><img data-recalc-dims=\"1\" decoding=\"async\" src=\"https:\/\/i0.wp.com\/agenciabrasil.ebc.com.br\/ebc.gif?w=696&#038;ssl=1\" style=\"width:1px; height:1px; display:inline;\"\/><\/p>\n<p>Enquanto os jatos estavam no ar, os militares israelenses\u00a0\u00a0disseram que interceptaram um m\u00edssil em dire\u00e7\u00e3o \u00e0 regi\u00e3o central de Israel, que destruiu um pr\u00e9dio escolar na cidade de Ramat Efal.\u00a0<\/p>\n<p>O ataque israelense, que envolveu 14 ca\u00e7as e outras aeronaves, ocorreu em duas s\u00e9ries, com a primeira aos portos de Salif e Ras Issa e a segunda \u00e0\u00a0capital Sanaa, disse aos rep\u00f3rteres o porta-voz militar, tenente-coronel Nadav Shoshani.<\/p>\n<p>&#8220;Fizemos amplos preparativos para essas opera\u00e7\u00f5es, com esfor\u00e7os para refinar nossa intelig\u00eancia e otimizar os ataques&#8221;, afirmou.<\/p>\n<p>A Al Masirah TV, principal canal de not\u00edcias de televis\u00e3o administrado pelos houthis, informou\u00a0que os ataques a\u00e9reos mataram nove pessoas, sete em Salif e duas nas instala\u00e7\u00f5es de petr\u00f3leo de Ras Issa, ambas na prov\u00edncia ocidental de Hodeidah.<\/p>\n<p>Em Sanaa, os ataques tamb\u00e9m atingiram duas centrais el\u00e9tricas ao sul e ao norte da capital que, segundo a Al Masirah, cortaram a eletricidade de milhares de fam\u00edlias.<\/p>\n<p>Os ataques israelenses seguiram-se a um bombardeio,\u00a0na segunda-feira (16), por aeronaves dos Estados Unidos contra uma instala\u00e7\u00e3o de comando e controle operada pelos houthis, que controlam grande parte do I\u00eamen.<\/p>\n<p>Os houthis &#8211; que t\u00eam lan\u00e7ado ataques contra a navega\u00e7\u00e3o internacional perto do I\u00eamen desde novembro do ano passado, em solidariedade aos palestinos na guerra de Israel contra o Hamas &#8212; disseram que miraram a cidade israelense de Tel Aviv na mesma noite com dois m\u00edsseis bal\u00edsticos e atingiram &#8220;alvos militares precisos&#8221;.<\/p>\n<p>Eles tamb\u00e9m prometeram responder aos ataques israelenses.<\/p>\n<p>&#8220;O ataque israelense n\u00e3o impedir\u00e1 o I\u00eamen de responder a essa agress\u00e3o hedionda e apoiar Gaza&#8221;, disse o porta-voz militar do grupo, Yahya Saree, em pronunciamento\u00a0na televis\u00e3o.<\/p>\n<p><em><strong>*\u00c9 proibida a reprodu\u00e7\u00e3o deste conte\u00fado.<\/strong><\/em><\/p>\n<p>      <!-- Relacionada --><\/p>\n<p>            <!-- Relacionada -->\n    <\/div>\n<p><br \/>\n<br \/><a href=\"https:\/\/agenciabrasil.ebc.com.br\/internacional\/noticia\/2024-12\/israel-ataca-alvos-portuarios-e-de-energia-no-iemen\" rel=\"noopener\">Ag\u00eancia Brasil <\/a><\/p>\n","protected":false},"excerpt":{"rendered":"<p>\u00a0Israel lan\u00e7ou ataques contra portos e infraestrutura de energia em partes do I\u00eamen controladas pelos houthis, na madrugada desta quinta-feira (19), e amea\u00e7ou mais ataques contra o grupo militante alinhado ao Ir\u00e3, que lan\u00e7ou centenas de m\u00edsseis contra Israel no \u00faltimo ano. Enquanto os jatos estavam no ar, os militares israelenses\u00a0\u00a0disseram que interceptaram um m\u00edssil [&hellip;]<\/p>\n","protected":false},"author":1,"featured_media":19277,"comment_status":"open","ping_status":"open","sticky":false,"template":"","format":"standard","meta":{"_jetpack_newsletter_access":"","_jetpack_dont_email_post_to_subs":false,"_jetpack_newsletter_tier_id":0,"_jetpack_memberships_contains_paywalled_content":false,"_mbp_banners":[],"_jetpack_feature_clip_id":0,"_jetpack_memberships_contains_paid_content":false,"footnotes":"","jetpack_publicize_message":"","jetpack_publicize_feature_enabled":true,"jetpack_social_post_already_shared":true,"jetpack_social_options":{"image_generator_settings":{"template":"highway","default_image_id":0,"font":"","enabled":false},"version":2},"jetpack_post_was_ever_published":false},"categories":[25],"tags":[],"class_list":["post-19276","post","type-post","status-publish","format-standard","has-post-thumbnail","category-internacional"],"jetpack_publicize_connections":[],"jetpack-related-posts":[],"jetpack_shortlink":"https:\/\/wp.me\/p7Eq1F-50U","jetpack_sharing_enabled":true,"jetpack_featured_media_url":"https:\/\/i0.wp.com\/guialimeira.com.br\/news\/wp-content\/uploads\/2024\/12\/yemen_ocha_2017_buildingedt.jpg?fit=1600%2C800&ssl=1","_links":{"self":[{"href":"https:\/\/guialimeira.com.br\/news\/wp-json\/wp\/v2\/posts\/19276","targetHints":{"allow":["GET"]}}],"collection":[{"href":"https:\/\/guialimeira.com.br\/news\/wp-json\/wp\/v2\/posts"}],"about":[{"href":"https:\/\/guialimeira.com.br\/news\/wp-json\/wp\/v2\/types\/post"}],"author":[{"embeddable":true,"href":"https:\/\/guialimeira.com.br\/news\/wp-json\/wp\/v2\/users\/1"}],"replies":[{"embeddable":true,"href":"https:\/\/guialimeira.com.br\/news\/wp-json\/wp\/v2\/comments?post=19276"}],"version-history":[{"count":0,"href":"https:\/\/guialimeira.com.br\/news\/wp-json\/wp\/v2\/posts\/19276\/revisions"}],"wp:featuredmedia":[{"embeddable":true,"href":"https:\/\/guialimeira.com.br\/news\/wp-json\/wp\/v2\/media\/19277"}],"wp:attachment":[{"href":"https:\/\/guialimeira.com.br\/news\/wp-json\/wp\/v2\/media?parent=19276"}],"wp:term":[{"taxonomy":"category","embeddable":true,"href":"https:\/\/guialimeira.com.br\/news\/wp-json\/wp\/v2\/categories?post=19276"},{"taxonomy":"post_tag","embeddable":true,"href":"https:\/\/guialimeira.com.br\/news\/wp-json\/wp\/v2\/tags?post=19276"}],"curies":[{"name":"wp","href":"https:\/\/api.w.org\/{rel}","templated":true}]}}