{"id":1925,"date":"2024-04-19T08:29:43","date_gmt":"2024-04-19T11:29:43","guid":{"rendered":"https:\/\/guialimeira.com.br\/2024\/04\/19\/semuttran-executa-sinalizacao-horizontal-e-vertical-em-27-vias-portal-do-municipio-de-piracicaba\/"},"modified":"2024-04-19T08:29:43","modified_gmt":"2024-04-19T11:29:43","slug":"semuttran-executa-sinalizacao-horizontal-e-vertical-em-27-vias-portal-do-municipio-de-piracicaba","status":"publish","type":"post","link":"https:\/\/guialimeira.com.br\/news\/semuttran-executa-sinalizacao-horizontal-e-vertical-em-27-vias-portal-do-municipio-de-piracicaba\/","title":{"rendered":"Semuttran executa sinaliza\u00e7\u00e3o horizontal e vertical em 27 vias\u00a0 \u2013 Portal do Munic\u00edpio de Piracicaba"},"content":{"rendered":"<p> <br \/>\n<\/p>\n<div>\n<figure class=\"wp-block-image size-large\"><img data-recalc-dims=\"1\" fetchpriority=\"high\" decoding=\"async\" width=\"696\" height=\"464\" src=\"https:\/\/i0.wp.com\/piracicaba.sp.gov.br\/wp-content\/uploads\/2024\/04\/Avenida-Abel-Pereira-sinalizada-1024x682.jpg?resize=696%2C464&#038;ssl=1\" alt=\"Avenida Abel Pereira recebe nova sinaliza\u00e7\u00e3o.\" class=\"wp-image-77374\" srcset=\"https:\/\/piracicaba.sp.gov.br\/wp-content\/uploads\/2024\/04\/Avenida-Abel-Pereira-sinalizada-1024x682.jpg 1024w, https:\/\/piracicaba.sp.gov.br\/wp-content\/uploads\/2024\/04\/Avenida-Abel-Pereira-sinalizada-300x200.jpg 300w, https:\/\/piracicaba.sp.gov.br\/wp-content\/uploads\/2024\/04\/Avenida-Abel-Pereira-sinalizada-768x512.jpg 768w, https:\/\/piracicaba.sp.gov.br\/wp-content\/uploads\/2024\/04\/Avenida-Abel-Pereira-sinalizada-1536x1024.jpg 1536w, https:\/\/piracicaba.sp.gov.br\/wp-content\/uploads\/2024\/04\/Avenida-Abel-Pereira-sinalizada.jpg 2000w\" sizes=\"(max-width: 1024px) 100vw, 1024px\"\/><figcaption class=\"wp-element-caption\"><strong><sup>Avenida Abel P\u00e8reira sinalizada<\/sup><\/strong><\/figcaption><\/figure>\n<p>Entre os dias 11\/04\/2024 a 18\/04\/2024, por meio da Secretaria Municipal de Mobilidade Urbana, Tr\u00e2nsito e Transportes (Semuttran), foram realizados servi\u00e7os de sinaliza\u00e7\u00e3o horizontal e vertical em 27 vias, sendo 8 avenidas e 19 ruas.<\/p>\n<p>A a\u00e7\u00e3o faz parte da estrat\u00e9gia da Semuttran que realiza sistematicamente uma s\u00e9rie de servi\u00e7os de revitaliza\u00e7\u00e3o e refor\u00e7o de sinaliza\u00e7\u00e3o de tr\u00e2nsito horizontal e vertical em ruas e avenidas da cidade, com objetivo de garantir mais seguran\u00e7a para pedestres, ciclistas, motociclistas e motoristas no tr\u00e2nsito.<\/p>\n<p>Os servi\u00e7os tamb\u00e9m incluem faixa de pedestre, lombada, faixa elevada, eixo de rua, pare, zebrado, faixa de canaliza\u00e7\u00e3o e desacelera\u00e7\u00e3o, Linha de Redu\u00e7\u00e3o de Velocidade (LRV), entre outros.<\/p>\n<p>De acordo com a Semuttran, a tinta especial utilizada na sinaliza\u00e7\u00e3o horizontal cont\u00e9m microesferas de vidro, que permite melhor visualiza\u00e7\u00e3o por refletir a luz dos ve\u00edculos. Quando necess\u00e1rio, os servi\u00e7os tamb\u00e9m incluem a instala\u00e7\u00e3o de tach\u00e3o e tachinha e troca de placas da sinaliza\u00e7\u00e3o vertical e a\u00e9rea.<\/p>\n<figure class=\"wp-block-image size-large\"><img data-recalc-dims=\"1\" loading=\"lazy\" decoding=\"async\" width=\"696\" height=\"464\" src=\"https:\/\/i0.wp.com\/piracicaba.sp.gov.br\/wp-content\/uploads\/2024\/04\/Avenida-Antonio-Pizinato-Sturion-sinalizada-1024x682.jpg?resize=696%2C464&#038;ssl=1\" alt=\"Refor\u00e7o da sinaliza\u00e7\u00e3o horizontal com as palavras Lombada e Devagar, no asfalto, na cor branca.\" class=\"wp-image-77375\" srcset=\"https:\/\/piracicaba.sp.gov.br\/wp-content\/uploads\/2024\/04\/Avenida-Antonio-Pizinato-Sturion-sinalizada-1024x682.jpg 1024w, https:\/\/piracicaba.sp.gov.br\/wp-content\/uploads\/2024\/04\/Avenida-Antonio-Pizinato-Sturion-sinalizada-300x200.jpg 300w, https:\/\/piracicaba.sp.gov.br\/wp-content\/uploads\/2024\/04\/Avenida-Antonio-Pizinato-Sturion-sinalizada-768x512.jpg 768w, https:\/\/piracicaba.sp.gov.br\/wp-content\/uploads\/2024\/04\/Avenida-Antonio-Pizinato-Sturion-sinalizada-1536x1024.jpg 1536w, https:\/\/piracicaba.sp.gov.br\/wp-content\/uploads\/2024\/04\/Avenida-Antonio-Pizinato-Sturion-sinalizada.jpg 2000w\" sizes=\"auto, (max-width: 1024px) 100vw, 1024px\"\/><figcaption class=\"wp-element-caption\"><strong><sup>Avenida Antonio Pizinato Sturion sinalizada<\/sup><\/strong><\/figcaption><\/figure>\n<p><strong>AVENIDAS<\/strong><\/p>\n<p>Avenida Raposo Tavares<\/p>\n<p>Avenida Juscelino kubitscheck de Oliveira<\/p>\n<p>Avenida Consuelo Sunega Gibelli<\/p>\n<p>Avenida Francisco Mioto<\/p>\n<p>Avenida Francisco Luiz Razera<\/p>\n<p>Avenida Abel Francisco Pereira<\/p>\n<p>Avenida Ant\u00f4nio Pizinato Sturion<\/p>\n<p>Avenida Pompeia<\/p>\n<p><strong>RUAS<\/strong><\/p>\n<p>Rua Prof. Laura Fernandes de Campos Ferrari<\/p>\n<p>Rua Benjamin constant<\/p>\n<p>Rua Ipiranga<\/p>\n<p>Rua Das ametistas<\/p>\n<p>Rua XV de novembro<\/p>\n<p>Rua Jo\u00e3o Francisco Angeli<\/p>\n<p>Rua Geraldo Bizuti<\/p>\n<p>Rua Abelardo Benedicto Liborio<\/p>\n<p>Rua Dr. Maria Helena Senra da Rocha<\/p>\n<p>Rua Jos\u00e9 Pinto de Almeida<\/p>\n<p>Rua Ros\u00e1rio Takaki<\/p>\n<p>Rua Dr. Pl\u00ednio Camilo<\/p>\n<p>Rua Ant\u00f4nio Graneiro Lopes Filho<\/p>\n<p>Rua Ariovaldo Schnor<\/p>\n<p>Rua Treze de Maio<\/p>\n<p>Rua Dom Jo\u00e3o Nery<\/p>\n<p>Rua Nova Odessa<\/p>\n<p>Rua Jo\u00e3o Batista Campos Pinto<\/p>\n<p>Rua Gomes Carneiro<\/p>\n<\/div>\n<p><br \/>\n<br \/><a href=\"https:\/\/piracicaba.sp.gov.br\/noticias\/semuttran-executa-sinalizacao-horizontal-e-vertical-em-27-vias\/\" rel=\"noopener\">Informa\u00e7\u00f5es PMP <\/a><\/p>\n","protected":false},"excerpt":{"rendered":"<p>Avenida Abel P\u00e8reira sinalizada Entre os dias 11\/04\/2024 a 18\/04\/2024, por meio da Secretaria Municipal de Mobilidade Urbana, Tr\u00e2nsito e Transportes (Semuttran), foram realizados servi\u00e7os de sinaliza\u00e7\u00e3o horizontal e vertical em 27 vias, sendo 8 avenidas e 19 ruas. A a\u00e7\u00e3o faz parte da estrat\u00e9gia da Semuttran que realiza sistematicamente uma s\u00e9rie de servi\u00e7os de [&hellip;]<\/p>\n","protected":false},"author":1,"featured_media":1926,"comment_status":"open","ping_status":"open","sticky":false,"template":"","format":"standard","meta":{"_jetpack_newsletter_access":"","_jetpack_dont_email_post_to_subs":false,"_jetpack_newsletter_tier_id":0,"_jetpack_memberships_contains_paywalled_content":false,"_mbp_banners":[],"_jetpack_feature_clip_id":0,"_jetpack_memberships_contains_paid_content":false,"footnotes":"","jetpack_publicize_message":"","jetpack_publicize_feature_enabled":true,"jetpack_social_post_already_shared":true,"jetpack_social_options":{"image_generator_settings":{"template":"highway","default_image_id":0,"font":"","enabled":false},"version":2},"jetpack_post_was_ever_published":false},"categories":[20],"tags":[],"class_list":["post-1925","post","type-post","status-publish","format-standard","has-post-thumbnail","category-regiao"],"jetpack_publicize_connections":[],"jetpack-related-posts":[],"jetpack_shortlink":"https:\/\/wp.me\/p7Eq1F-v3","jetpack_sharing_enabled":true,"jetpack_featured_media_url":"https:\/\/i0.wp.com\/guialimeira.com.br\/news\/wp-content\/uploads\/2024\/04\/Avenida-Abel-Pereira-sinalizada-1024x682.jpg?fit=1024%2C682&ssl=1","_links":{"self":[{"href":"https:\/\/guialimeira.com.br\/news\/wp-json\/wp\/v2\/posts\/1925","targetHints":{"allow":["GET"]}}],"collection":[{"href":"https:\/\/guialimeira.com.br\/news\/wp-json\/wp\/v2\/posts"}],"about":[{"href":"https:\/\/guialimeira.com.br\/news\/wp-json\/wp\/v2\/types\/post"}],"author":[{"embeddable":true,"href":"https:\/\/guialimeira.com.br\/news\/wp-json\/wp\/v2\/users\/1"}],"replies":[{"embeddable":true,"href":"https:\/\/guialimeira.com.br\/news\/wp-json\/wp\/v2\/comments?post=1925"}],"version-history":[{"count":0,"href":"https:\/\/guialimeira.com.br\/news\/wp-json\/wp\/v2\/posts\/1925\/revisions"}],"wp:featuredmedia":[{"embeddable":true,"href":"https:\/\/guialimeira.com.br\/news\/wp-json\/wp\/v2\/media\/1926"}],"wp:attachment":[{"href":"https:\/\/guialimeira.com.br\/news\/wp-json\/wp\/v2\/media?parent=1925"}],"wp:term":[{"taxonomy":"category","embeddable":true,"href":"https:\/\/guialimeira.com.br\/news\/wp-json\/wp\/v2\/categories?post=1925"},{"taxonomy":"post_tag","embeddable":true,"href":"https:\/\/guialimeira.com.br\/news\/wp-json\/wp\/v2\/tags?post=1925"}],"curies":[{"name":"wp","href":"https:\/\/api.w.org\/{rel}","templated":true}]}}