{"id":19240,"date":"2024-12-18T18:11:14","date_gmt":"2024-12-18T21:11:14","guid":{"rendered":"https:\/\/guialimeira.com.br\/2024\/12\/18\/brasileiros-relatam-menor-renda-e-inseguranca-alimentar-apos-pandemia\/"},"modified":"2024-12-18T18:11:14","modified_gmt":"2024-12-18T21:11:14","slug":"brasileiros-relatam-menor-renda-e-inseguranca-alimentar-apos-pandemia","status":"publish","type":"post","link":"https:\/\/guialimeira.com.br\/news\/brasileiros-relatam-menor-renda-e-inseguranca-alimentar-apos-pandemia\/","title":{"rendered":"Brasileiros relatam menor renda e inseguran\u00e7a alimentar ap\u00f3s pandemia"},"content":{"rendered":"<p> <br \/>\n<\/p>\n<div>\n<p>A pesquisa <em>Epicovid 2.0: Inqu\u00e9rito nacional para avalia\u00e7\u00e3o da real dimens\u00e3o da pandemia de Covid-19 no Brasil<\/em>, realizada pelo Minist\u00e9rio da Sa\u00fade, mostra que 48,6% dos brasileiros relataram redu\u00e7\u00e3o na renda devido \u00e0 pandemia e 47,4% enfrentaram inseguran\u00e7a alimentar, ou seja, pessoas que n\u00e3o tinham a garantia de prover seu alimento diariamente.\u00a0<img data-recalc-dims=\"1\" decoding=\"async\" src=\"https:\/\/i0.wp.com\/agenciabrasil.ebc.com.br\/ebc.png?w=696&#038;ssl=1\" style=\"width:1px; height:1px; display:inline;\"\/><img data-recalc-dims=\"1\" decoding=\"async\" src=\"https:\/\/i0.wp.com\/agenciabrasil.ebc.com.br\/ebc.gif?w=696&#038;ssl=1\" style=\"width:1px; height:1px; display:inline;\"\/><\/p>\n<p>Os impactos foram mais frequentes nos mais pobres e nos domic\u00edlios chefiados por mulheres. Cerca de 34,9% das pessoas perderam o emprego e 21,5% interromperam os estudos durante a pandemia. Segundo o estudo, 14,7% dos entrevistados registraram morte de um familiar devido \u00e0 Covid-19.\u00a0<\/p>\n<p>A pesquisa mostra que mais de 28% da popula\u00e7\u00e3o brasileira, o equivalente a 60 milh\u00f5es de pessoas, relatou ter sido infectada pela doen\u00e7a.\u00a0<\/p>\n<h2>Pesquisa<\/h2>\n<p>O Epicovid 2.0 foi conduzido em 133 cidades brasileiras, com uma amostra de 33.250 entrevistas. As pessoas entrevistadas foram selecionadas aleatoriamente, com apenas uma pessoa por resid\u00eancia respondendo ao question\u00e1rio.\u00a0\u00a0<\/p>\n<p>Sob coordena\u00e7\u00e3o do Minist\u00e9rio da Sa\u00fade, a pesquisa foi realizada pela Universidade Federal de Pelotas (UFPel), com participa\u00e7\u00e3o da Universidade Cat\u00f3lica de Pelotas (UCPel), Universidade Federal de Ci\u00eancias da Sa\u00fade de Porto Alegre (UFCSPA), Funda\u00e7\u00e3o Oswaldo Cruz (Fiocruz) e Funda\u00e7\u00e3o Get\u00falio Vargas (FGV).\u00a0<\/p>\n<p>      <!-- Relacionada --><\/p>\n<p>            <!-- Relacionada -->\n    <\/div>\n<p><br \/>\n<br \/><a href=\"https:\/\/agenciabrasil.ebc.com.br\/saude\/noticia\/2024-12\/brasileiros-relatam-menor-renda-e-inseguranca-alimentar-apos-pandemia\" rel=\"noopener\">Ag\u00eancia Brasil <\/a><\/p>\n","protected":false},"excerpt":{"rendered":"<p>A pesquisa Epicovid 2.0: Inqu\u00e9rito nacional para avalia\u00e7\u00e3o da real dimens\u00e3o da pandemia de Covid-19 no Brasil, realizada pelo Minist\u00e9rio da Sa\u00fade, mostra que 48,6% dos brasileiros relataram redu\u00e7\u00e3o na renda devido \u00e0 pandemia e 47,4% enfrentaram inseguran\u00e7a alimentar, ou seja, pessoas que n\u00e3o tinham a garantia de prover seu alimento diariamente.\u00a0 Os impactos foram [&hellip;]<\/p>\n","protected":false},"author":1,"featured_media":19241,"comment_status":"open","ping_status":"open","sticky":false,"template":"","format":"standard","meta":{"_jetpack_newsletter_access":"","_jetpack_dont_email_post_to_subs":false,"_jetpack_newsletter_tier_id":0,"_jetpack_memberships_contains_paywalled_content":false,"_mbp_banners":[],"_jetpack_feature_clip_id":0,"_jetpack_memberships_contains_paid_content":false,"footnotes":"","jetpack_publicize_message":"","jetpack_publicize_feature_enabled":true,"jetpack_social_post_already_shared":true,"jetpack_social_options":{"image_generator_settings":{"template":"highway","default_image_id":0,"font":"","enabled":false},"version":2},"jetpack_post_was_ever_published":false},"categories":[15],"tags":[],"class_list":["post-19240","post","type-post","status-publish","format-standard","has-post-thumbnail","category-saude"],"jetpack_publicize_connections":[],"jetpack-related-posts":[],"jetpack_shortlink":"https:\/\/wp.me\/p7Eq1F-50k","jetpack_sharing_enabled":true,"jetpack_featured_media_url":"https:\/\/i0.wp.com\/guialimeira.com.br\/news\/wp-content\/uploads\/2024\/12\/02-10-2020_comercio_de_rua-3.jpg?fit=1600%2C800&ssl=1","_links":{"self":[{"href":"https:\/\/guialimeira.com.br\/news\/wp-json\/wp\/v2\/posts\/19240","targetHints":{"allow":["GET"]}}],"collection":[{"href":"https:\/\/guialimeira.com.br\/news\/wp-json\/wp\/v2\/posts"}],"about":[{"href":"https:\/\/guialimeira.com.br\/news\/wp-json\/wp\/v2\/types\/post"}],"author":[{"embeddable":true,"href":"https:\/\/guialimeira.com.br\/news\/wp-json\/wp\/v2\/users\/1"}],"replies":[{"embeddable":true,"href":"https:\/\/guialimeira.com.br\/news\/wp-json\/wp\/v2\/comments?post=19240"}],"version-history":[{"count":0,"href":"https:\/\/guialimeira.com.br\/news\/wp-json\/wp\/v2\/posts\/19240\/revisions"}],"wp:featuredmedia":[{"embeddable":true,"href":"https:\/\/guialimeira.com.br\/news\/wp-json\/wp\/v2\/media\/19241"}],"wp:attachment":[{"href":"https:\/\/guialimeira.com.br\/news\/wp-json\/wp\/v2\/media?parent=19240"}],"wp:term":[{"taxonomy":"category","embeddable":true,"href":"https:\/\/guialimeira.com.br\/news\/wp-json\/wp\/v2\/categories?post=19240"},{"taxonomy":"post_tag","embeddable":true,"href":"https:\/\/guialimeira.com.br\/news\/wp-json\/wp\/v2\/tags?post=19240"}],"curies":[{"name":"wp","href":"https:\/\/api.w.org\/{rel}","templated":true}]}}