{"id":1915,"date":"2024-04-19T07:46:44","date_gmt":"2024-04-19T10:46:44","guid":{"rendered":"https:\/\/guialimeira.com.br\/2024\/04\/19\/exposicao-debate-espaco-para-pessoas-negras-na-arte-contemporanea\/"},"modified":"2024-04-19T07:46:44","modified_gmt":"2024-04-19T10:46:44","slug":"exposicao-debate-espaco-para-pessoas-negras-na-arte-contemporanea","status":"publish","type":"post","link":"https:\/\/guialimeira.com.br\/news\/exposicao-debate-espaco-para-pessoas-negras-na-arte-contemporanea\/","title":{"rendered":"Exposi\u00e7\u00e3o debate espa\u00e7o para pessoas negras na arte contempor\u00e2nea"},"content":{"rendered":"<p> <br \/>\n<\/p>\n<div>\n<p>A presen\u00e7a de pessoas negras nos espa\u00e7os elitizados da arte contempor\u00e2nea \u00e9 o tema da s\u00e9rie <em>Novo Poder: Passabilidade<\/em>, do artista carioca Maxwell Alexandre. Crescido na favela da Rocinha, o artista tem explorado o assunto em pinturas desde 2021.<img data-recalc-dims=\"1\" decoding=\"async\" src=\"https:\/\/i0.wp.com\/agenciabrasil.ebc.com.br\/ebc.png?w=696&#038;ssl=1\" style=\"width:1px; height:1px; display:inline;\"\/><img data-recalc-dims=\"1\" decoding=\"async\" src=\"https:\/\/i0.wp.com\/agenciabrasil.ebc.com.br\/ebc.gif?w=696&#038;ssl=1\" style=\"width:1px; height:1px; display:inline;\"\/><\/p>\n<p>\u201cPara isso, dou \u00eanfase a tr\u00eas\u00a0signos b\u00e1sicos: as cores preta, branca e parda. Em Novo Poder, a cor preta atua como o corpo preto manifestado pela figura\u00e7\u00e3o de personagens; a cor branca aponta para o cubo branco espelhando o espa\u00e7o expositivo; e a cor parda representa a obra de arte e tamb\u00e9m faz autorrefer\u00eancia ao pr\u00f3prio papel que \u00e9 o suporte principal da s\u00e9rie\u201d, explica.<\/p>\n<p>Com 56 trabalhos, a s\u00e9rie pode ser vista a partir deste sexta-feira (19) no Sesc Avenida Paulista, na regi\u00e3o central da capital.<\/p>\n<div class=\"dnd-widget-wrapper context-grande_6colunas type-image atom-align-left\">\n<div class=\"dnd-atom-rendered\"><!-- scald=380853:grande_6colunas {\"additionalClasses\":\"\"} --><\/p>\n<div class=\"shadow overflow-hidden rounded-lg d-block w-100\">\n            <img data-recalc-dims=\"1\" decoding=\"async\" src=\"https:\/\/i0.wp.com\/agenciabrasil.ebc.com.br\/sites\/default\/files\/thumbnails\/image\/loading_v2.gif?w=696&#038;ssl=1\" data-echo=\"https:\/\/imagens.ebc.com.br\/lDGGebiD37oKPmPAvSvV8ZPz_dQ=\/463x0\/smart\/https:\/\/agenciabrasil.ebc.com.br\/sites\/default\/files\/thumbnails\/image\/2024\/04\/16\/33.ft_cortesia_estudio_megazord.jpg?itok=p3cfgmyk\" alt=\"Bras\u00edlia (DF) 16\/04\/2024 - Exposi\u00e7\u00e3o debate espa\u00e7o para pessoas negras na arte contempor\u00e2nea&#13;&#10;Arte Thiago Barros\/Divulga\u00e7\u00e3o\" title=\"Arte Thiago Barros\/Divulga\u00e7\u00e3o\" class=\"flex-fill img-cover\"\/><br \/>\n        <img data-recalc-dims=\"1\" decoding=\"async\" src=\"https:\/\/i0.wp.com\/imagens.ebc.com.br\/lDGGebiD37oKPmPAvSvV8ZPz_dQ%3D\/463x0\/smart\/https%3A\/\/agenciabrasil.ebc.com.br\/sites\/default\/files\/thumbnails\/image\/2024\/04\/16\/33.ft_cortesia_estudio_megazord.jpg?w=696&#038;ssl=1\" alt=\"Bras\u00edlia (DF) 16\/04\/2024 - Exposi\u00e7\u00e3o debate espa\u00e7o para pessoas negras na arte contempor\u00e2nea&#13;&#10;Arte Thiago Barros\/Divulga\u00e7\u00e3o\" title=\"Arte Thiago Barros\/Divulga\u00e7\u00e3o\" class=\"flex-fill img-cover\"\/>\n    <\/div>\n<p><!-- END scald=380853 --><\/div>\n<p><h6 class=\"meta\">Exposi\u00e7\u00e3o em SP re\u00fane trabalhos do artista carioca Maxwell Alexandre &#8211; <strong>Arte Thiago Barros\/Divulga\u00e7\u00e3o<\/strong><!--END copyright=380853--><\/h6>\n<\/p>\n<\/div>\n<p>Os contrastes que envolvem as pessoas negras transitando pelo \u201ccubo branco\u201d, jarg\u00e3o que determina espa\u00e7os expositivos tradicionais, s\u00e3o atenuados pelo fator da \u201cpassabilidade\u201d, como explica o artista.<\/p>\n<p>\u201c\u2018Passar\u2019 \u00e9 o mesmo que ser reconhecido na vida cotidiana como algu\u00e9m que est\u00e1 de acordo com as normas, sejam elas sociais, raciais ou de g\u00eanero\u2019, disse Maxwell em entrevista \u00e0 <strong>Ag\u00eancia Brasil<\/strong>.<\/p>\n<p>Por isso, a \u201c\u2018passabilidade\u2019 \u00e9 a forma segura e tranquila de pessoas pretas caminharem pelo cubo branco\u201d afirma. No entanto, na vis\u00e3o de Maxwell, as possibilidades se afunilam a depender do lugar social. \u201cAcredito que existam limites sim, dependendo de onde voc\u00ea vem, qual fen\u00f3tipo voc\u00ea tem, a cor da sua pele, voc\u00ea n\u00e3o vai conseguir alcan\u00e7ar certos lugares. Sobretudo dentro do mercado da arte contempor\u00e2nea\u201d, comenta.<\/p>\n<h2>Trajet\u00f3ria<\/h2>\n<p>O artista afirma enxergar na pr\u00f3pria trajet\u00f3ria, com ampla circula\u00e7\u00e3o em institui\u00e7\u00f5es internacionais e nacionais, como um sinal de mudan\u00e7a nas estruturas atuais. \u201cAcredito que eu mesmo seja uma profecia de \u2018Novo Poder\u2019 que est\u00e1 se cumprindo\u201d, diz o artista de 34 anos.<\/p>\n<p>Em 2021, Maxwell foi vencedor do pr\u00eamio Pipa, um dos mais importantes da artes visuais do pa\u00eds, e, em 2020, foi eleito artista do ano pelo Deutsche Bank. Em 2018, recebeu o Pr\u00eamio S\u00e3o Sebasti\u00e3o de Cultura da Associa\u00e7\u00e3o Cultural da Arquidiocese do Rio de Janeiro.<\/p>\n<p>Esteve no Museu de Arte Contempor\u00e2nea de Lyon, na Fran\u00e7a, com a exposi\u00e7\u00e3o <em>Pardo \u00e9 Papel<\/em>, e no Palais de Tokyo, em Paris, com a <em>Novo Poder<\/em>. Em Marraquexe, no Marrocos, participou da mostra coletiva<em> Have You Seen A Horizon Lately<\/em>, no Museu de Arte Contempor\u00e2nea Africana Al Maaden.<\/p>\n<p>Os trabalhos expostos no Sesc foram executados em um per\u00edodo de um m\u00eas em meio, em que o artista se baseou em fotografias, mas tamb\u00e9m em mem\u00f3rias pr\u00f3prias de cenas que presenciou.<\/p>\n<\/p><\/div>\n<p><br \/>\n<br \/><a href=\"https:\/\/agenciabrasil.ebc.com.br\/geral\/noticia\/2024-04\/exposicao-debate-espaco-para-pessoas-negras-na-arte-contemporanea\" rel=\"noopener\">Ag\u00eancia Brasil<\/a><\/p>\n","protected":false},"excerpt":{"rendered":"<p>A presen\u00e7a de pessoas negras nos espa\u00e7os elitizados da arte contempor\u00e2nea \u00e9 o tema da s\u00e9rie Novo Poder: Passabilidade, do artista carioca Maxwell Alexandre. Crescido na favela da Rocinha, o artista tem explorado o assunto em pinturas desde 2021. \u201cPara isso, dou \u00eanfase a tr\u00eas\u00a0signos b\u00e1sicos: as cores preta, branca e parda. Em Novo Poder, [&hellip;]<\/p>\n","protected":false},"author":1,"featured_media":1916,"comment_status":"open","ping_status":"open","sticky":false,"template":"","format":"standard","meta":{"_jetpack_newsletter_access":"","_jetpack_dont_email_post_to_subs":false,"_jetpack_newsletter_tier_id":0,"_jetpack_memberships_contains_paywalled_content":false,"_mbp_banners":[],"_jetpack_feature_clip_id":0,"_jetpack_memberships_contains_paid_content":false,"footnotes":"","jetpack_publicize_message":"","jetpack_publicize_feature_enabled":true,"jetpack_social_post_already_shared":true,"jetpack_social_options":{"image_generator_settings":{"template":"highway","default_image_id":0,"font":"","enabled":false},"version":2},"jetpack_post_was_ever_published":false},"categories":[1],"tags":[],"class_list":["post-1915","post","type-post","status-publish","format-standard","has-post-thumbnail","category-geral"],"jetpack_publicize_connections":[],"jetpack-related-posts":[],"jetpack_shortlink":"https:\/\/wp.me\/p7Eq1F-uT","jetpack_sharing_enabled":true,"jetpack_featured_media_url":"https:\/\/i0.wp.com\/guialimeira.com.br\/news\/wp-content\/uploads\/2024\/04\/13.ft_cortesia_estudio_megazord.jpg?fit=1600%2C800&ssl=1","_links":{"self":[{"href":"https:\/\/guialimeira.com.br\/news\/wp-json\/wp\/v2\/posts\/1915","targetHints":{"allow":["GET"]}}],"collection":[{"href":"https:\/\/guialimeira.com.br\/news\/wp-json\/wp\/v2\/posts"}],"about":[{"href":"https:\/\/guialimeira.com.br\/news\/wp-json\/wp\/v2\/types\/post"}],"author":[{"embeddable":true,"href":"https:\/\/guialimeira.com.br\/news\/wp-json\/wp\/v2\/users\/1"}],"replies":[{"embeddable":true,"href":"https:\/\/guialimeira.com.br\/news\/wp-json\/wp\/v2\/comments?post=1915"}],"version-history":[{"count":0,"href":"https:\/\/guialimeira.com.br\/news\/wp-json\/wp\/v2\/posts\/1915\/revisions"}],"wp:featuredmedia":[{"embeddable":true,"href":"https:\/\/guialimeira.com.br\/news\/wp-json\/wp\/v2\/media\/1916"}],"wp:attachment":[{"href":"https:\/\/guialimeira.com.br\/news\/wp-json\/wp\/v2\/media?parent=1915"}],"wp:term":[{"taxonomy":"category","embeddable":true,"href":"https:\/\/guialimeira.com.br\/news\/wp-json\/wp\/v2\/categories?post=1915"},{"taxonomy":"post_tag","embeddable":true,"href":"https:\/\/guialimeira.com.br\/news\/wp-json\/wp\/v2\/tags?post=1915"}],"curies":[{"name":"wp","href":"https:\/\/api.w.org\/{rel}","templated":true}]}}