{"id":1911,"date":"2024-04-19T07:28:44","date_gmt":"2024-04-19T10:28:44","guid":{"rendered":"https:\/\/guialimeira.com.br\/2024\/04\/19\/semuttran-gcm-e-pm-autuam-21-veiculos-por-infracoes-de-transito-portal-do-municipio-de-piracicaba\/"},"modified":"2024-04-19T07:28:44","modified_gmt":"2024-04-19T10:28:44","slug":"semuttran-gcm-e-pm-autuam-21-veiculos-por-infracoes-de-transito-portal-do-municipio-de-piracicaba","status":"publish","type":"post","link":"https:\/\/guialimeira.com.br\/news\/semuttran-gcm-e-pm-autuam-21-veiculos-por-infracoes-de-transito-portal-do-municipio-de-piracicaba\/","title":{"rendered":"Semuttran, GCM e PM autuam 21 ve\u00edculos por infra\u00e7\u00f5es de tr\u00e2nsito \u2013 Portal do Munic\u00edpio de Piracicaba"},"content":{"rendered":"<p> <br \/>\n<\/p>\n<div itemprop=\"articleBody\">\n<div class=\"m-auto col-lg-8\">\n<p>Agentes da Secretaria Municipal de Mobilidade Urbana, Tr\u00e2nsito e Transportes (Semuttran), Guarda Civil Municipal (GCM) e Pol\u00edcia Militar realizaram duas opera\u00e7\u00f5es conjuntas com o objetivo de fiscalizar irregularidades de tr\u00e2nsito. As a\u00e7\u00f5es foram deflagradas nos dias 10 e 17 de abril, pr\u00f3ximo ao cruzamento entre as avenidas Alidor Pecorari e Doutor Paulo de Moraes, na regi\u00e3o do Parque da Rua do Porto. Ao todo, foram fiscalizados 160 ve\u00edculos com a autua\u00e7\u00e3o de 21, entre autom\u00f3veis e motocicletas.<\/p>\n<p>\u201cDesde o segundo semestre de 2023, as for\u00e7as de seguran\u00e7a do nosso munic\u00edpio v\u00eam executando opera\u00e7\u00f5es de fiscaliza\u00e7\u00e3o nas principais vias de Piracicaba com a finalidade principal de verificar as condi\u00e7\u00f5es gerais dos ve\u00edculos e as documenta\u00e7\u00f5es de porte obrigat\u00f3rio, al\u00e9m de fiscalizar motociclistas que alteram os escapamentos com ru\u00eddos acima do permitido. Tamb\u00e9m fazemos orienta\u00e7\u00f5es aos motoristas para manter ve\u00edculos e documenta\u00e7\u00f5es em dia para evitar qualquer tipo de problemas\u201d, explica o subinspetor da GCM, Marcos Rodrigues.<\/p>\n<figure class=\"wp-block-image size-large\"><img data-recalc-dims=\"1\" fetchpriority=\"high\" decoding=\"async\" width=\"696\" height=\"522\" src=\"https:\/\/i0.wp.com\/piracicaba.sp.gov.br\/wp-content\/uploads\/2024\/04\/Operacoes-conjuntas-realizadas-desde-2023-entre-GCM-Semuttran-e-PM-fiscalizam-infracoes-de-transito-1024x768.jpeg?resize=696%2C522&#038;ssl=1\" alt=\"\" class=\"wp-image-77380\" srcset=\"https:\/\/piracicaba.sp.gov.br\/wp-content\/uploads\/2024\/04\/Operacoes-conjuntas-realizadas-desde-2023-entre-GCM-Semuttran-e-PM-fiscalizam-infracoes-de-transito-1024x768.jpeg 1024w, https:\/\/piracicaba.sp.gov.br\/wp-content\/uploads\/2024\/04\/Operacoes-conjuntas-realizadas-desde-2023-entre-GCM-Semuttran-e-PM-fiscalizam-infracoes-de-transito-300x225.jpeg 300w, https:\/\/piracicaba.sp.gov.br\/wp-content\/uploads\/2024\/04\/Operacoes-conjuntas-realizadas-desde-2023-entre-GCM-Semuttran-e-PM-fiscalizam-infracoes-de-transito-768x576.jpeg 768w, https:\/\/piracicaba.sp.gov.br\/wp-content\/uploads\/2024\/04\/Operacoes-conjuntas-realizadas-desde-2023-entre-GCM-Semuttran-e-PM-fiscalizam-infracoes-de-transito.jpeg 1280w\" sizes=\"(max-width: 1024px) 100vw, 1024px\"\/><figcaption class=\"wp-element-caption\"><strong><em><sub>Opera\u00e7\u00f5es conjuntas realizadas desde 2023 entre GCM, Semuttran e PM fiscalizam infra\u00e7\u00f5es de tr\u00e2nsito<\/sub><\/em><\/strong><\/figcaption><\/figure>\n<p>Na opera\u00e7\u00e3o realizada ontem, 17\/04, entre 14h30 e 16h, os agentes fiscalizaram 48 autom\u00f3veis e 42 motocicletas (90 ve\u00edculos no total). Entre eles, foram encontradas irregularidades em 10 ve\u00edculos, que foram autuados, al\u00e9m do bloqueio de dois CRLV (Certificado de Registro e Licenciamento de Ve\u00edculo) e apreens\u00e3o de um ve\u00edculo, que foi levado para o p\u00e1tio.<\/p>\n<p>Na opera\u00e7\u00e3o anterior, realizada na quarta-feira, 10\/04, na mesma faixa de hor\u00e1rio,\u00a0foram fiscalizados 90 ve\u00edculos, sendo 48 autom\u00f3veis e 42 motocicletas. No total foram 11 autos de infra\u00e7\u00f5es, com o bloqueio de seis registros de licenciamento.<\/p>\n<figure class=\"wp-block-image size-large is-resized\"><img data-recalc-dims=\"1\" loading=\"lazy\" decoding=\"async\" width=\"696\" height=\"392\" src=\"https:\/\/i0.wp.com\/piracicaba.sp.gov.br\/wp-content\/uploads\/2024\/04\/Operacao-entre-GCM-PM-e-Semuttran-realizada-proximo-ao-Parque-da-Rua-do-Porto-no-dia-17-de-abril-1024x576.jpg?resize=696%2C392&#038;ssl=1\" alt=\"\" class=\"wp-image-77379\" style=\"width:840px;height:auto\" srcset=\"https:\/\/piracicaba.sp.gov.br\/wp-content\/uploads\/2024\/04\/Operacao-entre-GCM-PM-e-Semuttran-realizada-proximo-ao-Parque-da-Rua-do-Porto-no-dia-17-de-abril-1024x576.jpg 1024w, https:\/\/piracicaba.sp.gov.br\/wp-content\/uploads\/2024\/04\/Operacao-entre-GCM-PM-e-Semuttran-realizada-proximo-ao-Parque-da-Rua-do-Porto-no-dia-17-de-abril-300x169.jpg 300w, https:\/\/piracicaba.sp.gov.br\/wp-content\/uploads\/2024\/04\/Operacao-entre-GCM-PM-e-Semuttran-realizada-proximo-ao-Parque-da-Rua-do-Porto-no-dia-17-de-abril-768x432.jpg 768w, https:\/\/piracicaba.sp.gov.br\/wp-content\/uploads\/2024\/04\/Operacao-entre-GCM-PM-e-Semuttran-realizada-proximo-ao-Parque-da-Rua-do-Porto-no-dia-17-de-abril-1536x864.jpg 1536w, https:\/\/piracicaba.sp.gov.br\/wp-content\/uploads\/2024\/04\/Operacao-entre-GCM-PM-e-Semuttran-realizada-proximo-ao-Parque-da-Rua-do-Porto-no-dia-17-de-abril.jpg 1599w\" sizes=\"auto, (max-width: 1024px) 100vw, 1024px\"\/><figcaption class=\"wp-element-caption\"><strong><em><sub>Opera\u00e7\u00e3o entre GCM, PM e Semuttran realizada pr\u00f3ximo ao Parque da Rua do Porto no dia 17 de abril<\/sub><\/em><\/strong><\/figcaption><\/figure>\n<p>Cada opera\u00e7\u00e3o teve o envolvimento de uma equipe da Semuttran, uma equipe da 4\u00aa Companhia da PM, tr\u00eas bases m\u00f3veis e uma equipe da Romo (Ronda Ostensiva com Motocicletas) da GCM.<\/p>\n<\/div>\n<\/div>\n<p><br \/>\n<br \/><a href=\"https:\/\/piracicaba.sp.gov.br\/noticias\/semuttran-gcm-e-pm-autuam-21-veiculos-por-infracoes-de-transito\/\" rel=\"noopener\">Informa\u00e7\u00f5es PMP <\/a><\/p>\n","protected":false},"excerpt":{"rendered":"<p>Agentes da Secretaria Municipal de Mobilidade Urbana, Tr\u00e2nsito e Transportes (Semuttran), Guarda Civil Municipal (GCM) e Pol\u00edcia Militar realizaram duas opera\u00e7\u00f5es conjuntas com o objetivo de fiscalizar irregularidades de tr\u00e2nsito. As a\u00e7\u00f5es foram deflagradas nos dias 10 e 17 de abril, pr\u00f3ximo ao cruzamento entre as avenidas Alidor Pecorari e Doutor Paulo de Moraes, na [&hellip;]<\/p>\n","protected":false},"author":1,"featured_media":1912,"comment_status":"open","ping_status":"open","sticky":false,"template":"","format":"standard","meta":{"_jetpack_newsletter_access":"","_jetpack_dont_email_post_to_subs":false,"_jetpack_newsletter_tier_id":0,"_jetpack_memberships_contains_paywalled_content":false,"_mbp_banners":[],"_jetpack_feature_clip_id":0,"_jetpack_memberships_contains_paid_content":false,"footnotes":"","jetpack_publicize_message":"","jetpack_publicize_feature_enabled":true,"jetpack_social_post_already_shared":true,"jetpack_social_options":{"image_generator_settings":{"template":"highway","default_image_id":0,"font":"","enabled":false},"version":2},"jetpack_post_was_ever_published":false},"categories":[20],"tags":[],"class_list":["post-1911","post","type-post","status-publish","format-standard","has-post-thumbnail","category-regiao"],"jetpack_publicize_connections":[],"jetpack-related-posts":[],"jetpack_shortlink":"https:\/\/wp.me\/p7Eq1F-uP","jetpack_sharing_enabled":true,"jetpack_featured_media_url":"https:\/\/i0.wp.com\/guialimeira.com.br\/news\/wp-content\/uploads\/2024\/04\/Operacoes-conjuntas-realizadas-desde-2023-entre-GCM-Semuttran-e-PM-fiscalizam-infracoes-de-transito-1024x768.jpeg?fit=1024%2C768&ssl=1","_links":{"self":[{"href":"https:\/\/guialimeira.com.br\/news\/wp-json\/wp\/v2\/posts\/1911","targetHints":{"allow":["GET"]}}],"collection":[{"href":"https:\/\/guialimeira.com.br\/news\/wp-json\/wp\/v2\/posts"}],"about":[{"href":"https:\/\/guialimeira.com.br\/news\/wp-json\/wp\/v2\/types\/post"}],"author":[{"embeddable":true,"href":"https:\/\/guialimeira.com.br\/news\/wp-json\/wp\/v2\/users\/1"}],"replies":[{"embeddable":true,"href":"https:\/\/guialimeira.com.br\/news\/wp-json\/wp\/v2\/comments?post=1911"}],"version-history":[{"count":0,"href":"https:\/\/guialimeira.com.br\/news\/wp-json\/wp\/v2\/posts\/1911\/revisions"}],"wp:featuredmedia":[{"embeddable":true,"href":"https:\/\/guialimeira.com.br\/news\/wp-json\/wp\/v2\/media\/1912"}],"wp:attachment":[{"href":"https:\/\/guialimeira.com.br\/news\/wp-json\/wp\/v2\/media?parent=1911"}],"wp:term":[{"taxonomy":"category","embeddable":true,"href":"https:\/\/guialimeira.com.br\/news\/wp-json\/wp\/v2\/categories?post=1911"},{"taxonomy":"post_tag","embeddable":true,"href":"https:\/\/guialimeira.com.br\/news\/wp-json\/wp\/v2\/tags?post=1911"}],"curies":[{"name":"wp","href":"https:\/\/api.w.org\/{rel}","templated":true}]}}