{"id":19046,"date":"2024-12-16T08:35:00","date_gmt":"2024-12-16T11:35:00","guid":{"rendered":"https:\/\/guialimeira.com.br\/?p=19046"},"modified":"2024-12-16T08:35:02","modified_gmt":"2024-12-16T11:35:02","slug":"confira-as-vagas-disponiveis-no-pat-limeira-para-esta-segunda-feira-16","status":"publish","type":"post","link":"https:\/\/guialimeira.com.br\/news\/confira-as-vagas-disponiveis-no-pat-limeira-para-esta-segunda-feira-16\/","title":{"rendered":"Confira as vagas dispon\u00edveis no PAT Limeira para esta segunda-feira (16)"},"content":{"rendered":"\n<p class=\"wp-block-paragraph\">Os interessados devem comparecer \u00e0 unidade do PAT Limeira, localizada na Rua Tiradentes, 1.366 (dentro do P\u00e1tio Limeira Shopping, 1\u00ba andar), at\u00e9 as 16h, portando curr\u00edculo atualizado, RG, CPF e Carteira de Trabalho (f\u00edsica ou digital) para triagem. A coordena\u00e7\u00e3o do PAT destaca que o quadro de vagas est\u00e1 sujeito \u00e0 altera\u00e7\u00e3o no decorrer do dia.&nbsp;A descri\u00e7\u00e3o completa dos cargos est\u00e1 dispon\u00edvel no link:&nbsp;<a href=\"http:\/\/limeira.sp.gov.br\/principal\/vagas-de-emprego\" target=\"_blank\" rel=\"noreferrer noopener\">limeira.sp.gov.br\/principal\/vagas-de-emprego<\/a><\/p>\n\n\n\n<p class=\"wp-block-paragraph\">AJUDANTE DE MOTORISTA &nbsp;MTE (8087284).<\/p>\n\n\n\n<p class=\"wp-block-paragraph\">ALMOXARIFADO &nbsp; MTE (8078830).<\/p>\n\n\n\n<p class=\"wp-block-paragraph\">ASSISTENTE DE DESENVOLVIMENTO FAMILIAR &nbsp;MTE (8035761).<\/p>\n\n\n\n<p class=\"wp-block-paragraph\">ATENDENTE DE LANCHONETE &nbsp;MTE (8077487).<\/p>\n\n\n\n<p class=\"wp-block-paragraph\">ATENDENTE DE VENDAS &nbsp;MTE (8077309).<br><\/p>\n\n\n\n<p class=\"wp-block-paragraph\">AUXILIAR DE ELETRICISTA &nbsp;MTE (8081995).<\/p>\n\n\n\n<p class=\"wp-block-paragraph\">AUXILIAR DE LIMPEZA &nbsp;MTE (8079988).<\/p>\n\n\n\n<p class=\"wp-block-paragraph\">AUXILIAR DE LIMPEZA &nbsp;MTE (8085947).<\/p>\n\n\n\n<p class=\"wp-block-paragraph\">CONFEITEIRO &nbsp; MTE (8080931).<\/p>\n\n\n\n<p class=\"wp-block-paragraph\">CONTROLADOR DE ACESSO &nbsp;MTE (8041385).<\/p>\n\n\n\n<p class=\"wp-block-paragraph\">CUIDADORA RESIDENTE SUBSTITUTA &nbsp;MTE (7987366).<br><\/p>\n\n\n\n<p class=\"wp-block-paragraph\">JARDINEIRO &nbsp; MTE (8080648).<br><\/p>\n\n\n\n<p class=\"wp-block-paragraph\">OPERADOR DE PRODU\u00c7\u00c3O III &nbsp;MTE (8045225).<\/p>\n\n\n\n<p class=\"wp-block-paragraph\">OPERADOR DE RETROESCAVADEIRA E MINICARREGADEIRA &nbsp;MTE (8077588).<\/p>\n\n\n\n<p class=\"wp-block-paragraph\">OPERADOR DE TELEATENDIMENTO RECEPTIVO &#8211; SAC &nbsp;MTE (7990263).<\/p>\n\n\n\n<p class=\"wp-block-paragraph\">Fonte: PAT<\/p>\n","protected":false},"excerpt":{"rendered":"<p>Os interessados devem comparecer \u00e0 unidade do PAT Limeira, localizada na Rua Tiradentes, 1.366 (dentro do P\u00e1tio Limeira Shopping, 1\u00ba andar), at\u00e9 as 16h, portando curr\u00edculo atualizado, RG, CPF e Carteira de Trabalho (f\u00edsica ou digital) para triagem. A coordena\u00e7\u00e3o do PAT destaca que o quadro de vagas est\u00e1 sujeito \u00e0 altera\u00e7\u00e3o no decorrer do [&hellip;]<\/p>\n","protected":false},"author":1,"featured_media":5781,"comment_status":"open","ping_status":"open","sticky":false,"template":"","format":"standard","meta":{"_jetpack_newsletter_access":"","_jetpack_dont_email_post_to_subs":false,"_jetpack_newsletter_tier_id":0,"_jetpack_memberships_contains_paywalled_content":false,"_mbp_banners":[],"_jetpack_feature_clip_id":0,"_jetpack_memberships_contains_paid_content":false,"footnotes":"","jetpack_publicize_message":"","jetpack_publicize_feature_enabled":true,"jetpack_social_post_already_shared":true,"jetpack_social_options":{"image_generator_settings":{"template":"highway","default_image_id":0,"font":"","enabled":false},"version":2},"jetpack_post_was_ever_published":false},"categories":[17],"tags":[],"class_list":["post-19046","post","type-post","status-publish","format-standard","has-post-thumbnail","category-empregos"],"jetpack_publicize_connections":[],"jetpack-related-posts":[],"jetpack_shortlink":"https:\/\/wp.me\/p7Eq1F-4Xc","jetpack_sharing_enabled":true,"jetpack_featured_media_url":"https:\/\/i0.wp.com\/guialimeira.com.br\/news\/wp-content\/uploads\/2024\/05\/SP-registra-taxa-de-desemprego-menor-e-rendimento-maior-que.jpg?fit=2000%2C1334&ssl=1","_links":{"self":[{"href":"https:\/\/guialimeira.com.br\/news\/wp-json\/wp\/v2\/posts\/19046","targetHints":{"allow":["GET"]}}],"collection":[{"href":"https:\/\/guialimeira.com.br\/news\/wp-json\/wp\/v2\/posts"}],"about":[{"href":"https:\/\/guialimeira.com.br\/news\/wp-json\/wp\/v2\/types\/post"}],"author":[{"embeddable":true,"href":"https:\/\/guialimeira.com.br\/news\/wp-json\/wp\/v2\/users\/1"}],"replies":[{"embeddable":true,"href":"https:\/\/guialimeira.com.br\/news\/wp-json\/wp\/v2\/comments?post=19046"}],"version-history":[{"count":2,"href":"https:\/\/guialimeira.com.br\/news\/wp-json\/wp\/v2\/posts\/19046\/revisions"}],"predecessor-version":[{"id":19048,"href":"https:\/\/guialimeira.com.br\/news\/wp-json\/wp\/v2\/posts\/19046\/revisions\/19048"}],"wp:featuredmedia":[{"embeddable":true,"href":"https:\/\/guialimeira.com.br\/news\/wp-json\/wp\/v2\/media\/5781"}],"wp:attachment":[{"href":"https:\/\/guialimeira.com.br\/news\/wp-json\/wp\/v2\/media?parent=19046"}],"wp:term":[{"taxonomy":"category","embeddable":true,"href":"https:\/\/guialimeira.com.br\/news\/wp-json\/wp\/v2\/categories?post=19046"},{"taxonomy":"post_tag","embeddable":true,"href":"https:\/\/guialimeira.com.br\/news\/wp-json\/wp\/v2\/tags?post=19046"}],"curies":[{"name":"wp","href":"https:\/\/api.w.org\/{rel}","templated":true}]}}