{"id":18978,"date":"2024-12-14T11:23:06","date_gmt":"2024-12-14T14:23:06","guid":{"rendered":"https:\/\/guialimeira.com.br\/2024\/12\/14\/covid-19-saiba-como-fica-vacinacao-de-idosos-no-calendario-anual\/"},"modified":"2024-12-14T11:23:06","modified_gmt":"2024-12-14T14:23:06","slug":"covid-19-saiba-como-fica-vacinacao-de-idosos-no-calendario-anual","status":"publish","type":"post","link":"https:\/\/guialimeira.com.br\/news\/covid-19-saiba-como-fica-vacinacao-de-idosos-no-calendario-anual\/","title":{"rendered":"Covid-19: Saiba como fica vacina\u00e7\u00e3o de idosos no calend\u00e1rio anual"},"content":{"rendered":"<p> <br \/>\n<\/p>\n<div>\n<p>O Minist\u00e9rio da Sa\u00fade atualizou a estrat\u00e9gia de vacina\u00e7\u00e3o contra a covid-19 e a inclus\u00e3o de idosos e gestantes no Calend\u00e1rio Nacional de Vacina\u00e7\u00e3o est\u00e1 entre as principais novidades. As gr\u00e1vidas dever\u00e3o ser imunizadas com uma dose a cada gesta\u00e7\u00e3o e os idosos receber\u00e3o uma dose a cada seis meses.<img data-recalc-dims=\"1\" decoding=\"async\" src=\"https:\/\/i0.wp.com\/agenciabrasil.ebc.com.br\/ebc.png?w=696&#038;ssl=1\" style=\"width:1px; height:1px; display:inline;\"\/><img data-recalc-dims=\"1\" decoding=\"async\" src=\"https:\/\/i0.wp.com\/agenciabrasil.ebc.com.br\/ebc.gif?w=696&#038;ssl=1\" style=\"width:1px; height:1px; display:inline;\"\/><\/p>\n<p>Al\u00e9m disso, o esquema vacinal prim\u00e1rio para crian\u00e7as de 6 meses a menores de 5 anos de idade, que j\u00e1 constava do calend\u00e1rio anual, passar\u00e1 a ser com tr\u00eas doses da vacina da Pfizer. Ainda, o governo incluir\u00e1 o <a href=\"https:\/\/agenciabrasil.ebc.com.br\/saude\/noticia\/2024-01\/vacina-recombinante-zalika-contra-covid-19-e-registrada-pela-anvisa\" target=\"_blank\" rel=\"noopener\">imunizante da Zalika<\/a> Farmac\u00eautica\u00a0no Programa Nacional de Imuniza\u00e7\u00f5es (PNI), para pessoas com mais de 12 anos.<\/p>\n<p>As novas orienta\u00e7\u00f5es j\u00e1 foram enviadas para as secretarias de Sa\u00fade de todos os estados e do Distrito Federal. O <a href=\"https:\/\/www.gov.br\/saude\/pt-br\/vacinacao\/publicacoes\/estrategia-de-vacinacao-contra-a-covid-19-2024-2a-edicao\/\" target=\"_blank\" rel=\"noopener\">informe t\u00e9cnico <\/a>com as atualiza\u00e7\u00f5es\u00a0foi publicado nesta semana na p\u00e1gina do Minist\u00e9rio da Sa\u00fade.<\/p>\n<h2>Grupos priorit\u00e1rios<\/h2>\n<p>Al\u00e9m da vacina\u00e7\u00e3o de rotina das crian\u00e7as de 6 meses a menores de 5 anos de idade, idosos com 60 anos ou mais e gestantes, o Minist\u00e9rio da Sa\u00fade vacina outros grupos especiais, periodicamente, em qualquer sala de vacina.<\/p>\n<p>S\u00e3o eles:<\/p>\n<p>&#8211; Pessoas imunocomprometidas;<\/p>\n<p>&#8211; Pessoas vivendo em institui\u00e7\u00f5es de longa perman\u00eancia;<\/p>\n<p>&#8211; Ind\u00edgenas vivendo fora e em terra ind\u00edgena;<\/p>\n<p>&#8211; Ribeirinhos;<\/p>\n<p>&#8211; Quilombolas;<\/p>\n<p>&#8211; Pu\u00e9rperas;<\/p>\n<p>&#8211; Trabalhadores da sa\u00fade;<\/p>\n<p>&#8211; Pessoas com defici\u00eancia permanente;<\/p>\n<p>&#8211; Pessoas com comorbidades;<\/p>\n<p>&#8211; Pessoas privadas de liberdade;<\/p>\n<p>&#8211; Funcion\u00e1rios do sistema de priva\u00e7\u00e3o de liberdade;<\/p>\n<p>&#8211; Adolescentes e jovens cumprindo medidas socioeducativas;<\/p>\n<p>&#8211; Pessoas em situa\u00e7\u00e3o de rua.<\/p>\n<p>A recomenda\u00e7\u00e3o \u00e9 de uma dose a cada seis meses para imunocomprometidos e a cada ano para os demais grupos, independentemente do n\u00famero de doses pr\u00e9vias de vacinas contra covid-19.<\/p>\n<h2>Imunizantes<\/h2>\n<p>Os imunizantes em uso na rede p\u00fablica do Brasil s\u00e3o a Spikevax, da Moderna; a Comirnaty, da Pfizer; e a vacina da Zalika Farmac\u00eautica. A indica\u00e7\u00e3o para cada uma depende da idade e do hist\u00f3rico de vacina\u00e7\u00e3o pr\u00e9via do indiv\u00edduo, bem como do estoque dispon\u00edvel.<\/p>\n<p>A vacina da Zalika, segundo o Minist\u00e9rio da Sa\u00fade, tem vantagens log\u00edsticas como o alto prazo de validade e a facilidade para o transporte e armazenamento, j\u00e1 que pode ser conservada em temperatura entre 2\u00b0C e 8\u00b0C. Ela ser\u00e1 utilizada no Brasil para indiv\u00edduos com 12 anos ou mais, faixa et\u00e1ria aprovada pela Ag\u00eancia Nacional de Vigil\u00e2ncia Sanit\u00e1ria (Anvisa).<\/p>\n<p>J\u00e1 os imunizantes da Pfizer e Moderna est\u00e3o liberados para toda a popula\u00e7\u00e3o a partir dos 6 meses de idade.<\/p>\n<p>De acordo com a pasta, para as crian\u00e7as com menos de 12 anos, ser\u00e1 distribu\u00edda a vacina da Pfizer. As crian\u00e7as que iniciarem o esquema com essa vacina dever\u00e3o receber tr\u00eas doses do imunizante, com intervalos de quatro semanas entre a primeira e a segunda dose; e de oito semanas entre a segunda e terceira dose.<\/p>\n<p>\u00a0J\u00e1 as crian\u00e7as que iniciaram o esquema com a vacina da Moderna devem concluir o esquema de duas doses com esse mesmo imunizante, com intervalo de quatro semanas entre a primeira e a segunda dose.<\/p>\n<p>      <!-- Relacionada --><\/p>\n<p>            <!-- Relacionada -->\n    <\/div>\n<p><br \/>\n<br \/><a href=\"https:\/\/agenciabrasil.ebc.com.br\/saude\/noticia\/2024-12\/covid-19-saiba-como-fica-vacinacao-com-idosos-no-calendario-anual\" rel=\"noopener\">Ag\u00eancia Brasil <\/a><\/p>\n","protected":false},"excerpt":{"rendered":"<p>O Minist\u00e9rio da Sa\u00fade atualizou a estrat\u00e9gia de vacina\u00e7\u00e3o contra a covid-19 e a inclus\u00e3o de idosos e gestantes no Calend\u00e1rio Nacional de Vacina\u00e7\u00e3o est\u00e1 entre as principais novidades. As gr\u00e1vidas dever\u00e3o ser imunizadas com uma dose a cada gesta\u00e7\u00e3o e os idosos receber\u00e3o uma dose a cada seis meses. Al\u00e9m disso, o esquema vacinal [&hellip;]<\/p>\n","protected":false},"author":1,"featured_media":18979,"comment_status":"open","ping_status":"open","sticky":false,"template":"","format":"standard","meta":{"_jetpack_newsletter_access":"","_jetpack_dont_email_post_to_subs":false,"_jetpack_newsletter_tier_id":0,"_jetpack_memberships_contains_paywalled_content":false,"_mbp_banners":[],"_jetpack_feature_clip_id":0,"_jetpack_memberships_contains_paid_content":false,"footnotes":"","jetpack_publicize_message":"","jetpack_publicize_feature_enabled":true,"jetpack_social_post_already_shared":true,"jetpack_social_options":{"image_generator_settings":{"template":"highway","default_image_id":0,"font":"","enabled":false},"version":2},"jetpack_post_was_ever_published":false},"categories":[15],"tags":[],"class_list":["post-18978","post","type-post","status-publish","format-standard","has-post-thumbnail","category-saude"],"jetpack_publicize_connections":[],"jetpack-related-posts":[],"jetpack_shortlink":"https:\/\/wp.me\/p7Eq1F-4W6","jetpack_sharing_enabled":true,"jetpack_featured_media_url":"https:\/\/i0.wp.com\/guialimeira.com.br\/news\/wp-content\/uploads\/2024\/12\/img_3892.jpg?fit=1600%2C800&ssl=1","_links":{"self":[{"href":"https:\/\/guialimeira.com.br\/news\/wp-json\/wp\/v2\/posts\/18978","targetHints":{"allow":["GET"]}}],"collection":[{"href":"https:\/\/guialimeira.com.br\/news\/wp-json\/wp\/v2\/posts"}],"about":[{"href":"https:\/\/guialimeira.com.br\/news\/wp-json\/wp\/v2\/types\/post"}],"author":[{"embeddable":true,"href":"https:\/\/guialimeira.com.br\/news\/wp-json\/wp\/v2\/users\/1"}],"replies":[{"embeddable":true,"href":"https:\/\/guialimeira.com.br\/news\/wp-json\/wp\/v2\/comments?post=18978"}],"version-history":[{"count":0,"href":"https:\/\/guialimeira.com.br\/news\/wp-json\/wp\/v2\/posts\/18978\/revisions"}],"wp:featuredmedia":[{"embeddable":true,"href":"https:\/\/guialimeira.com.br\/news\/wp-json\/wp\/v2\/media\/18979"}],"wp:attachment":[{"href":"https:\/\/guialimeira.com.br\/news\/wp-json\/wp\/v2\/media?parent=18978"}],"wp:term":[{"taxonomy":"category","embeddable":true,"href":"https:\/\/guialimeira.com.br\/news\/wp-json\/wp\/v2\/categories?post=18978"},{"taxonomy":"post_tag","embeddable":true,"href":"https:\/\/guialimeira.com.br\/news\/wp-json\/wp\/v2\/tags?post=18978"}],"curies":[{"name":"wp","href":"https:\/\/api.w.org\/{rel}","templated":true}]}}