{"id":18968,"date":"2024-12-14T08:19:57","date_gmt":"2024-12-14T11:19:57","guid":{"rendered":"https:\/\/guialimeira.com.br\/2024\/12\/14\/dia-d-mobiliza-populacao-contra-dengue-neste-sabado\/"},"modified":"2024-12-14T08:19:57","modified_gmt":"2024-12-14T11:19:57","slug":"dia-d-mobiliza-populacao-contra-dengue-neste-sabado","status":"publish","type":"post","link":"https:\/\/guialimeira.com.br\/news\/dia-d-mobiliza-populacao-contra-dengue-neste-sabado\/","title":{"rendered":"Dia D mobiliza popula\u00e7\u00e3o contra dengue neste s\u00e1bado"},"content":{"rendered":"<p> <br \/>\n<\/p>\n<div>\n<p>O Dia D de Mobiliza\u00e7\u00e3o contra a Dengue, programado para este s\u00e1bado (14), ter\u00e1 a\u00e7\u00f5es em todo o Brasil.\u00a0O objetivo \u00e9 conscientizar a popula\u00e7\u00e3o para prevenir a prolifera\u00e7\u00e3o do mosquito <em>Aedes aegypt<\/em>, que transmite o v\u00edrus causador da doen\u00e7a.<img data-recalc-dims=\"1\" decoding=\"async\" src=\"https:\/\/i0.wp.com\/agenciabrasil.ebc.com.br\/ebc.png?w=696&#038;ssl=1\" style=\"width:1px; height:1px; display:inline;\"\/><img data-recalc-dims=\"1\" decoding=\"async\" src=\"https:\/\/i0.wp.com\/agenciabrasil.ebc.com.br\/ebc.gif?w=696&#038;ssl=1\" style=\"width:1px; height:1px; display:inline;\"\/><\/p>\n<p>Somente este ano, o Brasil registrou mais de 6,6 milh\u00f5es de casos prov\u00e1veis e 5.915 mortes pela doen\u00e7a j\u00e1 foram confirmadas. O n\u00famero de \u00f3bitos \u00e9 cinco vezes maior do que o registrado em 2023.<\/p>\n<p>A ministra da Sa\u00fade, N\u00edsia Trindade, participa de\u00a0a\u00e7\u00e3o no Complexo de Favelas da Mar\u00e9, no Rio de Janeiro, e outras autoridades ir\u00e3o a\u00a0Macap\u00e1, S\u00e3o Luis, Fortaleza, Goi\u00e1s, Belo Horizonte, Salvador, Ceil\u00e2ndia, no Distrito Federal e Cariacica, no Esp\u00edrito Santo. \u00a0<\/p>\n<p>De acordo com o secret\u00e1rio adjunto de Vigil\u00e2ncia em Sa\u00fade e Ambiente, Rivaldo Cunha, este \u00e9 um momento crucial para evitar que o cen\u00e1rio deste ano se repita em 2025: \u201cComo estamos chegando no per\u00edodo em que as chuvas voltam a ocorrer com maior intensidade, o mosquito tamb\u00e9m aumenta a sua prolifera\u00e7\u00e3o. Este \u00e9 o momento de prevenir uma potencial epidemia que poderia acontecer em janeiro ou fevereiro&#8221;<\/p>\n<p>O secret\u00e1rio adjunto tamb\u00e9m explica que as mudan\u00e7as clim\u00e1ticas levaram \u00e0 eleva\u00e7\u00e3o da temperatura m\u00e9dia ambiental, provocando chuvas e secas intensas que alteraram a biologia do mosquito transmissor da dengue. \u201cIsso aumenta a nossa preocupa\u00e7\u00e3o. No ano de 2024, n\u00e3o houve uma \u00fanica semana em que registr\u00e1ssemos um menor n\u00famero de casos do que a mesma semana de 2023\u201d, afirmou.<\/p>\n<p>Al\u00e9m disso, ainda h\u00e1 regi\u00f5es do Brasil onde o abastecimento de \u00e1gua \u00e9 feito de forma intermitente, especialmente no ver\u00e3o, quando o consumo \u00e9 maior. Por isso, Cunha alerta: \u201cN\u00f3s temos observado que o armazenamento improvisado da \u00e1gua naqueles dias em que ela est\u00e1 dispon\u00edvel nas torneiras t\u00eam se transformado posteriormente em potenciais focos.\u201d.<\/p>\n<p>Outras localidades bastante vulner\u00e1veis s\u00e3o aquelas que n\u00e3o contam com coleta regular de lixo, j\u00e1 que qualquer objeto abandonado, at\u00e9 mesmo uma tampinha de garrafa, pode acumular \u00e1gua e se tornar um foco do mosquito. Quintais com entulhos e terrenos baldios acabam se tornando grandes criadouros para o <em>Aedes<\/em>.<\/p>\n<h2>Dengue<\/h2>\n<p>Ao longo de 2024,\u00a0as unidades federativas com a\u00a0maior incid\u00eancia\u00a0da doen\u00e7a foram Distrito Federal, Minas Gerais e Paran\u00e1, mas os especialistas t\u00eam observado um lento e cont\u00ednuo crescimento no n\u00famero de casos registrados nas regi\u00f5es Sudeste e Sul. S\u00e3o Paulo foi o que teve a maior quantidade de casos graves e de mortes, seguido por Minas Gerais.<\/p>\n<p>A faixa et\u00e1ria com a maior quantidade de casos notificado \u00e9 a dos 20 aos 29 anos de idade e 55% dos infectados s\u00e3o mulheres. Idosos, beb\u00eas, gr\u00e1vidas e pessoas com alguma condi\u00e7\u00e3o de sa\u00fade t\u00eam maiores riscos de desenvolver complica\u00e7\u00f5es pela doen\u00e7a.<\/p>\n<p>Os principais sintomas da dengue s\u00e3o febre alta repentina, dor de cabe\u00e7a, prostra\u00e7\u00e3o e dores nos m\u00fasculos, articula\u00e7\u00f5es e atr\u00e1s dos olhos. Mas, entre o terceiro e o s\u00e9timo dia ap\u00f3s o in\u00edcio dos sintomas, podem ocorrer v\u00f4mitos, dor abdominal, sensa\u00e7\u00e3o de desmaio e sangramento das mucosas, o que indica um agravamento do quadro.<\/p>\n<p>A dengue pode causar extravasamento de plasma e hemorragias, por isso, desde os primeiros sintomas \u00e9 preciso procurar um servi\u00e7o de sa\u00fade para o diagn\u00f3stico correto. N\u00e3o existe um tratamento espec\u00edfico contra a doen\u00e7a, e os pacientes devem evitar a automedica\u00e7\u00e3o, j\u00e1 que alguns rem\u00e9dios, incluindo certos tipos de analg\u00e9sico e anti-inflamat\u00f3rios, podem favorecer hemorragias.<\/p>\n<p>O <em>Aedes aegypt<\/em> tamb\u00e9m \u00e9 o mosquito transmissor de outras doen\u00e7as, como\u00a0zika e\u00a0chikungunya e \u00e9 um dos vetores da febre amarela. Neste ano, o Brasil registrou quase 265 mil casos de chikungunya, com 210 mortes j\u00e1 confirmadas. A doen\u00e7a pode causar agravos neurol\u00f3gicos, como encefalite, paralisias e a s\u00edndrome de Guillain-Barr\u00e9, doen\u00e7a autoimune que provoca fraqueza muscular e paralisia progressiva. J\u00e1 os casos de zika foram menos numerosos, cerca de 6 mil, concentrados principalmente nas regi\u00f5es Norte, Nordeste e Centro-Oeste.<\/p>\n<p>A zika \u00e9 especialmente preocupante para as gr\u00e1vidas, que podem transmitir o v\u00edrus para o feto, com risco de desenvolvimento de anomalias cong\u00eanitas, principalmente a microcefalia.<\/p>\n<h2>Vacina\u00e7\u00e3o<\/h2>\n<p>O Sistema \u00danico de Sa\u00fade est\u00e1 aplicando, desde fevereiro, a vacina contra a dengue em adolescentes de 11 a 14 anos, faixa et\u00e1ria que concentra o maior n\u00famero de hospitaliza\u00e7\u00e3o, depois de pessoas idosas, que n\u00e3o podem receber o imunizante. O esquema vacinal \u00e9 composto por duas doses com intervalo de tr\u00eas meses entre elas.<\/p>\n<p>Como a quantidade de doses fornecida pelo laborat\u00f3rio \u00e9 pequena, a vacina\u00e7\u00e3o foi direcionada para cidades de grande porte com alta transmiss\u00e3o nos \u00faltimos dez anos.<\/p>\n<p>At\u00e9 setembro, apenas <a href=\"https:\/\/www.gov.br\/saude\/pt-br\/assuntos\/noticias\/2024\/marco\/mais-165-municipios-serao-contemplados-com-doses-de-vacinas-contra-a-dengue\" target=\"_blank\" rel=\"noopener\">metade das doses<\/a> distribu\u00eddas haviam sido aplicadas (link: munic\u00edpios de grande porte com alta transmiss\u00e3o nos \u00faltimos dez anos). Em outubro, a fabricante japonesa Takeda e a Fiocruz fizeram um <a href=\"https:\/\/agenciabrasil.ebc.com.br\/saude\/noticia\/2024-10\/fiocruz-oficializa-pedido-para-produzir-vacina-contra-dengue-no-brasil\" target=\"_blank\" rel=\"noopener\">acordo<\/a> para que a vacina possa ser produzida no Brasil, o que deve aumentar a quantidade de doses dispon\u00edveis.\u00a0<\/p>\n<h2>Preven\u00e7\u00e3o<\/h2>\n<p>No Dia D de Mobiliza\u00e7\u00e3o contra a Dengue a popula\u00e7\u00e3o pode contribuir com a\u00e7\u00f5es simples, evitando qualquer ac\u00famulo de \u00e1gua, seja limpa ou suja, mesmo em locais pequenos.\u00a0<br \/>\u00a0<\/p>\n<div class=\"dnd-widget-wrapper context-sem_processamento type-image\">\n<div class=\"dnd-atom-rendered\"><!-- scald=408741:sem_processamento {\"additionalClasses\":\"\"} --><br \/>\n            <img data-recalc-dims=\"1\" decoding=\"async\" src=\"https:\/\/i0.wp.com\/agenciabrasil.ebc.com.br\/sites\/default\/files\/thumbnails\/image\/2024\/12\/13\/dia-d-dengue_1.png?w=696&#038;ssl=1\" alt=\"arte-dia-d-dengue\" title=\"Arte\/Ag\u00eancia Brasil\"\/><br \/>\n        <img data-recalc-dims=\"1\" decoding=\"async\" src=\"https:\/\/i0.wp.com\/agenciabrasil.ebc.com.br\/sites\/default\/files\/thumbnails\/image\/2024\/12\/13\/dia-d-dengue_1.png?w=696&#038;ssl=1\" alt=\"arte-dia-d-dengue\" title=\"Arte\/Ag\u00eancia Brasil\"\/><br \/>\n    <!-- END scald=408741 --><\/div>\n<\/div>\n<p>\u00a0<\/p>\n<p>      <!-- Relacionada --><\/p>\n<p>            <!-- Relacionada -->\n    <\/div>\n<p><br \/>\n<br \/><a href=\"https:\/\/agenciabrasil.ebc.com.br\/saude\/noticia\/2024-12\/dia-d-mobiliza-populacao-contra-dengue-neste-sabado\" rel=\"noopener\">Ag\u00eancia Brasil <\/a><\/p>\n","protected":false},"excerpt":{"rendered":"<p>O Dia D de Mobiliza\u00e7\u00e3o contra a Dengue, programado para este s\u00e1bado (14), ter\u00e1 a\u00e7\u00f5es em todo o Brasil.\u00a0O objetivo \u00e9 conscientizar a popula\u00e7\u00e3o para prevenir a prolifera\u00e7\u00e3o do mosquito Aedes aegypt, que transmite o v\u00edrus causador da doen\u00e7a. Somente este ano, o Brasil registrou mais de 6,6 milh\u00f5es de casos prov\u00e1veis e 5.915 mortes [&hellip;]<\/p>\n","protected":false},"author":1,"featured_media":18969,"comment_status":"open","ping_status":"open","sticky":false,"template":"","format":"standard","meta":{"_jetpack_newsletter_access":"","_jetpack_dont_email_post_to_subs":false,"_jetpack_newsletter_tier_id":0,"_jetpack_memberships_contains_paywalled_content":false,"_mbp_banners":[],"_jetpack_feature_clip_id":0,"_jetpack_memberships_contains_paid_content":false,"footnotes":"","jetpack_publicize_message":"","jetpack_publicize_feature_enabled":true,"jetpack_social_post_already_shared":true,"jetpack_social_options":{"image_generator_settings":{"template":"highway","default_image_id":0,"font":"","enabled":false},"version":2},"jetpack_post_was_ever_published":false},"categories":[15],"tags":[],"class_list":["post-18968","post","type-post","status-publish","format-standard","has-post-thumbnail","category-saude"],"jetpack_publicize_connections":[],"jetpack-related-posts":[],"jetpack_shortlink":"https:\/\/wp.me\/p7Eq1F-4VW","jetpack_sharing_enabled":true,"jetpack_featured_media_url":"https:\/\/i0.wp.com\/guialimeira.com.br\/news\/wp-content\/uploads\/2024\/12\/mosquitos_aedes_aegypti_dengue.jpg?fit=1600%2C800&ssl=1","_links":{"self":[{"href":"https:\/\/guialimeira.com.br\/news\/wp-json\/wp\/v2\/posts\/18968","targetHints":{"allow":["GET"]}}],"collection":[{"href":"https:\/\/guialimeira.com.br\/news\/wp-json\/wp\/v2\/posts"}],"about":[{"href":"https:\/\/guialimeira.com.br\/news\/wp-json\/wp\/v2\/types\/post"}],"author":[{"embeddable":true,"href":"https:\/\/guialimeira.com.br\/news\/wp-json\/wp\/v2\/users\/1"}],"replies":[{"embeddable":true,"href":"https:\/\/guialimeira.com.br\/news\/wp-json\/wp\/v2\/comments?post=18968"}],"version-history":[{"count":0,"href":"https:\/\/guialimeira.com.br\/news\/wp-json\/wp\/v2\/posts\/18968\/revisions"}],"wp:featuredmedia":[{"embeddable":true,"href":"https:\/\/guialimeira.com.br\/news\/wp-json\/wp\/v2\/media\/18969"}],"wp:attachment":[{"href":"https:\/\/guialimeira.com.br\/news\/wp-json\/wp\/v2\/media?parent=18968"}],"wp:term":[{"taxonomy":"category","embeddable":true,"href":"https:\/\/guialimeira.com.br\/news\/wp-json\/wp\/v2\/categories?post=18968"},{"taxonomy":"post_tag","embeddable":true,"href":"https:\/\/guialimeira.com.br\/news\/wp-json\/wp\/v2\/tags?post=18968"}],"curies":[{"name":"wp","href":"https:\/\/api.w.org\/{rel}","templated":true}]}}