{"id":18932,"date":"2024-12-13T17:07:07","date_gmt":"2024-12-13T20:07:07","guid":{"rendered":"https:\/\/guialimeira.com.br\/2024\/12\/13\/novo-poder-na-siria-silencia-sobre-ataques-de-israel-e-onu-condena\/"},"modified":"2024-12-13T17:07:07","modified_gmt":"2024-12-13T20:07:07","slug":"novo-poder-na-siria-silencia-sobre-ataques-de-israel-e-onu-condena","status":"publish","type":"post","link":"https:\/\/guialimeira.com.br\/news\/novo-poder-na-siria-silencia-sobre-ataques-de-israel-e-onu-condena\/","title":{"rendered":"Novo poder na S\u00edria silencia sobre ataques de Israel e ONU condena"},"content":{"rendered":"<p> <br \/>\n<\/p>\n<div>\n<p>O novo poder da S\u00edria que assumiu Damasco ap\u00f3s a queda do regime de Bashar al-Assad mant\u00e9m sil\u00eancio sobre os sucessivos ataques de Israel contra instala\u00e7\u00f5es militares do pa\u00eds e sobre a ocupa\u00e7\u00e3o israelense da zona antes desmilitarizada que separa as Colinas de Gol\u00e3 \u2013 territ\u00f3rio s\u00edrio anexado por Israel ap\u00f3s a guerra de 1967 \u2013 e o resto da S\u00edria.<img data-recalc-dims=\"1\" decoding=\"async\" src=\"https:\/\/i0.wp.com\/agenciabrasil.ebc.com.br\/ebc.png?w=696&#038;ssl=1\" style=\"width:1px; height:1px; display:inline;\"\/><img data-recalc-dims=\"1\" decoding=\"async\" src=\"https:\/\/i0.wp.com\/agenciabrasil.ebc.com.br\/ebc.gif?w=696&#038;ssl=1\" style=\"width:1px; height:1px; display:inline;\"\/><\/p>\n<p>Para especialistas consultados pela <strong>Ag\u00eancia Brasil<\/strong>, o sil\u00eancio sobre Israel pode indicar uma colabora\u00e7\u00e3o com Tel Aviv ou uma t\u00e1tica para evitar entrar em confronto com os israelenses uma vez que o grupo que assumiu Damasco ainda n\u00e3o tem o controle completo do territ\u00f3rio nem da estrutura estatal S\u00edria.\u00a0<\/p>\n<p>O secret\u00e1rio-geral das Na\u00e7\u00f5es Unidas (ONU), Ant\u00f3nio Guterres, por outro lado, afirmou que est\u00e1 \u201cprofundamente preocupado\u201d com as \u201cextensas viola\u00e7\u00f5es da soberania e integridade territorial da S\u00edria\u201d por Israel.<\/p>\n<div class=\"dnd-widget-wrapper context-medio_4colunas type-image atom-align-left\">\n<div class=\"dnd-atom-rendered\"><!-- scald=287913:medio_4colunas {\"additionalClasses\":\"\"} --><br \/>\n            <img data-recalc-dims=\"1\" decoding=\"async\" src=\"https:\/\/i0.wp.com\/imagens.ebc.com.br\/TTnKlBjsFgwapZxee6JlHtlKMz0%3D\/365x0\/smart\/https%3A\/\/agenciabrasil.ebc.com.br\/sites\/default\/files\/thumbnails\/image\/2022-05-11t102127z_1040161515_rc2x4u9gz5jg_rtrmadp_3_ukraine-crisis-un.jpg?w=696&#038;ssl=1\" alt=\"United Nations Secretary-General Antonio Guterres reacts during a joint news conference with Austrian President Alexander Van der Bellen (not seen) in Vienna, Austria May 11, 2022. REUTERS\/Lisa Leutner\" title=\"REUTERS\/Lisa Leutner\/Proibida reprodu\u00e7\u00e3o\"\/><br \/>\n        <img data-recalc-dims=\"1\" decoding=\"async\" src=\"https:\/\/i0.wp.com\/imagens.ebc.com.br\/TTnKlBjsFgwapZxee6JlHtlKMz0%3D\/365x0\/smart\/https%3A\/\/agenciabrasil.ebc.com.br\/sites\/default\/files\/thumbnails\/image\/2022-05-11t102127z_1040161515_rc2x4u9gz5jg_rtrmadp_3_ukraine-crisis-un.jpg?w=696&#038;ssl=1\" alt=\"United Nations Secretary-General Antonio Guterres reacts during a joint news conference with Austrian President Alexander Van der Bellen (not seen) in Vienna, Austria May 11, 2022. REUTERS\/Lisa Leutner\" title=\"REUTERS\/Lisa Leutner\/Proibida reprodu\u00e7\u00e3o\"\/><br \/>\n    <!-- END scald=287913 --><\/div>\n<div class=\"dnd-caption-wrapper\">\n<p><!--copyright=287913-->United Nations Secretary-General Antonio Guterres\u00a0 &#8211; <strong>REUTERS\/Lisa Leutner\/Proibida reprodu\u00e7\u00e3o<\/strong><!--END copyright=287913--><\/p>\n<\/div>\n<\/div>\n<p>\u201c[Guterres] condena todas as a\u00e7\u00f5es que seriam inconsistentes com o acordo [de 1974 firmado entre Israel e S\u00edria] e apela \u00e0s partes para que cumpram suas obriga\u00e7\u00f5es sob esse instrumento, inclusive encerrando toda presen\u00e7a n\u00e3o autorizada na \u00e1rea de separa\u00e7\u00e3o\u201d, disse o porta-voz da organiza\u00e7\u00e3o.<\/p>\n<p>O Brasil tamb\u00e9m criticou as a\u00e7\u00f5es de Israel na S\u00edria alegando que elas violam o direito internacional, \u201cbem como a independ\u00eancia, a soberania e a integridade territorial da S\u00edria\u201d, afirmou o Itamaraty.<\/p>\n<p>J\u00e1 o Conselheiro de seguran\u00e7a dos Estados Unidos (EUA), Jake Sullivan, justificou que o aliado estaria apenas exercendo seu direito de se defender, ainda que a S\u00edria n\u00e3o tenha efetuado nenhum ataque contra Israel.<\/p>\n<p>&#8220;O que Israel est\u00e1 fazendo \u00e9 tentar identificar amea\u00e7as potenciais, tanto convencionais quanto armas de destrui\u00e7\u00e3o em massa, que podem amea\u00e7ar Israel e, francamente, amea\u00e7ar outros tamb\u00e9m&#8221;, disse Sullivan, segundo a Reuters.<\/p>\n<p>A Carta da ONU pro\u00edbe o uso da for\u00e7a contra outros pa\u00edses, com duas exce\u00e7\u00f5es: casos de leg\u00edtima defesa contra um ataque armado e quando h\u00e1 autoriza\u00e7\u00e3o do Conselho de Seguran\u00e7a da ONU.<\/p>\n<h2>Especialistas<\/h2>\n<p>O jurista a analista geopol\u00edtico, Hugo Albuquerque, comentou \u00e0 <strong>Ag\u00eancia Brasil <\/strong>que o sil\u00eancio do novo poder que assumiu Damasco indica uma colabora\u00e7\u00e3o com os Estados Unidos, Israel e, por tabela, todo o Ocidente. \u201cCertamente essa ina\u00e7\u00e3o \u00e9 fruto ou de um acordo ou de uma sinergia estrat\u00e9gica, ou de ambos\u201d, disse o tamb\u00e9m editor da revista Autonomia Liter\u00e1ria.<\/p>\n<p>Por outro lado, o professor de rela\u00e7\u00f5es internacionais do Instituto Brasileiro de Mercado de Capitais (Ibmec SP), Alexandre Pires, avaliou que o novo governo ainda n\u00e3o controla todo o pa\u00eds e o sil\u00eancio frente os ataques de Israel pode ser uma t\u00e1tica para evitar um confronto aberto com Tel Aviv.<\/p>\n<p>\u201cEles est\u00e3o num esfor\u00e7o de consolida\u00e7\u00e3o desse governo, ou seja, o pa\u00eds ainda est\u00e1 todo conflagrado, ent\u00e3o voc\u00ea tem ali zonas territoriais ainda em disputa. Do ponto de vista t\u00e1tico, nesse momento n\u00e3o adianta tentar se opor a Israel e aos ataques. Ent\u00e3o o governo acaba ficando rendido. E n\u00f3s temos que lembrar que \u00e9 um governo bastante provis\u00f3rio, que controla praticamente uma faixa do pa\u00eds\u201d, ponderou Pires.<\/p>\n<h2>Israel<\/h2>\n<p>Israel afirma ter <a href=\"https:\/\/agenciabrasil.ebc.com.br\/internacional\/noticia\/2024-12\/israel-avanca-sobre-territorio-da-siria-apos-queda-de-assad\" target=\"_blank\" rel=\"noopener\">ocupado cerca de 400 quil\u00f4metros quadrado (km\u00b2) do territ\u00f3rio s\u00edrio<\/a> ap\u00f3s a queda de Bashad al-Assad, \u00e1rea que deveria ficar desmilitarizada segundo acordo firmado entre Damasco e Tel Aviv, em 1974. O governo do primeiro-ministro Benjamin Netanyahu diz que a ocupa\u00e7\u00e3o dessa \u00e1rea \u00e9 \u201ctempor\u00e1ria\u201d. Al\u00e9m disso, o ex\u00e9rcito israelense informou que realizou mais de 350 ataques a\u00e9reos contra a infraestrutura militar da S\u00edria, incluindo ataques contra a frota naval, a for\u00e7a a\u00e9rea, as baterias antia\u00e9reas e locais de produ\u00e7\u00e3o e armazenamento de armas.<\/p>\n<div class=\"dnd-widget-wrapper context-medio_4colunas type-image atom-align-right\">\n<div class=\"dnd-atom-rendered\"><!-- scald=352278:medio_4colunas {\"additionalClasses\":\"\"} --><br \/>\n            <img data-recalc-dims=\"1\" decoding=\"async\" src=\"https:\/\/i0.wp.com\/imagens.ebc.com.br\/jeEVoW3oePqm9dmWQlvI-EKzyN8%3D\/365x0\/smart\/https%3A\/\/agenciabrasil.ebc.com.br\/sites\/default\/files\/thumbnails\/image\/2023-10-10t105237z_1_lynxmpej990dz_rtroptp_4_israel-palestinos-coaliz-o-netanyahu_0.jpg?w=696&#038;ssl=1\" alt=\"Primeiro-ministro de Israel, Benjamin Netanyahu, durante reuni\u00e3o semanal de seu gabinete em Jerusal\u00e9m\" title=\"ABIR SULTAN\/Pool via REUTERS\"\/><br \/>\n        <img data-recalc-dims=\"1\" decoding=\"async\" src=\"https:\/\/i0.wp.com\/imagens.ebc.com.br\/jeEVoW3oePqm9dmWQlvI-EKzyN8%3D\/365x0\/smart\/https%3A\/\/agenciabrasil.ebc.com.br\/sites\/default\/files\/thumbnails\/image\/2023-10-10t105237z_1_lynxmpej990dz_rtroptp_4_israel-palestinos-coaliz-o-netanyahu_0.jpg?w=696&#038;ssl=1\" alt=\"Primeiro-ministro de Israel, Benjamin Netanyahu, durante reuni\u00e3o semanal de seu gabinete em Jerusal\u00e9m\" title=\"ABIR SULTAN\/Pool via REUTERS\"\/><br \/>\n    <!-- END scald=352278 --><\/div>\n<div class=\"dnd-caption-wrapper\">\n<p><!--copyright=352278-->Primeiro-ministro de Israel, Benjamin Netanyahu &#8211; <strong>ABIR SULTAN\/Pool via REUTERS<\/strong><!--END copyright=352278--><\/p>\n<\/div>\n<\/div>\n<p>\u201cA maioria dos ataques danificou severamente os sistemas de defesa a\u00e9rea da S\u00edria, destruindo mais de 90% dos m\u00edsseis superf\u00edcie-ar estrat\u00e9gicos identificados. A rede de defesa a\u00e9rea da S\u00edria est\u00e1 entre as mais fortes do Oriente M\u00e9dio, e os danos infligidos representam uma conquista significativa para a superioridade da For\u00e7a A\u00e9rea Israelense na regi\u00e3o\u201d, afirmou as For\u00e7as de Defesa de Israel (FDI).<\/p>\n<h2>HTS<\/h2>\n<p>O principal chefe militar do grupo isl\u00e2mico Hay\u2019at Tahrir al-Sham (HTS), Ahmed Al-Sharaa, que lidera a coaliza\u00e7\u00e3o insurgente que derrubou Assad, n\u00e3o tem feito declara\u00e7\u00f5es p\u00fablicas condenando ou criticando os bombardeios israelenses. O HTS, ex-bra\u00e7o da Al-Qaeda do Iraque, \u00e9 considerada uma organiza\u00e7\u00e3o terrorista pela ONU, defini\u00e7\u00e3o aprovada no Conselho de Seguran\u00e7a da organiza\u00e7\u00e3o.<\/p>\n<p>Em entrevista ao <a href=\"https:\/\/news.sky.com\/story\/west-has-nothing-to-fear-from-syria-rebel-leader-whose-group-ousted-assad-tells-sky-news-13270905\" target=\"_blank\" rel=\"noopener\">canal ocidental Sky News, Al-Sharaa, anteriormente chamado de Abu Mohammed al-Jolani<\/a>, disse que os pa\u00edses estrangeiros n\u00e3o tem o que temer da nova S\u00edria e que o pa\u00eds n\u00e3o deve entrar em outra guerra.\u00a0<\/p>\n<p>Por outro lado, o comandante do HTS tem feito cr\u00edtica ao Ir\u00e3 e ao Hezbollah, antigos aliados do governo Assad.<\/p>\n<h2>Ir\u00e3<\/h2>\n<p>J\u00e1 o L\u00edder Supremo do Ir\u00e3, o Ali Khamenei, denuncia que a queda do regime de Assad foi uma conspira\u00e7\u00e3o liderada pelos Estados Unidos e por Israel para enfraquecer o chamado Eixo da Resist\u00eancia, formado por grupos e pa\u00edses contr\u00e1rios \u00e0 hegemonia ocidental no Oriente M\u00e9dio.<\/p>\n<div class=\"dnd-widget-wrapper context-medio_4colunas type-image atom-align-left\">\n<div class=\"dnd-atom-rendered\"><!-- scald=13246:medio_4colunas {\"additionalClasses\":\"\"} --><br \/>\n            <img data-recalc-dims=\"1\" decoding=\"async\" src=\"https:\/\/i0.wp.com\/imagens.ebc.com.br\/yWkcBMvRf-w1BzU2BK-lDhCKm40%3D\/365x0\/smart\/https%3A\/\/agenciabrasil.ebc.com.br\/sites\/default\/files\/atoms\/image\/ali_khamenei.png?w=696&#038;ssl=1\" alt=\"l\u00edder supremo do Ir\u00e3, Ali Khamenei (Ag\u00eancia Ansa\/Direitos Reservados) \" title=\"Ag\u00eancia Ansa Brasil\/EPA\/Proibida reprodu\u00e7\u00e3o\"\/><br \/>\n        <img data-recalc-dims=\"1\" decoding=\"async\" src=\"https:\/\/i0.wp.com\/imagens.ebc.com.br\/yWkcBMvRf-w1BzU2BK-lDhCKm40%3D\/365x0\/smart\/https%3A\/\/agenciabrasil.ebc.com.br\/sites\/default\/files\/atoms\/image\/ali_khamenei.png?w=696&#038;ssl=1\" alt=\"l\u00edder supremo do Ir\u00e3, Ali Khamenei (Ag\u00eancia Ansa\/Direitos Reservados) \" title=\"Ag\u00eancia Ansa Brasil\/EPA\/Proibida reprodu\u00e7\u00e3o\"\/><br \/>\n    <!-- END scald=13246 --><\/div>\n<div class=\"dnd-caption-wrapper\">\n<p><!--copyright=13246-->l\u00edder supremo do Ir\u00e3, Ali Khamenei (Ag\u00eancia Ansa\/Direitos Reservados) &#8211; <strong>Ag\u00eancia Ansa Brasil\/EPA\/Proibida reprodu\u00e7\u00e3o<\/strong><!--END copyright=13246--><\/p>\n<\/div>\n<\/div>\n<p>\u201cUm governo em um pa\u00eds vizinho da S\u00edria desempenhou e ainda desempenha um papel claro no que est\u00e1 acontecendo. No entanto, os principais conspiradores e a sala de controle est\u00e3o nos Estados Unidos e no regime sionista. Temos evid\u00eancias disso que n\u00e3o deixam margem para d\u00favidas para ningu\u00e9m\u201d, afirmou a <a href=\"https:\/\/x.com\/khamenei_ir\/status\/1866768706916814909\" target=\"_blank\">principal lideran\u00e7a do Ir\u00e3<\/a>.\u00a0<\/p>\n<p>A guerra que levou \u00e0 queda do regime de Assad durou 13 anos e os grupos insurgentes receberam apoio, <a href=\"https:\/\/agenciabrasil.ebc.com.br\/internacional\/noticia\/2024-12\/siria-potencias-estrangeiras-apoiaram-13-anos-de-guerra-contra-assad\" target=\"_blank\" rel=\"noopener\">treinamento e financiamento de pot\u00eancias regionais e globais<\/a>, segundo especialistas no tema consultados pela <strong>Ag\u00eancia Brasil<\/strong>.\u00a0<\/p>\n<p>      <!-- Relacionada --><\/p>\n<p>            <!-- Relacionada -->\n    <\/div>\n<p><br \/>\n<br \/><a href=\"https:\/\/agenciabrasil.ebc.com.br\/internacional\/noticia\/2024-12\/novo-poder-da-siria-silencia-sobre-ataques-de-israel-e-onu-condena\" rel=\"noopener\">Ag\u00eancia Brasil <\/a><\/p>\n","protected":false},"excerpt":{"rendered":"<p>O novo poder da S\u00edria que assumiu Damasco ap\u00f3s a queda do regime de Bashar al-Assad mant\u00e9m sil\u00eancio sobre os sucessivos ataques de Israel contra instala\u00e7\u00f5es militares do pa\u00eds e sobre a ocupa\u00e7\u00e3o israelense da zona antes desmilitarizada que separa as Colinas de Gol\u00e3 \u2013 territ\u00f3rio s\u00edrio anexado por Israel ap\u00f3s a guerra de 1967 [&hellip;]<\/p>\n","protected":false},"author":1,"featured_media":18933,"comment_status":"open","ping_status":"open","sticky":false,"template":"","format":"standard","meta":{"_jetpack_newsletter_access":"","_jetpack_dont_email_post_to_subs":false,"_jetpack_newsletter_tier_id":0,"_jetpack_memberships_contains_paywalled_content":false,"_mbp_banners":[],"_jetpack_feature_clip_id":0,"_jetpack_memberships_contains_paid_content":false,"footnotes":"","jetpack_publicize_message":"","jetpack_publicize_feature_enabled":true,"jetpack_social_post_already_shared":true,"jetpack_social_options":{"image_generator_settings":{"template":"highway","default_image_id":0,"font":"","enabled":false},"version":2},"jetpack_post_was_ever_published":false},"categories":[25],"tags":[],"class_list":["post-18932","post","type-post","status-publish","format-standard","has-post-thumbnail","category-internacional"],"jetpack_publicize_connections":[],"jetpack-related-posts":[],"jetpack_shortlink":"https:\/\/wp.me\/p7Eq1F-4Vm","jetpack_sharing_enabled":true,"jetpack_featured_media_url":"https:\/\/i0.wp.com\/guialimeira.com.br\/news\/wp-content\/uploads\/2024\/12\/2024-12-08t154757z_1209353699_rc22lba2aru4_rtrmadp_3_syria-security.jpg?fit=1600%2C800&ssl=1","_links":{"self":[{"href":"https:\/\/guialimeira.com.br\/news\/wp-json\/wp\/v2\/posts\/18932","targetHints":{"allow":["GET"]}}],"collection":[{"href":"https:\/\/guialimeira.com.br\/news\/wp-json\/wp\/v2\/posts"}],"about":[{"href":"https:\/\/guialimeira.com.br\/news\/wp-json\/wp\/v2\/types\/post"}],"author":[{"embeddable":true,"href":"https:\/\/guialimeira.com.br\/news\/wp-json\/wp\/v2\/users\/1"}],"replies":[{"embeddable":true,"href":"https:\/\/guialimeira.com.br\/news\/wp-json\/wp\/v2\/comments?post=18932"}],"version-history":[{"count":0,"href":"https:\/\/guialimeira.com.br\/news\/wp-json\/wp\/v2\/posts\/18932\/revisions"}],"wp:featuredmedia":[{"embeddable":true,"href":"https:\/\/guialimeira.com.br\/news\/wp-json\/wp\/v2\/media\/18933"}],"wp:attachment":[{"href":"https:\/\/guialimeira.com.br\/news\/wp-json\/wp\/v2\/media?parent=18932"}],"wp:term":[{"taxonomy":"category","embeddable":true,"href":"https:\/\/guialimeira.com.br\/news\/wp-json\/wp\/v2\/categories?post=18932"},{"taxonomy":"post_tag","embeddable":true,"href":"https:\/\/guialimeira.com.br\/news\/wp-json\/wp\/v2\/tags?post=18932"}],"curies":[{"name":"wp","href":"https:\/\/api.w.org\/{rel}","templated":true}]}}