{"id":1887,"date":"2024-04-18T22:42:53","date_gmt":"2024-04-19T01:42:53","guid":{"rendered":"https:\/\/guialimeira.com.br\/2024\/04\/18\/ministra-diz-que-indigenas-preservam-80-da-biodiversidade-do-planeta\/"},"modified":"2024-04-18T22:42:53","modified_gmt":"2024-04-19T01:42:53","slug":"ministra-diz-que-indigenas-preservam-80-da-biodiversidade-do-planeta","status":"publish","type":"post","link":"https:\/\/guialimeira.com.br\/news\/ministra-diz-que-indigenas-preservam-80-da-biodiversidade-do-planeta\/","title":{"rendered":"Ministra diz que ind\u00edgenas preservam 80% da biodiversidade do planeta"},"content":{"rendered":"<p> <br \/>\n<\/p>\n<div>\n<p>Em pronunciamento em cadeia nacional de r\u00e1dio e televis\u00e3o, veiculado nesta quinta-feira (18), a ministra dos Povos Ind\u00edgenas, S\u00f4nia Guajajara, destacou a riqueza cultural das popula\u00e7\u00f5es tradicionais e seu papel na preserva\u00e7\u00e3o do meio ambiente. \u00a0<img data-recalc-dims=\"1\" decoding=\"async\" src=\"https:\/\/i0.wp.com\/agenciabrasil.ebc.com.br\/ebc.png?w=696&#038;ssl=1\" style=\"width:1px; height:1px; display:inline;\"\/><img data-recalc-dims=\"1\" decoding=\"async\" src=\"https:\/\/i0.wp.com\/agenciabrasil.ebc.com.br\/ebc.gif?w=696&#038;ssl=1\" style=\"width:1px; height:1px; display:inline;\"\/><\/p>\n<blockquote>\n<p>&#8220;Os territ\u00f3rios ind\u00edgenas preservam 80% de toda a biodiversidade do planeta. E s\u00e3o as \u00e1reas onde ocorre a menor taxa de desmatamento. Sem o nosso cuidado com o meio ambiente, a crise clim\u00e1tica se agravaria, provocando secas, inunda\u00e7\u00f5es, ciclones e outros eventos ainda mais severos em todo o pa\u00eds&#8221;, afirmou a ministra.<\/p>\n<\/blockquote>\n<p>O pronunciamento teve\u00a0dura\u00e7\u00e3o de quase cinco\u00a0minutos e foi\u00a0veiculado um dia antes do Dia dos Povos Ind\u00edgenas, celebrado em 19 de abril.<\/p>\n<p>&#8220;\u00c9 o momento de celebrarmos a riqueza cultural dos 305 povos ind\u00edgenas que vivem neste nosso Brasil, que fazem parte do grande mosaico de tradi\u00e7\u00f5es e hist\u00f3rias de resist\u00eancia do nosso pa\u00eds. Vivemos em florestas, alguns de n\u00f3s em \u00e1reas isoladas, mas estamos tamb\u00e9m nas cidades&#8221;, observou Guajajara, tamb\u00e9m mencionando como os ind\u00edgenas est\u00e3o inseridos no contexto da sociedade brasileira.<\/p>\n<p>&#8220;Somos m\u00e9dicos, educadores, advogados, cientistas sociais, prefeitos, vereadores, deputados. Habitamos todos os biomas: Amaz\u00f4nia, Cerrado, Pantanal, Mata Atl\u00e2ntica, Pampa e Caatinga&#8221;, pontuou.<\/p>\n<p>No pronunciamento, a ministra dos Povos Ind\u00edgenas falou das a\u00e7\u00f5es do governo federal para enfrentar, por exemplo, a crise do povo yanomami, em Roraima, e o combate a atividades criminosas na maior terra ind\u00edgena do pa\u00eds.<\/p>\n<p>&#8220;Atuamos de forma en\u00e9rgica contra os criminosos que destru\u00edram suas florestas, contaminaram os rios com merc\u00fario, mataram os peixes e levaram doen\u00e7as e fome aos nossos parentes&#8221;. S\u00f4nia Guajajara ainda destacou o fato de o\u00a0pa\u00eds ter, pela primeira vez, uma pasta exclusiva e dedicada aos povos origin\u00e1rios, al\u00e9m de ind\u00edgenas na chefia de postos-chave, como da\u00a0Funda\u00e7\u00e3o Nacional dos Povos Ind\u00edgenas (Funai) e da\u00a0Secretaria Especial de Sa\u00fade Ind\u00edgena (Sesai) do Minist\u00e9rio da Sa\u00fade.<\/p>\n<p>A ministra ressaltou\u00a0tamb\u00e9m a realiza\u00e7\u00e3o da Confer\u00eancia das Na\u00e7\u00f5es Unidas sobre Mudan\u00e7as Clim\u00e1ticas de Bel\u00e9m, em 2025, que ter\u00e1, segundo ela, &#8220;a maior e melhor participa\u00e7\u00e3o ind\u00edgena na hist\u00f3ria dos acordos ambientais&#8221;.<\/p>\n<p>S\u00f4nia Guajajara ainda apontou a retomada da pol\u00edtica de demarca\u00e7\u00e3o de terras ind\u00edgenas, que havia sido abandonada pelo governo anterior.<\/p>\n<p>Na v\u00e9spera do Dia dos Povos Ind\u00edgenas, o presidente Luiz In\u00e1cio Lula da Silva participou da reuni\u00e3o de\u00a0reabertura\u00a0do Conselho Nacional de Pol\u00edtica Indigenista (CNPI) e assinou <a href=\"https:\/\/agenciabrasil.ebc.com.br\/politica\/noticia\/2024-04\/lula-homologa-terras-indigenas-na-bahia-e-em-mato-grosso\" target=\"_blank\" rel=\"noopener\">decreto de demarca\u00e7\u00e3o de mais duas terras ind\u00edgenas<\/a>. Em evento na sede do Minist\u00e9rio da Justi\u00e7a e Seguran\u00e7a P\u00fablica, nesta quinta-feira (18), foram homologadas as terras ind\u00edgenas Aldeia Velha, na Bahia, e Cacique Fontoura, em Mato Grosso.<\/p>\n<\/p><\/div>\n<p><br \/>\n<br \/><a href=\"https:\/\/agenciabrasil.ebc.com.br\/direitos-humanos\/noticia\/2024-04\/ministra-diz-que-indigenas-preservam-80-da-biodiversidade-do-planeta\" rel=\"noopener\">Ag\u00eancia Brasil<\/a><\/p>\n","protected":false},"excerpt":{"rendered":"<p>Em pronunciamento em cadeia nacional de r\u00e1dio e televis\u00e3o, veiculado nesta quinta-feira (18), a ministra dos Povos Ind\u00edgenas, S\u00f4nia Guajajara, destacou a riqueza cultural das popula\u00e7\u00f5es tradicionais e seu papel na preserva\u00e7\u00e3o do meio ambiente. \u00a0 &#8220;Os territ\u00f3rios ind\u00edgenas preservam 80% de toda a biodiversidade do planeta. E s\u00e3o as \u00e1reas onde ocorre a menor [&hellip;]<\/p>\n","protected":false},"author":1,"featured_media":1888,"comment_status":"open","ping_status":"open","sticky":false,"template":"","format":"standard","meta":{"_jetpack_newsletter_access":"","_jetpack_dont_email_post_to_subs":false,"_jetpack_newsletter_tier_id":0,"_jetpack_memberships_contains_paywalled_content":false,"_mbp_banners":[],"_jetpack_feature_clip_id":0,"_jetpack_memberships_contains_paid_content":false,"footnotes":"","jetpack_publicize_message":"","jetpack_publicize_feature_enabled":true,"jetpack_social_post_already_shared":true,"jetpack_social_options":{"image_generator_settings":{"template":"highway","default_image_id":0,"font":"","enabled":false},"version":2},"jetpack_post_was_ever_published":false},"categories":[22],"tags":[],"class_list":["post-1887","post","type-post","status-publish","format-standard","has-post-thumbnail","category-nacional"],"jetpack_publicize_connections":[],"jetpack-related-posts":[],"jetpack_shortlink":"https:\/\/wp.me\/p7Eq1F-ur","jetpack_sharing_enabled":true,"jetpack_featured_media_url":"https:\/\/i0.wp.com\/guialimeira.com.br\/news\/wp-content\/uploads\/2024\/04\/captura_de_tela_2024-04-18_205132ebc-enhance-faceai.jpeg?fit=1600%2C800&ssl=1","_links":{"self":[{"href":"https:\/\/guialimeira.com.br\/news\/wp-json\/wp\/v2\/posts\/1887","targetHints":{"allow":["GET"]}}],"collection":[{"href":"https:\/\/guialimeira.com.br\/news\/wp-json\/wp\/v2\/posts"}],"about":[{"href":"https:\/\/guialimeira.com.br\/news\/wp-json\/wp\/v2\/types\/post"}],"author":[{"embeddable":true,"href":"https:\/\/guialimeira.com.br\/news\/wp-json\/wp\/v2\/users\/1"}],"replies":[{"embeddable":true,"href":"https:\/\/guialimeira.com.br\/news\/wp-json\/wp\/v2\/comments?post=1887"}],"version-history":[{"count":0,"href":"https:\/\/guialimeira.com.br\/news\/wp-json\/wp\/v2\/posts\/1887\/revisions"}],"wp:featuredmedia":[{"embeddable":true,"href":"https:\/\/guialimeira.com.br\/news\/wp-json\/wp\/v2\/media\/1888"}],"wp:attachment":[{"href":"https:\/\/guialimeira.com.br\/news\/wp-json\/wp\/v2\/media?parent=1887"}],"wp:term":[{"taxonomy":"category","embeddable":true,"href":"https:\/\/guialimeira.com.br\/news\/wp-json\/wp\/v2\/categories?post=1887"},{"taxonomy":"post_tag","embeddable":true,"href":"https:\/\/guialimeira.com.br\/news\/wp-json\/wp\/v2\/tags?post=1887"}],"curies":[{"name":"wp","href":"https:\/\/api.w.org\/{rel}","templated":true}]}}