{"id":18854,"date":"2024-12-12T18:42:00","date_gmt":"2024-12-12T21:42:00","guid":{"rendered":"https:\/\/guialimeira.com.br\/2024\/12\/12\/covid-19-e-rinovirus-causam-aumento-de-internacoes-respiratorias\/"},"modified":"2024-12-12T18:42:00","modified_gmt":"2024-12-12T21:42:00","slug":"covid-19-e-rinovirus-causam-aumento-de-internacoes-respiratorias","status":"publish","type":"post","link":"https:\/\/guialimeira.com.br\/news\/covid-19-e-rinovirus-causam-aumento-de-internacoes-respiratorias\/","title":{"rendered":"Covid-19 e rinov\u00edrus causam aumento de interna\u00e7\u00f5es respirat\u00f3rias"},"content":{"rendered":"<p> <br \/>\n<\/p>\n<div>\n<p>Os casos de S\u00edndrome Respirat\u00f3ria Aguda Grave (SRAG) aumentaram em seis unidades federativas e em dez capitais brasileiras, de acordo com dados do novo boletim Infogripe, divulgado nesta quinta-feira (12), no Rio de Janeiro, pela Funda\u00e7\u00e3o Oswaldo Cruz.<img data-recalc-dims=\"1\" decoding=\"async\" src=\"https:\/\/i0.wp.com\/agenciabrasil.ebc.com.br\/ebc.png?w=696&#038;ssl=1\" style=\"width:1px; height:1px; display:inline;\"\/><img data-recalc-dims=\"1\" decoding=\"async\" src=\"https:\/\/i0.wp.com\/agenciabrasil.ebc.com.br\/ebc.gif?w=696&#038;ssl=1\" style=\"width:1px; height:1px; display:inline;\"\/><\/p>\n<p>A tend\u00eancia de crescimento foi observada no Cear\u00e1, Distrito Federal, Esp\u00edrito Santo, Maranh\u00e3o, Rond\u00f4nia e Santa Catarina. As capitais com sinal de aumento s\u00e3o Aracaju, Bras\u00edlia, Boa Vista, Campo Grande, Florian\u00f3polis, Fortaleza, Jo\u00e3o Pessoa, Porto Velho, S\u00e3o Lu\u00eds e Vit\u00f3ria.<\/p>\n<p>O levantamento destaca que o crescimento no Cear\u00e1 se deve \u00e0s infec\u00e7\u00f5es por covid-19, principalmente entre a popula\u00e7\u00e3o mais idosa. J\u00e1 no Distrito Federal, no Maranh\u00e3o e em Santa Catarina, houve expans\u00e3o de casos graves principalmente em crian\u00e7as e adolescentes infectados por rinov\u00edrus.<\/p>\n<p>A pesquisadora do Programa de Computa\u00e7\u00e3o Cient\u00edfica da Fiocruz e da plataforma InfoGripe Tatiana Portella alerta que, com o aumento dos casos de covid-19 no Cear\u00e1, \u00e9 poss\u00edvel que o v\u00edrus se espalhe para outros estados.<\/p>\n<p>&#8220;\u00c9 importante que todas as pessoas dos grupos de risco, como idosos, crian\u00e7as, gr\u00e1vidas, pu\u00e9rperas, ind\u00edgenas, profissionais de sa\u00fade e outros grupos tamb\u00e9m recomendados pelo Minist\u00e9rio da Sa\u00fade estejam em dia com a vacina\u00e7\u00e3o&#8221;, enfatiza a pesquisadora.<\/p>\n<h2>Diagn\u00f3stico confirmado<\/h2>\n<p>Nas \u00faltimas quatro semanas, entre os casos com diagn\u00f3stico confirmado para algum v\u00edrus, 40,5% deram positivo para rinov\u00edrus e 29,6% para coronav\u00edrus. Mas entre os \u00f3bitos decorrentes de SRAG, 58,6% foram causados por covid-19. De maneira geral, as interna\u00e7\u00f5es s\u00e3o mais frequentes entre crian\u00e7as de at\u00e9 dois anos, enquanto as mortes s\u00e3o mais numerosas entre a popula\u00e7\u00e3o a partir de 65 anos.<\/p>\n<p>At\u00e9 o dia 7 de dezembro, mais de 167 mil casos de SRAG tinham sido notificados em todo o Brasil, com cerca de 10 mil mortes. O v\u00edrus sincicial respirat\u00f3rio foi o mais recorrente entre os casos com diagn\u00f3stico positivo para algum v\u00edrus, mas quase 60% das mortes com resultado confirmado foram provocadas por covid-19.<\/p>\n<p>Por isso, a pesquisadora da Fiocruz lembra que as regras de etiqueta sanit\u00e1ria e a aten\u00e7\u00e3o aos sinais de alerta continuam valendo: &#8220;Caso apresente qualquer sinal de gripe ou resfriado, o ideal \u00e9 ficar em isolamento em casa. Se n\u00e3o for poss\u00edvel fazer esse isolamento, o recomendado \u00e9 sair de casa usando uma boa m\u00e1scara. Diante de qualquer sinal de piora desses sintomas de s\u00edndrome gripal, \u00e9 muito importante procurar um atendimento m\u00e9dico&#8221;, finalizou.<\/p>\n<p>      <!-- Relacionada --><\/p>\n<p>            <!-- Relacionada -->\n    <\/div>\n<p><br \/>\n<br \/><a href=\"https:\/\/agenciabrasil.ebc.com.br\/saude\/noticia\/2024-12\/covid-19-e-rinovirus-causam-aumento-de-internacoes-respiratorias\" rel=\"noopener\">Ag\u00eancia Brasil <\/a><\/p>\n","protected":false},"excerpt":{"rendered":"<p>Os casos de S\u00edndrome Respirat\u00f3ria Aguda Grave (SRAG) aumentaram em seis unidades federativas e em dez capitais brasileiras, de acordo com dados do novo boletim Infogripe, divulgado nesta quinta-feira (12), no Rio de Janeiro, pela Funda\u00e7\u00e3o Oswaldo Cruz. A tend\u00eancia de crescimento foi observada no Cear\u00e1, Distrito Federal, Esp\u00edrito Santo, Maranh\u00e3o, Rond\u00f4nia e Santa Catarina. [&hellip;]<\/p>\n","protected":false},"author":1,"featured_media":18855,"comment_status":"open","ping_status":"open","sticky":false,"template":"","format":"standard","meta":{"_jetpack_newsletter_access":"","_jetpack_dont_email_post_to_subs":false,"_jetpack_newsletter_tier_id":0,"_jetpack_memberships_contains_paywalled_content":false,"_mbp_banners":[],"_jetpack_feature_clip_id":0,"_jetpack_memberships_contains_paid_content":false,"footnotes":"","jetpack_publicize_message":"","jetpack_publicize_feature_enabled":true,"jetpack_social_post_already_shared":true,"jetpack_social_options":{"image_generator_settings":{"template":"highway","default_image_id":0,"font":"","enabled":false},"version":2},"jetpack_post_was_ever_published":false},"categories":[15],"tags":[],"class_list":["post-18854","post","type-post","status-publish","format-standard","has-post-thumbnail","category-saude"],"jetpack_publicize_connections":[],"jetpack-related-posts":[],"jetpack_shortlink":"https:\/\/wp.me\/p7Eq1F-4U6","jetpack_sharing_enabled":true,"jetpack_featured_media_url":"https:\/\/i0.wp.com\/guialimeira.com.br\/news\/wp-content\/uploads\/2024\/12\/sao_paulo_covid_19_quarentena_2904200191_0.jpg?fit=1600%2C800&ssl=1","_links":{"self":[{"href":"https:\/\/guialimeira.com.br\/news\/wp-json\/wp\/v2\/posts\/18854","targetHints":{"allow":["GET"]}}],"collection":[{"href":"https:\/\/guialimeira.com.br\/news\/wp-json\/wp\/v2\/posts"}],"about":[{"href":"https:\/\/guialimeira.com.br\/news\/wp-json\/wp\/v2\/types\/post"}],"author":[{"embeddable":true,"href":"https:\/\/guialimeira.com.br\/news\/wp-json\/wp\/v2\/users\/1"}],"replies":[{"embeddable":true,"href":"https:\/\/guialimeira.com.br\/news\/wp-json\/wp\/v2\/comments?post=18854"}],"version-history":[{"count":0,"href":"https:\/\/guialimeira.com.br\/news\/wp-json\/wp\/v2\/posts\/18854\/revisions"}],"wp:featuredmedia":[{"embeddable":true,"href":"https:\/\/guialimeira.com.br\/news\/wp-json\/wp\/v2\/media\/18855"}],"wp:attachment":[{"href":"https:\/\/guialimeira.com.br\/news\/wp-json\/wp\/v2\/media?parent=18854"}],"wp:term":[{"taxonomy":"category","embeddable":true,"href":"https:\/\/guialimeira.com.br\/news\/wp-json\/wp\/v2\/categories?post=18854"},{"taxonomy":"post_tag","embeddable":true,"href":"https:\/\/guialimeira.com.br\/news\/wp-json\/wp\/v2\/tags?post=18854"}],"curies":[{"name":"wp","href":"https:\/\/api.w.org\/{rel}","templated":true}]}}