{"id":1883,"date":"2024-04-18T22:37:44","date_gmt":"2024-04-19T01:37:44","guid":{"rendered":"https:\/\/guialimeira.com.br\/2024\/04\/18\/governo-lanca-campanha-nacional-de-prevencao-de-acidentes-do-trabalho\/"},"modified":"2024-04-18T22:37:44","modified_gmt":"2024-04-19T01:37:44","slug":"governo-lanca-campanha-nacional-de-prevencao-de-acidentes-do-trabalho","status":"publish","type":"post","link":"https:\/\/guialimeira.com.br\/news\/governo-lanca-campanha-nacional-de-prevencao-de-acidentes-do-trabalho\/","title":{"rendered":"Governo lan\u00e7a Campanha Nacional de Preven\u00e7\u00e3o de Acidentes do Trabalho"},"content":{"rendered":"<p> <br \/>\n<\/p>\n<div>\n<p>O ministro do Trabalho e Emprego, Luiz Marinho, lan\u00e7ou nesta quinta-feira (18), em Bras\u00edlia, a Campanha Nacional de Preven\u00e7\u00e3o de Acidentes do Trabalho 2024 (Canpat) com o tema Seguran\u00e7a em M\u00e1quinas e Equipamentos. A mobiliza\u00e7\u00e3o tem o objetivo conscientizar empresas e trabalhadores sobre a import\u00e2ncia da seguran\u00e7a e da sa\u00fade no ambiente de trabalho.<img data-recalc-dims=\"1\" decoding=\"async\" src=\"https:\/\/i0.wp.com\/agenciabrasil.ebc.com.br\/ebc.png?w=696&#038;ssl=1\" style=\"width:1px; height:1px; display:inline;\"\/><img data-recalc-dims=\"1\" decoding=\"async\" src=\"https:\/\/i0.wp.com\/agenciabrasil.ebc.com.br\/ebc.gif?w=696&#038;ssl=1\" style=\"width:1px; height:1px; display:inline;\"\/><\/p>\n<p>Durante a solenidade, Marinho defendeu a moderniza\u00e7\u00e3o dos parques produtivos, onde existem maquin\u00e1rios envelhecidos e sucateados, com apoio de financiamentos de bancos p\u00fablicos, como o Banco Nacional de Desenvolvimento Econ\u00f4mico e Social (BNDES) e do Banco do Brasil (BB) e debate com as confedera\u00e7\u00f5es das empresas.\u00a0<\/p>\n<p>\u201cSe \u00e9 verdade que m\u00e1quinas e equipamentos est\u00e3o provocando, na escala de acidentes, a maioria deles, alguma coisa est\u00e1 errada l\u00e1 nas plantas [industriais]. Se a gente n\u00e3o atacar esse processo, n\u00e3o h\u00e1 campanha nem sensibiliza\u00e7\u00e3o que resolva se o equipamento est\u00e1 inadequado\u201d, disse,<\/p>\n<p>O ministro do Trabalho e Emprego apresentou outro desafio, a conscientiza\u00e7\u00e3o do trabalhador para o uso de equipamentos de seguran\u00e7a e de prote\u00e7\u00e3o individual (EPI). \u201cVemos situa\u00e7\u00f5es onde o pr\u00f3prio operador tira a prote\u00e7\u00e3o porque acha que est\u00e1 atrapalhando a produtividade e quer produzir mais. Isso \u00e9 uma aberra\u00e7\u00e3o, essa aus\u00eancia de consci\u00eancia da sua pr\u00f3pria prote\u00e7\u00e3o\u201d, alertou.<\/p>\n<p>O coordenador da bancada dos trabalhadores na Comiss\u00e3o Tripartite Parit\u00e1ria Permanente (CTPP) e representante da Uni\u00e3o Geral dos Trabalhadores (UGT), Washington Santos, lembrou de trabalhadores com sequelas e daqueles que perderam a vida devido a acidentes ocupacionais. \u201cN\u00f3s n\u00e3o temos vida de videogame. Quando se est\u00e1 na f\u00e1brica, na constru\u00e7\u00e3o, na ind\u00fastria, se acontecer alguma coisa, n\u00e3o h\u00e1 volta. Vacilou? Morre!\u201d, resumiu.<\/p>\n<p>A Canpat ocorre at\u00e9 dezembro em todo pa\u00eds, com a realiza\u00e7\u00e3o de eventos p\u00fablicos nos estados para sensibiliza\u00e7\u00e3o de trabalhadores e empregadores sobre os cuidados com a seguran\u00e7a, fortalecendo a cultura de preven\u00e7\u00e3o de acidentes e doen\u00e7as do trabalho no Brasil.<\/p>\n<h2>Acidentes<\/h2>\n<p>Dados divulgados pelo MTE em 2023 revelam que, em 2022, o n\u00famero total de acidentes de trabalho no Brasil foi de 612,9 mil, o que resulta na m\u00e9dia de 69 acidentes por hora ou 1,15 acidente por minuto. No ano passado, do total de acidentes, 2.538 resultaram em mortes de trabalhadores e quase 19 mil incapacita\u00e7\u00f5es permanentes. No caso dos trabalhadores formais incapacitados, esses recebem o benef\u00edcio do Instituto Nacional do Seguro Social (INSS).<\/p>\n<p>Em 2013, a Organiza\u00e7\u00e3o Internacional do Trabalho (OIT) alertou que o mundo perde 4% do Produto Interno Bruto (PIB) em decorr\u00eancia de acidentes e doen\u00e7as do trabalho. No Brasil, com base no PIB do ano de 2022, a estimativa apresentada pelo MTE \u00e9 de que os preju\u00edzos gerados pelos acidentes de trabalho podem ter alcan\u00e7ado a cifra de R$ 396 bilh\u00f5es, com custos e perdas para empregados, empresas, poder p\u00fablico e a sociedade em geral.\u00a0<\/p>\n<h2>Sa\u00fade<\/h2>\n<p>A secret\u00e1ria de Vigil\u00e2ncia em Sa\u00fade e Ambiente do Minist\u00e9rio da Sa\u00fade, Ethel Maciel, alertou que os n\u00fameros n\u00e3o refletem a realidade, pois ainda existem subnotifica\u00e7\u00f5es de acidentes de trabalho no setor da sa\u00fade, mesmo com a obrigatoriedade da informa\u00e7\u00e3o. Ela comentou que o minist\u00e9rio tem ampliado o n\u00famero de Centros de Refer\u00eancia em Sa\u00fade do Trabalhador e o or\u00e7amento p\u00fablico para este fim. \u201cEm um ano, inauguramos 11 Cerests. Sa\u00edmos de 216 para 227, o que fortalece o sistema para oferecer \u00e0 popula\u00e7\u00e3o as melhores inspe\u00e7\u00e3o e vigil\u00e2ncia que guiar\u00e3o nossas pol\u00edticas p\u00fablicas.\u201d<\/p>\n<p>Ela\u00a0ainda lembrou que o Minist\u00e9rio da Sa\u00fade atualizou a lista de doen\u00e7as relacionadas ao trabalho, em novembro de 2023, ap\u00f3s 24 anos. Foram <a href=\"https:\/\/agenciabrasil.ebc.com.br\/geral\/noticia\/2023-11\/nova-lista-de-doencas-do-trabalho-inclui-covid-19-burnout-e-cancer\" target=\"_blank\" rel=\"noopener\">incorporadas\u00a0165 novas patologias<\/a> que causam danos f\u00edsicos ou mentais do trabalhador, entre elas, a\u00a0covid-19 e a S\u00edndrome de Burnout, que pode ser causada por estresse e provoca sofrimentos psicol\u00f3gicos.\u00a0<\/p>\n<p>\u201cO mundo do trabalho mudou muito de 1999 para 2024. Estamos em outro universo, com precariza\u00e7\u00e3o do trabalho bastante importante e v\u00e1rios outros agentes nocivos que n\u00e3o existiam em 1999.\u201d\u00a0<\/p>\n<p>\u00a0<\/p>\n<p><em>*Mat\u00e9ria ampliada \u00e0s 18h33 para inclus\u00e3o dos \u00faltimos tr\u00eas par\u00e1grafos<\/em><\/p>\n<\/p><\/div>\n<p><br \/>\n<br \/><a href=\"https:\/\/agenciabrasil.ebc.com.br\/geral\/noticia\/2024-04\/governo-lanca-campanha-nacional-de-prevencao-de-acidentes-do-trabalho\" rel=\"noopener\">Ag\u00eancia Brasil<\/a><\/p>\n","protected":false},"excerpt":{"rendered":"<p>O ministro do Trabalho e Emprego, Luiz Marinho, lan\u00e7ou nesta quinta-feira (18), em Bras\u00edlia, a Campanha Nacional de Preven\u00e7\u00e3o de Acidentes do Trabalho 2024 (Canpat) com o tema Seguran\u00e7a em M\u00e1quinas e Equipamentos. A mobiliza\u00e7\u00e3o tem o objetivo conscientizar empresas e trabalhadores sobre a import\u00e2ncia da seguran\u00e7a e da sa\u00fade no ambiente de trabalho. Durante [&hellip;]<\/p>\n","protected":false},"author":1,"featured_media":1884,"comment_status":"open","ping_status":"open","sticky":false,"template":"","format":"standard","meta":{"_jetpack_newsletter_access":"","_jetpack_dont_email_post_to_subs":false,"_jetpack_newsletter_tier_id":0,"_jetpack_memberships_contains_paywalled_content":false,"_mbp_banners":[],"_jetpack_feature_clip_id":0,"_jetpack_memberships_contains_paid_content":false,"footnotes":"","jetpack_publicize_message":"","jetpack_publicize_feature_enabled":true,"jetpack_social_post_already_shared":true,"jetpack_social_options":{"image_generator_settings":{"template":"highway","default_image_id":0,"font":"","enabled":false},"version":2},"jetpack_post_was_ever_published":false},"categories":[1],"tags":[],"class_list":["post-1883","post","type-post","status-publish","format-standard","has-post-thumbnail","category-geral"],"jetpack_publicize_connections":[],"jetpack-related-posts":[],"jetpack_shortlink":"https:\/\/wp.me\/p7Eq1F-un","jetpack_sharing_enabled":true,"jetpack_featured_media_url":"https:\/\/i0.wp.com\/guialimeira.com.br\/news\/wp-content\/uploads\/2024\/04\/0d9a2857.jpg?fit=1600%2C800&ssl=1","_links":{"self":[{"href":"https:\/\/guialimeira.com.br\/news\/wp-json\/wp\/v2\/posts\/1883","targetHints":{"allow":["GET"]}}],"collection":[{"href":"https:\/\/guialimeira.com.br\/news\/wp-json\/wp\/v2\/posts"}],"about":[{"href":"https:\/\/guialimeira.com.br\/news\/wp-json\/wp\/v2\/types\/post"}],"author":[{"embeddable":true,"href":"https:\/\/guialimeira.com.br\/news\/wp-json\/wp\/v2\/users\/1"}],"replies":[{"embeddable":true,"href":"https:\/\/guialimeira.com.br\/news\/wp-json\/wp\/v2\/comments?post=1883"}],"version-history":[{"count":0,"href":"https:\/\/guialimeira.com.br\/news\/wp-json\/wp\/v2\/posts\/1883\/revisions"}],"wp:featuredmedia":[{"embeddable":true,"href":"https:\/\/guialimeira.com.br\/news\/wp-json\/wp\/v2\/media\/1884"}],"wp:attachment":[{"href":"https:\/\/guialimeira.com.br\/news\/wp-json\/wp\/v2\/media?parent=1883"}],"wp:term":[{"taxonomy":"category","embeddable":true,"href":"https:\/\/guialimeira.com.br\/news\/wp-json\/wp\/v2\/categories?post=1883"},{"taxonomy":"post_tag","embeddable":true,"href":"https:\/\/guialimeira.com.br\/news\/wp-json\/wp\/v2\/tags?post=1883"}],"curies":[{"name":"wp","href":"https:\/\/api.w.org\/{rel}","templated":true}]}}