{"id":18798,"date":"2024-12-12T08:34:50","date_gmt":"2024-12-12T11:34:50","guid":{"rendered":"https:\/\/guialimeira.com.br\/2024\/12\/12\/human-rights-watch-apela-por-respeito-aos-direitos-humanos-na-siria\/"},"modified":"2024-12-12T08:34:50","modified_gmt":"2024-12-12T11:34:50","slug":"human-rights-watch-apela-por-respeito-aos-direitos-humanos-na-siria","status":"publish","type":"post","link":"https:\/\/guialimeira.com.br\/news\/human-rights-watch-apela-por-respeito-aos-direitos-humanos-na-siria\/","title":{"rendered":"Human Rights Watch apela por respeito aos direitos humanos na S\u00edria"},"content":{"rendered":"<p> <br \/>\n<\/p>\n<div>\n<p>A organiza\u00e7\u00e3o Human Rights Watch (HRW) afirmou nesta quinta-feira (12) que a queda do regime de Bashar al-Assad na S\u00edria representa uma oportunidade hist\u00f3rica para o pa\u00eds &#8220;virar a p\u00e1gina&#8221; das viola\u00e7\u00f5es dos direitos humanos e apelou \u00e0s novas autoridades para darem o exemplo.<img data-recalc-dims=\"1\" decoding=\"async\" src=\"https:\/\/i0.wp.com\/agenciabrasil.ebc.com.br\/ebc.png?w=696&#038;ssl=1\" style=\"width:1px; height:1px; display:inline;\"\/><img data-recalc-dims=\"1\" decoding=\"async\" src=\"https:\/\/i0.wp.com\/agenciabrasil.ebc.com.br\/ebc.gif?w=696&#038;ssl=1\" style=\"width:1px; height:1px; display:inline;\"\/><\/p>\n<p>Em 27 de novembro, uma coliga\u00e7\u00e3o de grupos da oposi\u00e7\u00e3o liderados pela organiza\u00e7\u00e3o radical isl\u00e2mica Hayat Tahrir al-Sham (HTS) lan\u00e7ou uma ofensiva e conquistou v\u00e1rios territ\u00f3rios em dez dias, antes de entrar na capital de Damasco pondo fim ao regime da fam\u00edlia Assad.<\/p>\n<p>Para a organiza\u00e7\u00e3o n\u00e3o-governamental norte-americana HRW, a queda do regime &#8220;oferece uma oportunidade hist\u00f3rica para a S\u00edria romper com d\u00e9cadas de repress\u00e3o e virar a p\u00e1gina das viola\u00e7\u00f5es aos direitos humanos&#8221;.<\/p>\n<blockquote>\n<p>&#8220;Um futuro melhor para a S\u00edria exige que se resolvam os abusos cometidos durante d\u00e9cadas pelo anterior governo e por outras partes no conflito (&#8230;) e que se protejam os s\u00edrios, independentemente da sua etnia, f\u00e9 ou filia\u00e7\u00e3o pol\u00edtica.&#8221;<\/p>\n<\/blockquote>\n<p>No comunicado, a organiza\u00e7\u00e3o destacou ainda que os grupos armados como o HTS e outras fac\u00e7\u00f5es armadas que lan\u00e7aram a ofensiva em 27 de novembro, s\u00e3o tamb\u00e9m respons\u00e1veis por viola\u00e7\u00f5es aos direitos humanos e &#8220;crimes de guerra&#8221;.<\/p>\n<p>Diante das preocupa\u00e7\u00f5es ocidentais sobre a forma como o governo de transi\u00e7\u00e3o, dominado pelo HTS \u2013 antigo bra\u00e7o s\u00edrio da Al Qaeda \u2013, vai tratar as numerosas minorias, o primeiro-ministro interino, Mohammad al-Bashir, procurou tranquilizar o pa\u00eds, afirmando que o governo vai &#8220;garantir os direitos de todos os povos e credos&#8221;.<\/p>\n<p>&#8220;A nova lideran\u00e7a s\u00edria tem uma oportunidade sem precedentes de dar o exemplo (&#8230;), em particular atrav\u00e9s da prote\u00e7\u00e3o dos direitos fundamentais em uma nova Constitui\u00e7\u00e3o&#8221;, afirmou a HRW.<\/p>\n<p>&#8220;Este \u00e9 um momento crucial para rejeitar o horror do passado&#8221;, disse Lama Fakih, diretor da HRW para o Oriente M\u00e9dio e Norte de \u00c1frica.<\/p>\n<p>A ONG apelou \u00e0s novas autoridades para que &#8220;ratifiquem e implementem v\u00e1rios tratados internacionais de direitos humanos e instrumentos legais que o governo de Assad n\u00e3o adotou&#8221;.<\/p>\n<p>A ONG tamb\u00e9m pediu \u00e0 Organiza\u00e7\u00e3o das Na\u00e7\u00f5es Unidas e aos pa\u00edses estrangeiros que &#8220;apoiem a transi\u00e7\u00e3o, levantem certas san\u00e7\u00f5es setoriais que est\u00e3o dificultando os esfor\u00e7os humanit\u00e1rios e garantam um ambiente prop\u00edcio ao regresso seguro dos refugiados s\u00edrios&#8221;.<\/p>\n<p>A guerra civil, que come\u00e7ou em 2011 na sequ\u00eancia da repress\u00e3o sangrenta de manifesta\u00e7\u00f5es pr\u00f3-democracia por parte do regime de Assad, causou mais de 500 mil mortos e milh\u00f5es de deslocados.<\/p>\n<p>      <!-- Relacionada --><\/p>\n<p>            <!-- Relacionada -->\n    <\/div>\n<p><br \/>\n<br \/><a href=\"https:\/\/agenciabrasil.ebc.com.br\/internacional\/noticia\/2024-12\/human-rights-watch-apela-por-respeito-aos-direitos-humanos-na-siria\" rel=\"noopener\">Ag\u00eancia Brasil <\/a><\/p>\n","protected":false},"excerpt":{"rendered":"<p>A organiza\u00e7\u00e3o Human Rights Watch (HRW) afirmou nesta quinta-feira (12) que a queda do regime de Bashar al-Assad na S\u00edria representa uma oportunidade hist\u00f3rica para o pa\u00eds &#8220;virar a p\u00e1gina&#8221; das viola\u00e7\u00f5es dos direitos humanos e apelou \u00e0s novas autoridades para darem o exemplo. Em 27 de novembro, uma coliga\u00e7\u00e3o de grupos da oposi\u00e7\u00e3o liderados [&hellip;]<\/p>\n","protected":false},"author":1,"featured_media":18799,"comment_status":"open","ping_status":"open","sticky":false,"template":"","format":"standard","meta":{"_jetpack_newsletter_access":"","_jetpack_dont_email_post_to_subs":false,"_jetpack_newsletter_tier_id":0,"_jetpack_memberships_contains_paywalled_content":false,"_mbp_banners":[],"_jetpack_feature_clip_id":0,"_jetpack_memberships_contains_paid_content":false,"footnotes":"","jetpack_publicize_message":"","jetpack_publicize_feature_enabled":true,"jetpack_social_post_already_shared":true,"jetpack_social_options":{"image_generator_settings":{"template":"highway","default_image_id":0,"font":"","enabled":false},"version":2},"jetpack_post_was_ever_published":false},"categories":[25],"tags":[],"class_list":["post-18798","post","type-post","status-publish","format-standard","has-post-thumbnail","category-internacional"],"jetpack_publicize_connections":[],"jetpack-related-posts":[],"jetpack_shortlink":"https:\/\/wp.me\/p7Eq1F-4Tc","jetpack_sharing_enabled":true,"jetpack_featured_media_url":"https:\/\/i0.wp.com\/guialimeira.com.br\/news\/wp-content\/uploads\/2024\/12\/2024-12-08t154545z_549243579_rc22lbaxza41_rtrmadp_3_syria-security.jpg?fit=1600%2C800&ssl=1","_links":{"self":[{"href":"https:\/\/guialimeira.com.br\/news\/wp-json\/wp\/v2\/posts\/18798","targetHints":{"allow":["GET"]}}],"collection":[{"href":"https:\/\/guialimeira.com.br\/news\/wp-json\/wp\/v2\/posts"}],"about":[{"href":"https:\/\/guialimeira.com.br\/news\/wp-json\/wp\/v2\/types\/post"}],"author":[{"embeddable":true,"href":"https:\/\/guialimeira.com.br\/news\/wp-json\/wp\/v2\/users\/1"}],"replies":[{"embeddable":true,"href":"https:\/\/guialimeira.com.br\/news\/wp-json\/wp\/v2\/comments?post=18798"}],"version-history":[{"count":0,"href":"https:\/\/guialimeira.com.br\/news\/wp-json\/wp\/v2\/posts\/18798\/revisions"}],"wp:featuredmedia":[{"embeddable":true,"href":"https:\/\/guialimeira.com.br\/news\/wp-json\/wp\/v2\/media\/18799"}],"wp:attachment":[{"href":"https:\/\/guialimeira.com.br\/news\/wp-json\/wp\/v2\/media?parent=18798"}],"wp:term":[{"taxonomy":"category","embeddable":true,"href":"https:\/\/guialimeira.com.br\/news\/wp-json\/wp\/v2\/categories?post=18798"},{"taxonomy":"post_tag","embeddable":true,"href":"https:\/\/guialimeira.com.br\/news\/wp-json\/wp\/v2\/tags?post=18798"}],"curies":[{"name":"wp","href":"https:\/\/api.w.org\/{rel}","templated":true}]}}