{"id":1877,"date":"2024-04-18T20:40:53","date_gmt":"2024-04-18T23:40:53","guid":{"rendered":"https:\/\/guialimeira.com.br\/2024\/04\/18\/haddad-pede-recursos-a-bancos-multilaterais-em-meio-a-crise-climatica\/"},"modified":"2024-04-18T20:40:53","modified_gmt":"2024-04-18T23:40:53","slug":"haddad-pede-recursos-a-bancos-multilaterais-em-meio-a-crise-climatica","status":"publish","type":"post","link":"https:\/\/guialimeira.com.br\/news\/haddad-pede-recursos-a-bancos-multilaterais-em-meio-a-crise-climatica\/","title":{"rendered":"Haddad pede recursos a bancos multilaterais em meio \u00e0 crise clim\u00e1tica"},"content":{"rendered":"<p> <br \/>\n<\/p>\n<div>\n<p>As institui\u00e7\u00f5es financeiras multilaterais, como o Banco Mundial e o Banco Interamericano de Desenvolvimento, devem ter mais recursos e maior participa\u00e7\u00e3o de pa\u00edses emergentes na administra\u00e7\u00e3o para enfrentar a mudan\u00e7a clim\u00e1tica e o aumento da fome, disse, nesta quinta-feira (18), o ministro da Fazenda, Fernando Haddad. Em discurso de abertura da segunda reuni\u00e3o da trilha de finan\u00e7as do G20, em Washington, ele defendeu a reforma da governan\u00e7a das institui\u00e7\u00f5es internacionais.<img data-recalc-dims=\"1\" decoding=\"async\" src=\"https:\/\/i0.wp.com\/agenciabrasil.ebc.com.br\/ebc.png?w=696&#038;ssl=1\" style=\"width:1px; height:1px; display:inline;\"\/><img data-recalc-dims=\"1\" decoding=\"async\" src=\"https:\/\/i0.wp.com\/agenciabrasil.ebc.com.br\/ebc.gif?w=696&#038;ssl=1\" style=\"width:1px; height:1px; display:inline;\"\/><\/p>\n<p>&#8220;No centro desses esfor\u00e7os est\u00e1 a necessidade de garantir que o apoio dos bancos multilaterais de desenvolvimento seja orientado pelas prioridades nacionais de desenvolvimento, proporcionando benef\u00edcios tang\u00edveis aos pa\u00edses benefici\u00e1rios\u201d, disse Haddad em seu discurso. Atualmente, os pa\u00edses-membros dessas institui\u00e7\u00f5es contribuem proporcionalmente \u00e0 participa\u00e7\u00e3o nesses bancos, o que favorece as na\u00e7\u00f5es mais ricas.<\/p>\n<p>Segundo Haddad, o Brasil est\u00e1 elaborando um plano que torne as institui\u00e7\u00f5es multilaterais \u201cmelhores, maiores e mais eficazes\u201d. Os ministros de Finan\u00e7as e presidentes dos Bancos Centrais do G20, grupo das 20 maiores economias do planeta, mais a Uni\u00e3o Europeia e a Uni\u00e3o Africana, votar\u00e3o a proposta em outubro.<\/p>\n<p>\u201cEstamos avan\u00e7ando nas discuss\u00f5es sobre o aumento geral de capital e a poss\u00edvel cria\u00e7\u00e3o de um mecanismo de revis\u00e3o das necessidades de capital dessas institui\u00e7\u00f5es, de modo a garantir que elas continuem aptas a cumprir seus mandatos e alcan\u00e7ar objetivos globais mais ambiciosos\u201d, discursou Haddad. Ele acrescentou que pretende levar as sugest\u00f5es a outros \u00f3rg\u00e3os multilaterais.<\/p>\n<p>O Brasil e outros pa\u00edses emergentes pedem maior peso nas decis\u00f5es dos bancos multilaterais para que tenham mais flexibilidade na utiliza\u00e7\u00e3o de empr\u00e9stimos. Isso porque os financiamentos est\u00e3o atrelados a usos espec\u00edficos, o que atrasa a libera\u00e7\u00e3o de recursos para lidar com eventos repentinos relacionados \u00e0 crise clim\u00e1tica e para projetos de transi\u00e7\u00e3o ecol\u00f3gica.<\/p>\n<p>Antes da reuni\u00e3o, Haddad encontrou-se com a presidenta do Novo Banco de Desenvolvimento, Dilma Rousseff, tamb\u00e9m conhecido como Banco do Brics.<\/p>\n<h2>Taxa\u00e7\u00e3o de super-ricos<\/h2>\n<p>Durante a tarde, o ministro reuniu-se com o senador norte-americano Bernie Sanders, abordando a proposta de<a href=\"http:\/\/agenciabrasil.ebc.com.br\/economia\/noticia\/2024-02\/haddad-quer-uniao-internacional-para-taxar-super-ricos\" target=\"_blank\" rel=\"noopener\"> taxa\u00e7\u00e3o de super-ricos<\/a>. O parlamentar disse que pressionar\u00e1 o governo do presidente Joe Biden a apoiar a medida, apresentada pela primeira vez na reuni\u00e3o de ministros do G20 em S\u00e3o Paulo, no fim de fevereiro.<\/p>\n<p>\u201cEm todo o planeta, voc\u00ea tem governos lutando com or\u00e7amentos terr\u00edveis, incapazes de fornecer sa\u00fade, educa\u00e7\u00e3o, moradia para sua popula\u00e7\u00e3o e [lutando com] bilion\u00e1rios que deveriam estar pagando sua parcela justa de impostos [e] est\u00e3o escondendo seu dinheiro em outro lugar. Acho que precisamos avan\u00e7ar para uma abordagem global para isso\u201d, declarou o ministro.<\/p>\n<p>Ele ressaltou ter recebido apoio da Fran\u00e7a e da Espanha. No entanto, o ministro das Finan\u00e7as da Alemanha, Christian Lindner, se disse contr\u00e1rio \u00e0 proposta brasileira, argumentando que os pa\u00edses t\u00eam um sistema apropriado de taxa\u00e7\u00e3o.<\/p>\n<h2>Retorno antecipado<\/h2>\n<p>Esse foi o \u00faltimo dia da viagem do ministro da Fazenda aos Estados Unidos. Ele antecipou o retorno ao Brasil para tratar de negocia\u00e7\u00f5es da pauta econ\u00f4mica do governo com o Congresso &lt;https:\/\/agenciabrasil.ebc.com.br\/economia\/noticia\/2024-04\/haddad-antecipa-para-esta-quinta-feira-retorno-dos-estados-unidos&gt;.<\/p>\n<p>Na sexta-feira (19), o ministro participaria de um caf\u00e9 da manh\u00e3 no Fundo Monet\u00e1rio Internacional e da reuni\u00e3o plen\u00e1ria do Fundo, na parte da manh\u00e3. \u00c0 tarde, Haddad conversaria com o Comiss\u00e1rio Europeu para Assuntos Econ\u00f4micos, Paolo Gentiloni, e acompanharia a reuni\u00e3o do comit\u00ea de desenvolvimento do Banco Mundial.<\/p>\n<\/p><\/div>\n<p><br \/>\n<br \/><a href=\"https:\/\/agenciabrasil.ebc.com.br\/economia\/noticia\/2024-04\/haddad-pede-recursos-bancos-multilaterais-em-meio-crise-climatica\" rel=\"noopener\">Ag\u00eancia Brasil<\/a><\/p>\n","protected":false},"excerpt":{"rendered":"<p>As institui\u00e7\u00f5es financeiras multilaterais, como o Banco Mundial e o Banco Interamericano de Desenvolvimento, devem ter mais recursos e maior participa\u00e7\u00e3o de pa\u00edses emergentes na administra\u00e7\u00e3o para enfrentar a mudan\u00e7a clim\u00e1tica e o aumento da fome, disse, nesta quinta-feira (18), o ministro da Fazenda, Fernando Haddad. Em discurso de abertura da segunda reuni\u00e3o da trilha [&hellip;]<\/p>\n","protected":false},"author":1,"featured_media":1878,"comment_status":"open","ping_status":"open","sticky":false,"template":"","format":"standard","meta":{"_jetpack_newsletter_access":"","_jetpack_dont_email_post_to_subs":false,"_jetpack_newsletter_tier_id":0,"_jetpack_memberships_contains_paywalled_content":false,"_mbp_banners":[],"_jetpack_feature_clip_id":0,"_jetpack_memberships_contains_paid_content":false,"footnotes":"","jetpack_publicize_message":"","jetpack_publicize_feature_enabled":true,"jetpack_social_post_already_shared":true,"jetpack_social_options":{"image_generator_settings":{"template":"highway","default_image_id":0,"font":"","enabled":false},"version":2},"jetpack_post_was_ever_published":false},"categories":[22],"tags":[],"class_list":["post-1877","post","type-post","status-publish","format-standard","has-post-thumbnail","category-nacional"],"jetpack_publicize_connections":[],"jetpack-related-posts":[],"jetpack_shortlink":"https:\/\/wp.me\/p7Eq1F-uh","jetpack_sharing_enabled":true,"jetpack_featured_media_url":"https:\/\/i0.wp.com\/guialimeira.com.br\/news\/wp-content\/uploads\/2024\/04\/img_4052.jpg?fit=1600%2C800&ssl=1","_links":{"self":[{"href":"https:\/\/guialimeira.com.br\/news\/wp-json\/wp\/v2\/posts\/1877","targetHints":{"allow":["GET"]}}],"collection":[{"href":"https:\/\/guialimeira.com.br\/news\/wp-json\/wp\/v2\/posts"}],"about":[{"href":"https:\/\/guialimeira.com.br\/news\/wp-json\/wp\/v2\/types\/post"}],"author":[{"embeddable":true,"href":"https:\/\/guialimeira.com.br\/news\/wp-json\/wp\/v2\/users\/1"}],"replies":[{"embeddable":true,"href":"https:\/\/guialimeira.com.br\/news\/wp-json\/wp\/v2\/comments?post=1877"}],"version-history":[{"count":0,"href":"https:\/\/guialimeira.com.br\/news\/wp-json\/wp\/v2\/posts\/1877\/revisions"}],"wp:featuredmedia":[{"embeddable":true,"href":"https:\/\/guialimeira.com.br\/news\/wp-json\/wp\/v2\/media\/1878"}],"wp:attachment":[{"href":"https:\/\/guialimeira.com.br\/news\/wp-json\/wp\/v2\/media?parent=1877"}],"wp:term":[{"taxonomy":"category","embeddable":true,"href":"https:\/\/guialimeira.com.br\/news\/wp-json\/wp\/v2\/categories?post=1877"},{"taxonomy":"post_tag","embeddable":true,"href":"https:\/\/guialimeira.com.br\/news\/wp-json\/wp\/v2\/tags?post=1877"}],"curies":[{"name":"wp","href":"https:\/\/api.w.org\/{rel}","templated":true}]}}