{"id":1868,"date":"2024-04-18T19:34:47","date_gmt":"2024-04-18T22:34:47","guid":{"rendered":"https:\/\/guialimeira.com.br\/2024\/04\/18\/pf-nao-estima-prazo-para-identificar-corpos-encontrados-em-barco\/"},"modified":"2024-04-18T19:34:47","modified_gmt":"2024-04-18T22:34:47","slug":"pf-nao-estima-prazo-para-identificar-corpos-encontrados-em-barco","status":"publish","type":"post","link":"https:\/\/guialimeira.com.br\/news\/pf-nao-estima-prazo-para-identificar-corpos-encontrados-em-barco\/","title":{"rendered":"PF n\u00e3o estima prazo para identificar corpos encontrados em barco"},"content":{"rendered":"<p> <br \/>\n<\/p>\n<div>\n<p>A Pol\u00edcia Federal (PF) disse hoje (18) que ainda n\u00e3o \u00e9 poss\u00edvel estimar <a href=\"http:\/\/agenciabrasil.ebc.com.br\/geral\/noticia\/2024-04\/corpos-encontrados-em-embarcacao-no-para-ainda-nao-foram-identificados\" target=\"_blank\" rel=\"noopener\">prazo para a identifica\u00e7\u00e3o<\/a> dos nove corpos em embarca\u00e7\u00e3o encontrada \u00e0 deriva no litoral paraense, <a href=\"http:\/\/agenciabrasil.ebc.com.br\/geral\/noticia\/2024-04\/embarcacao-e-encontrada-no-para-com-varios-corpos-em-decomposicao\" target=\"_blank\" rel=\"noopener\">pr\u00f3ximo ao munic\u00edpio de Bragan\u00e7a<\/a>.\u00a0 A per\u00edcia, para identifica\u00e7\u00e3o das v\u00edtimas, come\u00e7ou ontem (17), em conjunto com a Pol\u00edcia Cient\u00edfica do Par\u00e1.<img data-recalc-dims=\"1\" decoding=\"async\" src=\"https:\/\/i0.wp.com\/agenciabrasil.ebc.com.br\/ebc.png?w=696&#038;ssl=1\" style=\"width:1px; height:1px; display:inline;\"\/><img data-recalc-dims=\"1\" decoding=\"async\" src=\"https:\/\/i0.wp.com\/agenciabrasil.ebc.com.br\/ebc.gif?w=696&#038;ssl=1\" style=\"width:1px; height:1px; display:inline;\"\/><\/p>\n<p>De acordo com a PF, os corpos ser\u00e3o temporariamente sepultados na capital paraense, Bel\u00e9m, at\u00e9 que as identidades tenham sido estabelecidas e as fam\u00edlias das v\u00edtimas possam ser formalmente comunicadas.<\/p>\n<p>A principal hip\u00f3tese \u00e9 que as v\u00edtimas tenham vindo da<a href=\"https:\/\/agenciabrasil.ebc.com.br\/geral\/noticia\/2024-04\/pf-diz-que-corpos-achados-em-embarcacao-no-para-sao-de-africanos\" target=\"_blank\" rel=\"noopener\"> \u00c1frica<\/a> em dire\u00e7\u00e3o \u00e0s Ilhas Can\u00e1rias, na Espanha, arquip\u00e9lago usado como rota migrat\u00f3ria para entrada no continente europeu. Segundo a pol\u00edcia, os in\u00edcios apontam que o barco, provavelmente saiu da Maurit\u00e2nia, na \u00c1frica e acabou pegando uma corrente mar\u00edtima com destino ao Brasil.<\/p>\n<p>\u201cComo a migra\u00e7\u00e3o de pessoas dos pa\u00edses africanos \u00e9 uma quest\u00e3o humanit\u00e1ria que conta com milhares de pessoas desaparecidas e inexistem dados t\u00e9cnicos estruturados, n\u00e3o \u00e9 poss\u00edvel estimar o prazo para identifica\u00e7\u00e3o dos nove corpos. O \u00f3rg\u00e3o faz todos os esfor\u00e7os para que a identidade das v\u00edtimas seja estabelecida no menor tempo poss\u00edvel\u201d, informou a PF.<\/p>\n<p>O trabalho de per\u00edcia envolveu mais de 30 pessoas em trabalho multidisciplinar, adotando o padr\u00e3o de identifica\u00e7\u00e3o de v\u00edtimas de desastres da Interpol. Entre os exames realizados est\u00e3o: radiol\u00f3gico; exame de vestes, pertences, documentos e adere\u00e7os; exame m\u00e9dico-legal, com coleta de material para exames de DNA e de is\u00f3topos est\u00e1veis; exames odontolegal, necropapiloscopico, esta\u00e7\u00e3o de verifica\u00e7\u00e3o de documentos e controle de qualidade.<\/p>\n<p>Os dados colhidos foram enviados para o processo de identifica\u00e7\u00e3o em Bras\u00edlia, pelo Instituto Nacional de Criminal\u00edstica e Instituto Nacional de Identifica\u00e7\u00e3o da Pol\u00edcia Federal, com apoio da Interpol e organismos internacionais.<\/p>\n<p>Tamb\u00e9m na quarta-feira (17), os peritos da Pol\u00edcia Federal e da Pol\u00edcia Cient\u00edfica estadual finalizaram o exame da embarca\u00e7\u00e3o, assim como de todos os pertences, vestes e objetos que estavam em seu interior.<\/p>\n<p>No barco foram encontradas 25 capas de chuva e diversos objetos. Tamb\u00e9m foram localizados 27 telefones celulares, encaminhados para exames periciais no instituto nacional de criminal\u00edstica.<\/p>\n<p>\u201cAs poss\u00edveis informa\u00e7\u00f5es extra\u00eddas dos celulares, dos seus <em>chips<\/em> e cart\u00f5es de mem\u00f3ria, em conjunto com a\u00e7\u00f5es de coopera\u00e7\u00e3o internacional, ser\u00e3o utilizadas para trazer indicativos sobre a identidade dos ocupantes da embarca\u00e7\u00e3o\u201d, disse a PF.<\/p>\n<\/p><\/div>\n<p><br \/>\n<br \/><a href=\"https:\/\/agenciabrasil.ebc.com.br\/geral\/noticia\/2024-04\/pf-nao-estima-prazo-para-identificar-corpos-encontrados-em-barco\" rel=\"noopener\">Ag\u00eancia Brasil<\/a><\/p>\n","protected":false},"excerpt":{"rendered":"<p>A Pol\u00edcia Federal (PF) disse hoje (18) que ainda n\u00e3o \u00e9 poss\u00edvel estimar prazo para a identifica\u00e7\u00e3o dos nove corpos em embarca\u00e7\u00e3o encontrada \u00e0 deriva no litoral paraense, pr\u00f3ximo ao munic\u00edpio de Bragan\u00e7a.\u00a0 A per\u00edcia, para identifica\u00e7\u00e3o das v\u00edtimas, come\u00e7ou ontem (17), em conjunto com a Pol\u00edcia Cient\u00edfica do Par\u00e1. De acordo com a PF, [&hellip;]<\/p>\n","protected":false},"author":1,"featured_media":1718,"comment_status":"open","ping_status":"open","sticky":false,"template":"","format":"standard","meta":{"_jetpack_newsletter_access":"","_jetpack_dont_email_post_to_subs":false,"_jetpack_newsletter_tier_id":0,"_jetpack_memberships_contains_paywalled_content":false,"_mbp_banners":[],"_jetpack_feature_clip_id":0,"_jetpack_memberships_contains_paid_content":false,"footnotes":"","jetpack_publicize_message":"","jetpack_publicize_feature_enabled":true,"jetpack_social_post_already_shared":true,"jetpack_social_options":{"image_generator_settings":{"template":"highway","default_image_id":0,"font":"","enabled":false},"version":2},"jetpack_post_was_ever_published":false},"categories":[1],"tags":[],"class_list":["post-1868","post","type-post","status-publish","format-standard","has-post-thumbnail","category-geral"],"jetpack_publicize_connections":[],"jetpack-related-posts":[],"jetpack_shortlink":"https:\/\/wp.me\/p7Eq1F-u8","jetpack_sharing_enabled":true,"jetpack_featured_media_url":"https:\/\/i0.wp.com\/guialimeira.com.br\/news\/wp-content\/uploads\/2024\/04\/glr699dw4aadxjj.jpeg?fit=1600%2C800&ssl=1","_links":{"self":[{"href":"https:\/\/guialimeira.com.br\/news\/wp-json\/wp\/v2\/posts\/1868","targetHints":{"allow":["GET"]}}],"collection":[{"href":"https:\/\/guialimeira.com.br\/news\/wp-json\/wp\/v2\/posts"}],"about":[{"href":"https:\/\/guialimeira.com.br\/news\/wp-json\/wp\/v2\/types\/post"}],"author":[{"embeddable":true,"href":"https:\/\/guialimeira.com.br\/news\/wp-json\/wp\/v2\/users\/1"}],"replies":[{"embeddable":true,"href":"https:\/\/guialimeira.com.br\/news\/wp-json\/wp\/v2\/comments?post=1868"}],"version-history":[{"count":0,"href":"https:\/\/guialimeira.com.br\/news\/wp-json\/wp\/v2\/posts\/1868\/revisions"}],"wp:featuredmedia":[{"embeddable":true,"href":"https:\/\/guialimeira.com.br\/news\/wp-json\/wp\/v2\/media\/1718"}],"wp:attachment":[{"href":"https:\/\/guialimeira.com.br\/news\/wp-json\/wp\/v2\/media?parent=1868"}],"wp:term":[{"taxonomy":"category","embeddable":true,"href":"https:\/\/guialimeira.com.br\/news\/wp-json\/wp\/v2\/categories?post=1868"},{"taxonomy":"post_tag","embeddable":true,"href":"https:\/\/guialimeira.com.br\/news\/wp-json\/wp\/v2\/tags?post=1868"}],"curies":[{"name":"wp","href":"https:\/\/api.w.org\/{rel}","templated":true}]}}