{"id":18668,"date":"2024-12-10T13:52:40","date_gmt":"2024-12-10T16:52:40","guid":{"rendered":"https:\/\/guialimeira.com.br\/2024\/12\/10\/siria-lider-apoiado-pelos-rebeldes-assume-cargo-de-premie-interino\/"},"modified":"2024-12-10T13:52:40","modified_gmt":"2024-12-10T16:52:40","slug":"siria-lider-apoiado-pelos-rebeldes-assume-cargo-de-premie-interino","status":"publish","type":"post","link":"https:\/\/guialimeira.com.br\/news\/siria-lider-apoiado-pelos-rebeldes-assume-cargo-de-premie-interino\/","title":{"rendered":"S\u00edria: l\u00edder apoiado pelos rebeldes assume cargo de premi\u00ea interino"},"content":{"rendered":"<p> <br \/>\n<\/p>\n<div>\n<p>O novo l\u00edder\u00a0da S\u00edria anunciou nesta\u00a0ter\u00e7a-feira (10) que estava assumindo o comando do pa\u00eds como primeiro-ministro interino, com o apoio dos antigos rebeldes que derrubaram o presidente Bashar al-Assad h\u00e1 tr\u00eas dias.<img data-recalc-dims=\"1\" decoding=\"async\" src=\"https:\/\/i0.wp.com\/agenciabrasil.ebc.com.br\/ebc.png?w=696&#038;ssl=1\" style=\"width:1px; height:1px; display:inline;\"\/><img data-recalc-dims=\"1\" decoding=\"async\" src=\"https:\/\/i0.wp.com\/agenciabrasil.ebc.com.br\/ebc.gif?w=696&#038;ssl=1\" style=\"width:1px; height:1px; display:inline;\"\/><\/p>\n<p>Em\u00a0breve discurso na televis\u00e3o estatal, Mohammed al-Bashir, uma figura pouco conhecida na maior parte da S\u00edria, que anteriormente dirigia uma administra\u00e7\u00e3o em um pequeno bols\u00e3o do noroeste controlado pelos rebeldes, disse que liderar\u00e1 a autoridade interina at\u00e9 1\u00ba de mar\u00e7o.<\/p>\n<p>&#8220;Hoje realizamos uma reuni\u00e3o de gabinete que incluiu uma equipe do governo de Salva\u00e7\u00e3o, que estava trabalhando em Idlib e seus arredores, e o governo do regime deposto&#8221;, afirmou.<\/p>\n<p>&#8220;A reuni\u00e3o teve como tema principal a transfer\u00eancia dos arquivos e das institui\u00e7\u00f5es para cuidar do governo.&#8221;<\/p>\n<p>Atr\u00e1s dele havia duas bandeiras: a bandeira verde, preta e branca, hasteada pelos oponentes de Assad durante toda a guerra civil, e uma bandeira branca com o juramento isl\u00e2mico de f\u00e9 escrito em preto, tipicamente hasteada na S\u00edria por combatentes isl\u00e2micos sunitas.<\/p>\n<p>Na capital s\u00edria, os bancos reabriram pela primeira vez desde a derrubada de Assad. As lojas tamb\u00e9m foram reabertas, o tr\u00e1fego voltou \u00e0s ruas, os trabalhadores da constru\u00e7\u00e3o civil voltaram a consertar uma rotat\u00f3ria no centro da cidade de Damasco, e os limpadores de rua estavam varrendo as vias.<\/p>\n<p>Houve diminui\u00e7\u00e3o not\u00e1vel no n\u00famero de homens armados nas ruas. Duas fontes pr\u00f3ximas aos rebeldes disseram que seu comando havia ordenado que os combatentes se retirassem das cidades, e que a pol\u00edcia e as for\u00e7as de seguran\u00e7a interna afiliadas ao principal grupo rebelde, Hayat Tahrir al-Shams (HTS), se posicionassem l\u00e1.<\/p>\n<p>Os passos em dire\u00e7\u00e3o \u00e0 normaliza\u00e7\u00e3o ocorreram apesar dos intensos ataques a\u00e9reos de Israel contra bases do Ex\u00e9rcito s\u00edrio, cujas for\u00e7as se dispersaram diante do avan\u00e7o rel\u00e2mpago dos rebeldes que expulsaram Assad.<\/p>\n<p>Israel, que enviou for\u00e7as por meio\u00a0da fronteira para uma zona desmilitarizada dentro da S\u00edria, disse que seus ataques a\u00e9reos t\u00eam como objetivo evitar que as armas caiam em m\u00e3os hostis. O pa\u00eds negou relatos de que suas for\u00e7as haviam avan\u00e7ado al\u00e9m da zona de prote\u00e7\u00e3o para a zona rural a sudoeste de Damasco.<\/p>\n<p>Em um sinal de que os estrangeiros est\u00e3o prontos para trabalhar com o HTS, antiga afiliada da Al Qaeda que liderou a revolta anti-Assad e que ultimamente tem enfatizado seu rompimento com as ra\u00edzes jihadistas, o enviado da ONU \u00e0 S\u00edria minimizou sua designa\u00e7\u00e3o como organiza\u00e7\u00e3o terrorista.<\/p>\n<p>&#8220;At\u00e9 o momento, a realidade \u00e9 que o HTS e tamb\u00e9m os outros grupos armados t\u00eam enviado boas mensagens ao povo s\u00edrio\u00a0de unidade, de inclus\u00e3o&#8221;, disse Geir Pedersen em entrevista\u00a0em Genebra.<\/p>\n<h2>Novo l\u00edder<\/h2>\n<p>O novo l\u00edder interino da S\u00edria tem pouco perfil pol\u00edtico al\u00e9m da prov\u00edncia de Idlib, a pequena regi\u00e3o do noroeste, em grande parte rural, onde os rebeldes mantiveram uma administra\u00e7\u00e3o durante os longos anos em que as linhas de frente da guerra civil da S\u00edria ficaram congeladas.<\/p>\n<p>Uma p\u00e1gina do Facebook da administra\u00e7\u00e3o rebelde diz que ele foi treinado como engenheiro el\u00e9trico, depois se formou em sharia e direito, e ocupou v\u00e1rios cargos em \u00e1reas como educa\u00e7\u00e3o.<\/p>\n<p>A incurs\u00e3o de Israel no sudoeste do pa\u00eds e seus ataques a\u00e9reos \u00e0s bases do Ex\u00e9rcito derrotado criam um problema de seguran\u00e7a adicional para a nova administra\u00e7\u00e3o, embora Israel insista que sua interven\u00e7\u00e3o \u00e9 tempor\u00e1ria.<\/p>\n<p>Depois que a fuga de Assad, no domingo (8), p\u00f4s fim a mais de cinco d\u00e9cadas de governo de sua fam\u00edlia, as tropas israelenses entraram na zona tamp\u00e3o dentro da S\u00edria, estabelecida ap\u00f3s a guerra do Oriente M\u00e9dio de 1973.<\/p>\n<p>Tr\u00eas fontes de seguran\u00e7a disseram hoje\u00a0que os israelenses haviam avan\u00e7ado para al\u00e9m da zona desmilitarizada. Uma fonte s\u00edria afirmou que eles chegaram \u00e0 cidade de Qatana, a v\u00e1rios quil\u00f4metros a leste da zona de seguran\u00e7a e a\u00a0curta dist\u00e2ncia de carro do aeroporto de Damasco.<\/p>\n<p>O porta-voz militar israelense, tenente-coronel Nadav Shoshani, disse que as tropas permaneceram na zona de prote\u00e7\u00e3o e em &#8220;alguns pontos adicionais&#8221; nas proximidades, e que n\u00e3o houve nenhum avan\u00e7o significativo para a S\u00edria al\u00e9m da \u00e1rea de separa\u00e7\u00e3o.<\/p>\n<p>&#8220;N\u00e3o estamos envolvidos no que est\u00e1 acontecendo internamente na S\u00edria, n\u00e3o somos um dos lados desse conflito e n\u00e3o temos nenhum outro interesse al\u00e9m de proteger nossas fronteiras e a seguran\u00e7a de nossos cidad\u00e3os&#8221;, afirmou\u00a0Shoshani.<\/p>\n<p><em><strong>*\u00c9 proibida a reprodu\u00e7\u00e3o deste conte\u00fado.<\/strong><\/em><\/p>\n<p>      <!-- Relacionada --><\/p>\n<p>            <!-- Relacionada -->\n    <\/div>\n<p><br \/>\n<br \/><a href=\"https:\/\/agenciabrasil.ebc.com.br\/internacional\/noticia\/2024-12\/siria-lider-apoiado-pelos-rebeldes-assume-cargo-de-premie-interino\" rel=\"noopener\">Ag\u00eancia Brasil <\/a><\/p>\n","protected":false},"excerpt":{"rendered":"<p>O novo l\u00edder\u00a0da S\u00edria anunciou nesta\u00a0ter\u00e7a-feira (10) que estava assumindo o comando do pa\u00eds como primeiro-ministro interino, com o apoio dos antigos rebeldes que derrubaram o presidente Bashar al-Assad h\u00e1 tr\u00eas dias. Em\u00a0breve discurso na televis\u00e3o estatal, Mohammed al-Bashir, uma figura pouco conhecida na maior parte da S\u00edria, que anteriormente dirigia uma administra\u00e7\u00e3o em um [&hellip;]<\/p>\n","protected":false},"author":1,"featured_media":269,"comment_status":"open","ping_status":"open","sticky":false,"template":"","format":"standard","meta":{"_jetpack_newsletter_access":"","_jetpack_dont_email_post_to_subs":false,"_jetpack_newsletter_tier_id":0,"_jetpack_memberships_contains_paywalled_content":false,"_mbp_banners":[],"_jetpack_feature_clip_id":0,"_jetpack_memberships_contains_paid_content":false,"footnotes":"","jetpack_publicize_message":"","jetpack_publicize_feature_enabled":true,"jetpack_social_post_already_shared":true,"jetpack_social_options":{"image_generator_settings":{"template":"highway","default_image_id":0,"font":"","enabled":false},"version":2},"jetpack_post_was_ever_published":false},"categories":[25],"tags":[],"class_list":["post-18668","post","type-post","status-publish","format-standard","has-post-thumbnail","category-internacional"],"jetpack_publicize_connections":[],"jetpack-related-posts":[],"jetpack_shortlink":"https:\/\/wp.me\/p7Eq1F-4R6","jetpack_sharing_enabled":true,"jetpack_featured_media_url":"https:\/\/i0.wp.com\/guialimeira.com.br\/news\/wp-content\/uploads\/2024\/03\/thumb_1200x600_agbrasil.png?fit=1200%2C600&ssl=1","_links":{"self":[{"href":"https:\/\/guialimeira.com.br\/news\/wp-json\/wp\/v2\/posts\/18668","targetHints":{"allow":["GET"]}}],"collection":[{"href":"https:\/\/guialimeira.com.br\/news\/wp-json\/wp\/v2\/posts"}],"about":[{"href":"https:\/\/guialimeira.com.br\/news\/wp-json\/wp\/v2\/types\/post"}],"author":[{"embeddable":true,"href":"https:\/\/guialimeira.com.br\/news\/wp-json\/wp\/v2\/users\/1"}],"replies":[{"embeddable":true,"href":"https:\/\/guialimeira.com.br\/news\/wp-json\/wp\/v2\/comments?post=18668"}],"version-history":[{"count":0,"href":"https:\/\/guialimeira.com.br\/news\/wp-json\/wp\/v2\/posts\/18668\/revisions"}],"wp:featuredmedia":[{"embeddable":true,"href":"https:\/\/guialimeira.com.br\/news\/wp-json\/wp\/v2\/media\/269"}],"wp:attachment":[{"href":"https:\/\/guialimeira.com.br\/news\/wp-json\/wp\/v2\/media?parent=18668"}],"wp:term":[{"taxonomy":"category","embeddable":true,"href":"https:\/\/guialimeira.com.br\/news\/wp-json\/wp\/v2\/categories?post=18668"},{"taxonomy":"post_tag","embeddable":true,"href":"https:\/\/guialimeira.com.br\/news\/wp-json\/wp\/v2\/tags?post=18668"}],"curies":[{"name":"wp","href":"https:\/\/api.w.org\/{rel}","templated":true}]}}