{"id":18662,"date":"2024-12-10T12:51:41","date_gmt":"2024-12-10T15:51:41","guid":{"rendered":"https:\/\/guialimeira.com.br\/2024\/12\/10\/israel-avanca-sobre-territorio-da-siria-apos-queda-de-assad\/"},"modified":"2024-12-10T12:51:41","modified_gmt":"2024-12-10T15:51:41","slug":"israel-avanca-sobre-territorio-da-siria-apos-queda-de-assad","status":"publish","type":"post","link":"https:\/\/guialimeira.com.br\/news\/israel-avanca-sobre-territorio-da-siria-apos-queda-de-assad\/","title":{"rendered":"Israel avan\u00e7a sobre territ\u00f3rio da S\u00edria ap\u00f3s queda de Assad"},"content":{"rendered":"<p> <br \/>\n<\/p>\n<div>\n<p>As For\u00e7as de Defesa de Israel (FDI) avan\u00e7aram sobre territ\u00f3rio da S\u00edria depois que o governo de Bashad al-Assad caiu no domingo (8), resultado da ofensiva de <a href=\"https:\/\/agenciabrasil.ebc.com.br\/internacional\/noticia\/2024-12\/siria-potencias-estrangeiras-apoiaram-13-anos-de-guerra-contra-assad\" target=\"_blank\" rel=\"noopener\">grupos insurgentes armados apoiados por pot\u00eancias estrangeiras<\/a>.\u00a0<img data-recalc-dims=\"1\" decoding=\"async\" src=\"https:\/\/i0.wp.com\/agenciabrasil.ebc.com.br\/ebc.png?w=696&#038;ssl=1\" style=\"width:1px; height:1px; display:inline;\"\/><img data-recalc-dims=\"1\" decoding=\"async\" src=\"https:\/\/i0.wp.com\/agenciabrasil.ebc.com.br\/ebc.gif?w=696&#038;ssl=1\" style=\"width:1px; height:1px; display:inline;\"\/><\/p>\n<p>De acordo com a Organiza\u00e7\u00e3o das Na\u00e7\u00f5es Unidas (ONU), o avan\u00e7o de tropas israelenses na S\u00edria viola acordo firmado com o pa\u00eds \u00e1rabe em 1974.\u00a0<\/p>\n<p>O <a href=\"https:\/\/agenciabrasil.ebc.com.br\/internacional\/noticia\/2024-12\/observatorio-sirio-registra-300-ataques-aereos-de-israel-desde-domingo\" target=\"_blank\" rel=\"noopener\">Observat\u00f3rio S\u00edrio de Direitos Humanos estima que Israel realizou mais de 300 ataques a\u00e9reos<\/a> contra infraestruturas navais e a\u00e9reas do Ex\u00e9rcito s\u00edrio desde a queda de Assad.\u00a0<\/p>\n<p>Em pronunciamento \u00e0 imprensa nesta segunda-feira (10), o primeiro-ministro de Israel, Benjamin Netanyahu, informou que o Ex\u00e9rcito israelense foi instru\u00eddo para ocupar uma zona tamp\u00e3o entre as Colinas de Gol\u00e3, territ\u00f3rio s\u00edrio ocupado por Israel desde a guerra de 1967, e o resto do territ\u00f3rio s\u00edrio.\u00a0\u00a0<\/p>\n<p>\u201cInstru\u00ed as FDI a tomarem a zona tamp\u00e3o entre n\u00f3s e a S\u00edria e as posi\u00e7\u00f5es de comando adjacentes a ela. Isto tamb\u00e9m inclui o cume do Hermon &#8211; o que \u00e9 chamado de Hermon S\u00edrio\u201d, afirmou o chefe do governo de Tel Aviv.\u00a0<\/p>\n<p>O Monte de Hermon \u00e9 uma \u00e1rea montanhosa que fica entre as fronteiras de Israel, S\u00edria e L\u00edbano, pr\u00f3ximo \u00e0s Colinas de Gol\u00e3.<\/p>\n<p>Em carta enviada ao Conselho de Seguran\u00e7a da ONU nesta segunda-feira, Israel alegou que a ocupa\u00e7\u00e3o do Monte de Hermon \u00e9 tempor\u00e1ria e limitada, informou o representante de Israel na ONU, embaixador Danny Danon.<\/p>\n<p>\u201cEnfatizei que o Estado de Israel n\u00e3o interfere nos assuntos dom\u00e9sticos da S\u00edria. Nossas a\u00e7\u00f5es s\u00e3o focadas exclusivamente em manter nossa seguran\u00e7a e continuamos comprometidos com a estrutura do Acordo de Desengajamento assinado em 1974 entre S\u00edria e Israel\u201d, afirmou Danon.<\/p>\n<p>De acordo com St\u00e9phane Dujarric, o porta-voz do secret\u00e1rio-geral da ONU, Ant\u00f3nio Guterres, a ocupa\u00e7\u00e3o militar dessa \u00e1rea viola o acordo de 1974.<\/p>\n<p>\u201cOs mantenedores da paz da Undof [For\u00e7a de Observa\u00e7\u00e3o de Desengajamento das Na\u00e7\u00f5es Unidas] informaram aos colegas israelenses que essas a\u00e7\u00f5es constituiriam uma viola\u00e7\u00e3o do Acordo de Desengajamento de 1974, de que n\u00e3o deveria haver for\u00e7as ou atividades militares na \u00e1rea de separa\u00e7\u00e3o. Israel e a S\u00edria devem continuar a defender os termos desse acordo de 1974 e preservar a estabilidade no Gol\u00e3\u201d, afirmou nesta segunda-feira o porta-voz da ONU.\u00a0<\/p>\n<h2>Colinas de Gol\u00e3<\/h2>\n<p>No pronunciamento que fez \u00e0 imprensa, Netanyahu refor\u00e7ou que as Colinas de Gol\u00e3 s\u00e3o parte integral de Israel, apesar do direito internacional n\u00e3o reconhecer essa anexa\u00e7\u00e3o. \u201cO nosso controle das Colinas de Gol\u00e3 garante a nossa seguran\u00e7a, garante a nossa soberania\u201d, afirmou.<\/p>\n<p>O primeiro-ministro ainda agradeceu o presidente eleito dos Estados Unidos, Donald Trump, por ter reconhecido a soberania de Israel sobre essa \u00e1rea, em 2019. \u201cHoje este reconhecimento hist\u00f3rico assume uma validade diferente e uma import\u00e2ncia diferente. As Colinas de Gol\u00e3 ser\u00e3o para sempre uma parte insepar\u00e1vel do Estado de Israel\u201d, completou.<\/p>\n<p>Benjamin Netanyahu comemorou a queda de Assad argumentando que esse acontecimento enfraquece a posi\u00e7\u00e3o do Eixo da Resist\u00eancia, formado por Ir\u00e3 e grupos como Hezbollah, contr\u00e1rios \u00e0 hegemonia dos Estados Unidos e de Israel no Oriente M\u00e9dio.<\/p>\n<p>\u201cComo prometi, estamos a mudar a face do M\u00e9dio Oriente. O Estado de Israel est\u00e1 a estabelecer a sua posi\u00e7\u00e3o como centro de poder na nossa regi\u00e3o, como n\u00e3o acontecia h\u00e1 d\u00e9cadas\u201d, completou.<\/p>\n<p>Ap\u00f3s a guerra de 1967, quando Israel ocupou das Colinas de Gol\u00e3, ent\u00e3o sob o controle da S\u00edria, o Conselho de Seguran\u00e7a da ONU aprovou a Resolu\u00e7\u00e3o 242, que exige que Israel devolva os territ\u00f3rios ao governo de Damasco e nega o reconhecimento de anexa\u00e7\u00e3o de terras por meio de guerras. Tal resolu\u00e7\u00e3o nunca foi cumprida.<\/p>\n<p>Em 1981, Israel aprovou lei anexando unilateralmente as Colinas de Gol\u00e3 ao seu territ\u00f3rio. No mesmo ano, o Conselho de Seguran\u00e7a da ONU aprovou a Resolu\u00e7\u00e3o 497, considerando a anexa\u00e7\u00e3o ilegal.<\/p>\n<p>As Colinas de Gol\u00e3 tem papel estrat\u00e9gico na regi\u00e3o por ser uma zona alta que permite a visualiza\u00e7\u00e3o de parte da S\u00edria e de Israel. A capital da S\u00edria, Damasco, pode ser vista das Colinas por ficar a cerca de 60 quil\u00f4metros dessa regi\u00e3o, que tamb\u00e9m \u00e9 uma importante fonte de \u00e1gua que desce para o Rio Jord\u00e3o.<\/p>\n<p>      <!-- Relacionada --><\/p>\n<p>            <!-- Relacionada -->\n    <\/div>\n<p><br \/>\n<br \/><a href=\"https:\/\/agenciabrasil.ebc.com.br\/internacional\/noticia\/2024-12\/israel-avanca-sobre-territorio-da-siria-apos-queda-de-assad\" rel=\"noopener\">Ag\u00eancia Brasil <\/a><\/p>\n","protected":false},"excerpt":{"rendered":"<p>As For\u00e7as de Defesa de Israel (FDI) avan\u00e7aram sobre territ\u00f3rio da S\u00edria depois que o governo de Bashad al-Assad caiu no domingo (8), resultado da ofensiva de grupos insurgentes armados apoiados por pot\u00eancias estrangeiras.\u00a0 De acordo com a Organiza\u00e7\u00e3o das Na\u00e7\u00f5es Unidas (ONU), o avan\u00e7o de tropas israelenses na S\u00edria viola acordo firmado com o [&hellip;]<\/p>\n","protected":false},"author":1,"featured_media":18663,"comment_status":"open","ping_status":"open","sticky":false,"template":"","format":"standard","meta":{"_jetpack_newsletter_access":"","_jetpack_dont_email_post_to_subs":false,"_jetpack_newsletter_tier_id":0,"_jetpack_memberships_contains_paywalled_content":false,"_mbp_banners":[],"_jetpack_feature_clip_id":0,"_jetpack_memberships_contains_paid_content":false,"footnotes":"","jetpack_publicize_message":"","jetpack_publicize_feature_enabled":true,"jetpack_social_post_already_shared":true,"jetpack_social_options":{"image_generator_settings":{"template":"highway","default_image_id":0,"font":"","enabled":false},"version":2},"jetpack_post_was_ever_published":false},"categories":[25],"tags":[],"class_list":["post-18662","post","type-post","status-publish","format-standard","has-post-thumbnail","category-internacional"],"jetpack_publicize_connections":[],"jetpack-related-posts":[],"jetpack_shortlink":"https:\/\/wp.me\/p7Eq1F-4R0","jetpack_sharing_enabled":true,"jetpack_featured_media_url":"https:\/\/i0.wp.com\/guialimeira.com.br\/news\/wp-content\/uploads\/2024\/12\/2024-12-08t154203z_302751294_rc22lbatpi3g_rtrmadp_3_syria-security.jpg?fit=1600%2C800&ssl=1","_links":{"self":[{"href":"https:\/\/guialimeira.com.br\/news\/wp-json\/wp\/v2\/posts\/18662","targetHints":{"allow":["GET"]}}],"collection":[{"href":"https:\/\/guialimeira.com.br\/news\/wp-json\/wp\/v2\/posts"}],"about":[{"href":"https:\/\/guialimeira.com.br\/news\/wp-json\/wp\/v2\/types\/post"}],"author":[{"embeddable":true,"href":"https:\/\/guialimeira.com.br\/news\/wp-json\/wp\/v2\/users\/1"}],"replies":[{"embeddable":true,"href":"https:\/\/guialimeira.com.br\/news\/wp-json\/wp\/v2\/comments?post=18662"}],"version-history":[{"count":0,"href":"https:\/\/guialimeira.com.br\/news\/wp-json\/wp\/v2\/posts\/18662\/revisions"}],"wp:featuredmedia":[{"embeddable":true,"href":"https:\/\/guialimeira.com.br\/news\/wp-json\/wp\/v2\/media\/18663"}],"wp:attachment":[{"href":"https:\/\/guialimeira.com.br\/news\/wp-json\/wp\/v2\/media?parent=18662"}],"wp:term":[{"taxonomy":"category","embeddable":true,"href":"https:\/\/guialimeira.com.br\/news\/wp-json\/wp\/v2\/categories?post=18662"},{"taxonomy":"post_tag","embeddable":true,"href":"https:\/\/guialimeira.com.br\/news\/wp-json\/wp\/v2\/tags?post=18662"}],"curies":[{"name":"wp","href":"https:\/\/api.w.org\/{rel}","templated":true}]}}