{"id":18651,"date":"2024-12-10T10:44:47","date_gmt":"2024-12-10T13:44:47","guid":{"rendered":"https:\/\/guialimeira.com.br\/2024\/12\/10\/hemorragia-nao-afeta-funcao-cerebral-do-presidente-diz-medico-de-lula\/"},"modified":"2024-12-10T10:44:47","modified_gmt":"2024-12-10T13:44:47","slug":"hemorragia-nao-afeta-funcao-cerebral-do-presidente-diz-medico-de-lula","status":"publish","type":"post","link":"https:\/\/guialimeira.com.br\/news\/hemorragia-nao-afeta-funcao-cerebral-do-presidente-diz-medico-de-lula\/","title":{"rendered":"Hemorragia n\u00e3o afeta fun\u00e7\u00e3o cerebral do presidente, diz m\u00e9dico de Lula"},"content":{"rendered":"<p> <br \/>\n<\/p>\n<div>\n<p>A hemorragia intracraniana detectada no presidente Luiz In\u00e1cio Lula da Silva n\u00e3o comprometeu qualquer fun\u00e7\u00e3o cerebral. A expectativa da equipe m\u00e9dica &#8211; liderada por Roberto Kalil &#8211; \u00e9 de que Lula retome as atividades na semana que vem. Por precau\u00e7\u00e3o, ele ficar\u00e1 internado na Unidade de Terapia Intensiva do Hospital S\u00edrio-Liban\u00eas, em S\u00e3o Paulo, por 48 horas.<img data-recalc-dims=\"1\" decoding=\"async\" src=\"https:\/\/i0.wp.com\/agenciabrasil.ebc.com.br\/ebc.png?w=696&#038;ssl=1\" style=\"width:1px; height:1px; display:inline;\"\/><img data-recalc-dims=\"1\" decoding=\"async\" src=\"https:\/\/i0.wp.com\/agenciabrasil.ebc.com.br\/ebc.gif?w=696&#038;ssl=1\" style=\"width:1px; height:1px; display:inline;\"\/><\/p>\n<p>Ainda segundo os m\u00e9dicos, o procedimento pelo qual o presidente passou inclui uma pequena perfura\u00e7\u00e3o no cr\u00e2nio, entre duas l\u00e2minas da meninge, seguida da coloca\u00e7\u00e3o de um dreno por onde sair\u00e1 o sangue acumulado no local.<\/p>\n<p>O m\u00e9dico Roberto Kalil disse, ainda, que os orif\u00edcios feitos no cr\u00e2nio s\u00e3o pequenos, seguindo um procedimento padr\u00e3o que ter\u00e1 cicatriza\u00e7\u00e3o espont\u00e2nea, sem necessidade de interven\u00e7\u00e3o futura. O presidente Lula encontra-se l\u00facido e acordado, acompanhado apenas da primeira-dama Janja da Silva.<\/p>\n<p>O termo t\u00e9cnico para esse procedimento \u00e9 trepana\u00e7\u00e3o. Kalil informou que o paciente reagiu bem ao procedimento e est\u00e1 se alimentando e se comunicando bem.<\/p>\n<h2>Sem sequela<\/h2>\n<p>\u201cO presidente n\u00e3o ter\u00e1 sequela e n\u00e3o h\u00e1 risco de complica\u00e7\u00f5es porque o hematoma estava localizado entre o osso cranial e o c\u00e9rebro. Ele n\u00e3o tem machucado no c\u00e9rebro. Esse procedimento \u00e9 para evitar que o hematoma comprima o c\u00e9rebro. O hematoma, que fica entre duas folhas da meninge, foi totalmente drenado. O mais importante \u00e9 que ele n\u00e3o teve trauma no c\u00e9rebro\u201d, disse Kalil durante entrevista coletiva no Hospital S\u00edrio-Liban\u00eas.<\/p>\n<p>Segundo a equipe m\u00e9dica, o presidente da Rep\u00fablica apresentou, durante a \u00faltima madrugada, um mal-estar similar a um quadro gripal, seguido de dor de cabe\u00e7a. Ele foi enviado \u00e0 unidade do S\u00edrio Liban\u00eas, em Bras\u00edlia.<\/p>\n<p>\u201cComo teve a queda, fizemos de imediato todos exames [tomografia e resson\u00e2ncia magn\u00e9tica]\u201d, disse Kalil. Lula foi ent\u00e3o encaminhado para a unidade do mesmo hospital em S\u00e3o Paulo, onde encontra-se internado.<\/p>\n<p>      <!-- Relacionada --><\/p>\n<p>            <!-- Relacionada -->\n    <\/div>\n<p><br \/>\n<br \/><a href=\"https:\/\/agenciabrasil.ebc.com.br\/saude\/noticia\/2024-12\/hemorragia-nao-afeta-funcao-cerebral-do-presidente-diz-medico-de-lula\" rel=\"noopener\">Ag\u00eancia Brasil <\/a><\/p>\n","protected":false},"excerpt":{"rendered":"<p>A hemorragia intracraniana detectada no presidente Luiz In\u00e1cio Lula da Silva n\u00e3o comprometeu qualquer fun\u00e7\u00e3o cerebral. A expectativa da equipe m\u00e9dica &#8211; liderada por Roberto Kalil &#8211; \u00e9 de que Lula retome as atividades na semana que vem. Por precau\u00e7\u00e3o, ele ficar\u00e1 internado na Unidade de Terapia Intensiva do Hospital S\u00edrio-Liban\u00eas, em S\u00e3o Paulo, por [&hellip;]<\/p>\n","protected":false},"author":1,"featured_media":18640,"comment_status":"open","ping_status":"open","sticky":false,"template":"","format":"standard","meta":{"_jetpack_newsletter_access":"","_jetpack_dont_email_post_to_subs":false,"_jetpack_newsletter_tier_id":0,"_jetpack_memberships_contains_paywalled_content":false,"_mbp_banners":[],"_jetpack_feature_clip_id":0,"_jetpack_memberships_contains_paid_content":false,"footnotes":"","jetpack_publicize_message":"","jetpack_publicize_feature_enabled":true,"jetpack_social_post_already_shared":true,"jetpack_social_options":{"image_generator_settings":{"template":"highway","default_image_id":0,"font":"","enabled":false},"version":2},"jetpack_post_was_ever_published":false},"categories":[15],"tags":[],"class_list":["post-18651","post","type-post","status-publish","format-standard","has-post-thumbnail","category-saude"],"jetpack_publicize_connections":[],"jetpack-related-posts":[],"jetpack_shortlink":"https:\/\/wp.me\/p7Eq1F-4QP","jetpack_sharing_enabled":true,"jetpack_featured_media_url":"https:\/\/i0.wp.com\/guialimeira.com.br\/news\/wp-content\/uploads\/2024\/12\/20230929_105536000_ios.jpg?fit=1600%2C800&ssl=1","_links":{"self":[{"href":"https:\/\/guialimeira.com.br\/news\/wp-json\/wp\/v2\/posts\/18651","targetHints":{"allow":["GET"]}}],"collection":[{"href":"https:\/\/guialimeira.com.br\/news\/wp-json\/wp\/v2\/posts"}],"about":[{"href":"https:\/\/guialimeira.com.br\/news\/wp-json\/wp\/v2\/types\/post"}],"author":[{"embeddable":true,"href":"https:\/\/guialimeira.com.br\/news\/wp-json\/wp\/v2\/users\/1"}],"replies":[{"embeddable":true,"href":"https:\/\/guialimeira.com.br\/news\/wp-json\/wp\/v2\/comments?post=18651"}],"version-history":[{"count":0,"href":"https:\/\/guialimeira.com.br\/news\/wp-json\/wp\/v2\/posts\/18651\/revisions"}],"wp:featuredmedia":[{"embeddable":true,"href":"https:\/\/guialimeira.com.br\/news\/wp-json\/wp\/v2\/media\/18640"}],"wp:attachment":[{"href":"https:\/\/guialimeira.com.br\/news\/wp-json\/wp\/v2\/media?parent=18651"}],"wp:term":[{"taxonomy":"category","embeddable":true,"href":"https:\/\/guialimeira.com.br\/news\/wp-json\/wp\/v2\/categories?post=18651"},{"taxonomy":"post_tag","embeddable":true,"href":"https:\/\/guialimeira.com.br\/news\/wp-json\/wp\/v2\/tags?post=18651"}],"curies":[{"name":"wp","href":"https:\/\/api.w.org\/{rel}","templated":true}]}}