{"id":18585,"date":"2024-12-09T13:28:45","date_gmt":"2024-12-09T16:28:45","guid":{"rendered":"https:\/\/guialimeira.com.br\/2024\/12\/09\/doenca-nao-diagnosticada-no-congo-poe-criancas-e-desnutridos-em-risco\/"},"modified":"2024-12-09T13:28:45","modified_gmt":"2024-12-09T16:28:45","slug":"doenca-nao-diagnosticada-no-congo-poe-criancas-e-desnutridos-em-risco","status":"publish","type":"post","link":"https:\/\/guialimeira.com.br\/news\/doenca-nao-diagnosticada-no-congo-poe-criancas-e-desnutridos-em-risco\/","title":{"rendered":"Doen\u00e7a n\u00e3o diagnosticada no Congo p\u00f5e crian\u00e7as e desnutridos em risco"},"content":{"rendered":"<p> <br \/>\n<\/p>\n<div>\n<p>\u00a0Uma doen\u00e7a misteriosa na Rep\u00fablica Democr\u00e1tica do Congo est\u00e1 se espalhando principalmente entre as crian\u00e7as e colocando em risco pessoas gravemente desnutridas, de acordo com a Organiza\u00e7\u00e3o Mundial da Sa\u00fade (OMS), que enviou especialistas \u00e0 regi\u00e3o para investigar o surto.<img data-recalc-dims=\"1\" decoding=\"async\" src=\"https:\/\/i0.wp.com\/agenciabrasil.ebc.com.br\/ebc.png?w=696&#038;ssl=1\" style=\"width:1px; height:1px; display:inline;\"\/><img data-recalc-dims=\"1\" decoding=\"async\" src=\"https:\/\/i0.wp.com\/agenciabrasil.ebc.com.br\/ebc.gif?w=696&#038;ssl=1\" style=\"width:1px; height:1px; display:inline;\"\/><\/p>\n<p>Em atualiza\u00e7\u00e3o publicada na noite de domingo (8), a OMS disse que 406 casos da doen\u00e7a foram registrados entre 24 de outubro e 5 de dezembro, 31 dos quais resultaram em\u00a0mortes.<\/p>\n<p>Os sintomas da doen\u00e7a, cuja causa n\u00e3o foi estabelecida, s\u00e3o febre, dor de cabe\u00e7a, tosse, coriza e dores no corpo. A doen\u00e7a est\u00e1 se espalhando na zona de sa\u00fade de Panzi, na prov\u00edncia de Kwango, no sudoeste do Congo.<\/p>\n<p>Todos os casos graves foram registrados em pessoas gravemente desnutridas e a maioria dos casos relatados era em crian\u00e7as, especialmente aquelas com menos de cinco anos de idade, disse a OMS.<\/p>\n<p>&#8220;A \u00e1rea \u00e9 rural e remota, com acesso ainda mais dificultado pela atual esta\u00e7\u00e3o chuvosa&#8221;, acrescentou a ag\u00eancia de sa\u00fade da Organiza\u00e7\u00e3o das Na\u00e7\u00f5es Unidas (ONU). &#8220;Esses desafios, juntamente com os diagn\u00f3sticos limitados na regi\u00e3o, atrasaram a identifica\u00e7\u00e3o da causa subjacente.&#8221;<\/p>\n<p>O comunicado diz que a mal\u00e1ria \u00e9 comum na \u00e1rea e pode contribuir para os casos. Os especialistas dizem que \u00e9 poss\u00edvel que mais de uma doen\u00e7a esteja contribuindo para os casos.<\/p>\n<p><em><strong>*\u00c9 proibida a reprodu\u00e7\u00e3o deste conte\u00fado.<\/strong><\/em><\/p>\n<p>      <!-- Relacionada --><\/p>\n<p>            <!-- Relacionada -->\n    <\/div>\n<p><br \/>\n<br \/><a href=\"https:\/\/agenciabrasil.ebc.com.br\/internacional\/noticia\/2024-12\/doenca-nao-diagnosticada-no-congo-poe-criancas-e-desnutridos-em-risco\" rel=\"noopener\">Ag\u00eancia Brasil <\/a><\/p>\n","protected":false},"excerpt":{"rendered":"<p>\u00a0Uma doen\u00e7a misteriosa na Rep\u00fablica Democr\u00e1tica do Congo est\u00e1 se espalhando principalmente entre as crian\u00e7as e colocando em risco pessoas gravemente desnutridas, de acordo com a Organiza\u00e7\u00e3o Mundial da Sa\u00fade (OMS), que enviou especialistas \u00e0 regi\u00e3o para investigar o surto. Em atualiza\u00e7\u00e3o publicada na noite de domingo (8), a OMS disse que 406 casos da [&hellip;]<\/p>\n","protected":false},"author":1,"featured_media":18586,"comment_status":"open","ping_status":"open","sticky":false,"template":"","format":"standard","meta":{"_jetpack_newsletter_access":"","_jetpack_dont_email_post_to_subs":false,"_jetpack_newsletter_tier_id":0,"_jetpack_memberships_contains_paywalled_content":false,"_mbp_banners":[],"_jetpack_feature_clip_id":0,"_jetpack_memberships_contains_paid_content":false,"footnotes":"","jetpack_publicize_message":"","jetpack_publicize_feature_enabled":true,"jetpack_social_post_already_shared":true,"jetpack_social_options":{"image_generator_settings":{"template":"highway","default_image_id":0,"font":"","enabled":false},"version":2},"jetpack_post_was_ever_published":false},"categories":[25],"tags":[],"class_list":["post-18585","post","type-post","status-publish","format-standard","has-post-thumbnail","category-internacional"],"jetpack_publicize_connections":[],"jetpack-related-posts":[],"jetpack_shortlink":"https:\/\/wp.me\/p7Eq1F-4PL","jetpack_sharing_enabled":true,"jetpack_featured_media_url":"https:\/\/i0.wp.com\/guialimeira.com.br\/news\/wp-content\/uploads\/2024\/12\/05102107.jpg?fit=1600%2C800&ssl=1","_links":{"self":[{"href":"https:\/\/guialimeira.com.br\/news\/wp-json\/wp\/v2\/posts\/18585","targetHints":{"allow":["GET"]}}],"collection":[{"href":"https:\/\/guialimeira.com.br\/news\/wp-json\/wp\/v2\/posts"}],"about":[{"href":"https:\/\/guialimeira.com.br\/news\/wp-json\/wp\/v2\/types\/post"}],"author":[{"embeddable":true,"href":"https:\/\/guialimeira.com.br\/news\/wp-json\/wp\/v2\/users\/1"}],"replies":[{"embeddable":true,"href":"https:\/\/guialimeira.com.br\/news\/wp-json\/wp\/v2\/comments?post=18585"}],"version-history":[{"count":0,"href":"https:\/\/guialimeira.com.br\/news\/wp-json\/wp\/v2\/posts\/18585\/revisions"}],"wp:featuredmedia":[{"embeddable":true,"href":"https:\/\/guialimeira.com.br\/news\/wp-json\/wp\/v2\/media\/18586"}],"wp:attachment":[{"href":"https:\/\/guialimeira.com.br\/news\/wp-json\/wp\/v2\/media?parent=18585"}],"wp:term":[{"taxonomy":"category","embeddable":true,"href":"https:\/\/guialimeira.com.br\/news\/wp-json\/wp\/v2\/categories?post=18585"},{"taxonomy":"post_tag","embeddable":true,"href":"https:\/\/guialimeira.com.br\/news\/wp-json\/wp\/v2\/tags?post=18585"}],"curies":[{"name":"wp","href":"https:\/\/api.w.org\/{rel}","templated":true}]}}