{"id":1856,"date":"2024-04-18T17:38:08","date_gmt":"2024-04-18T20:38:08","guid":{"rendered":"https:\/\/guialimeira.com.br\/2024\/04\/18\/stf-valida-cadastro-de-condenados-por-crimes-sexuais-em-mato-grosso\/"},"modified":"2024-04-18T17:38:08","modified_gmt":"2024-04-18T20:38:08","slug":"stf-valida-cadastro-de-condenados-por-crimes-sexuais-em-mato-grosso","status":"publish","type":"post","link":"https:\/\/guialimeira.com.br\/news\/stf-valida-cadastro-de-condenados-por-crimes-sexuais-em-mato-grosso\/","title":{"rendered":"STF valida cadastro de condenados por crimes sexuais em Mato Grosso"},"content":{"rendered":"<p> <br \/>\n<\/p>\n<div>\n<p>O Supremo Tribunal Federal (STF) decidiu nesta quinta-feira (18) manter a validade do cadastro estadual de condenados por crimes sexuais em Mato Grosso. O cadastro foi criado em 2015 e permite que informa\u00e7\u00f5es sobre condenados por estupro e pedofilia sejam acessadas diretamente pela internet.<img data-recalc-dims=\"1\" decoding=\"async\" src=\"https:\/\/i0.wp.com\/agenciabrasil.ebc.com.br\/ebc.png?w=696&#038;ssl=1\" style=\"width:1px; height:1px; display:inline;\"\/><img data-recalc-dims=\"1\" decoding=\"async\" src=\"https:\/\/i0.wp.com\/agenciabrasil.ebc.com.br\/ebc.gif?w=696&#038;ssl=1\" style=\"width:1px; height:1px; display:inline;\"\/><\/p>\n<p>Com o cadastro, usu\u00e1rios da internet podem acessar o nome e a foto de condenados por crimes contra a dignidade sexual praticados contra crian\u00e7as e adolescentes. Dados de v\u00edtimas fazem parte do cadastro, mas n\u00e3o s\u00e3o divulgados publicamente.<\/p>\n<p>Por unanimidade, apesar de manter a validade do cadastro, os ministros decidiram restringir o alcance das informa\u00e7\u00f5es que podem ser acessadas. Pela decis\u00e3o dos ministros, somente nome e foto de condenados com tr\u00e2nsito em julgado (sem possibilidade de recurso) podem ser divulgados na internet. Antes da decis\u00e3o, a divulga\u00e7\u00e3o abrangia tamb\u00e9m suspeitos e indiciados.<\/p>\n<p>Outra restri\u00e7\u00e3o aprovada pelos ministros foi a proibi\u00e7\u00e3o de divulga\u00e7\u00e3o de dados que possam identificar as v\u00edtimas. As informa\u00e7\u00f5es s\u00f3 poder\u00e3o ser obtidas por meio de decis\u00e3o judicial.<\/p>\n<p>A constitucionalidade do cadastro foi questionada em 2020 pelo governo de Mato Grosso. Para a procuradoria do estado, somente uma norma aprovada pelo Congresso Nacional poderia disciplinar a mat\u00e9ria.<\/p>\n<\/p><\/div>\n<p><br \/>\n<br \/><a href=\"https:\/\/agenciabrasil.ebc.com.br\/justica\/noticia\/2024-04\/stf-valida-cadastro-de-condenados-por-crimes-sexuais-em-mato-grosso\" rel=\"noopener\">Ag\u00eancia Brasil<\/a><\/p>\n","protected":false},"excerpt":{"rendered":"<p>O Supremo Tribunal Federal (STF) decidiu nesta quinta-feira (18) manter a validade do cadastro estadual de condenados por crimes sexuais em Mato Grosso. O cadastro foi criado em 2015 e permite que informa\u00e7\u00f5es sobre condenados por estupro e pedofilia sejam acessadas diretamente pela internet. Com o cadastro, usu\u00e1rios da internet podem acessar o nome e [&hellip;]<\/p>\n","protected":false},"author":1,"featured_media":1857,"comment_status":"open","ping_status":"open","sticky":false,"template":"","format":"standard","meta":{"_jetpack_newsletter_access":"","_jetpack_dont_email_post_to_subs":false,"_jetpack_newsletter_tier_id":0,"_jetpack_memberships_contains_paywalled_content":false,"_mbp_banners":[],"_jetpack_feature_clip_id":0,"_jetpack_memberships_contains_paid_content":false,"footnotes":"","jetpack_publicize_message":"","jetpack_publicize_feature_enabled":true,"jetpack_social_post_already_shared":true,"jetpack_social_options":{"image_generator_settings":{"template":"highway","default_image_id":0,"font":"","enabled":false},"version":2},"jetpack_post_was_ever_published":false},"categories":[22],"tags":[],"class_list":["post-1856","post","type-post","status-publish","format-standard","has-post-thumbnail","category-nacional"],"jetpack_publicize_connections":[],"jetpack-related-posts":[],"jetpack_shortlink":"https:\/\/wp.me\/p7Eq1F-tW","jetpack_sharing_enabled":true,"jetpack_featured_media_url":"https:\/\/i0.wp.com\/guialimeira.com.br\/news\/wp-content\/uploads\/2024\/04\/pzzb0281.jpg?fit=1600%2C800&ssl=1","_links":{"self":[{"href":"https:\/\/guialimeira.com.br\/news\/wp-json\/wp\/v2\/posts\/1856","targetHints":{"allow":["GET"]}}],"collection":[{"href":"https:\/\/guialimeira.com.br\/news\/wp-json\/wp\/v2\/posts"}],"about":[{"href":"https:\/\/guialimeira.com.br\/news\/wp-json\/wp\/v2\/types\/post"}],"author":[{"embeddable":true,"href":"https:\/\/guialimeira.com.br\/news\/wp-json\/wp\/v2\/users\/1"}],"replies":[{"embeddable":true,"href":"https:\/\/guialimeira.com.br\/news\/wp-json\/wp\/v2\/comments?post=1856"}],"version-history":[{"count":0,"href":"https:\/\/guialimeira.com.br\/news\/wp-json\/wp\/v2\/posts\/1856\/revisions"}],"wp:featuredmedia":[{"embeddable":true,"href":"https:\/\/guialimeira.com.br\/news\/wp-json\/wp\/v2\/media\/1857"}],"wp:attachment":[{"href":"https:\/\/guialimeira.com.br\/news\/wp-json\/wp\/v2\/media?parent=1856"}],"wp:term":[{"taxonomy":"category","embeddable":true,"href":"https:\/\/guialimeira.com.br\/news\/wp-json\/wp\/v2\/categories?post=1856"},{"taxonomy":"post_tag","embeddable":true,"href":"https:\/\/guialimeira.com.br\/news\/wp-json\/wp\/v2\/tags?post=1856"}],"curies":[{"name":"wp","href":"https:\/\/api.w.org\/{rel}","templated":true}]}}