{"id":18550,"date":"2024-12-08T16:07:08","date_gmt":"2024-12-08T19:07:08","guid":{"rendered":"https:\/\/guialimeira.com.br\/2024\/12\/08\/onu-cita-esperanca-cautelosa-apos-queda-de-assad-na-siria\/"},"modified":"2024-12-08T16:07:08","modified_gmt":"2024-12-08T19:07:08","slug":"onu-cita-esperanca-cautelosa-apos-queda-de-assad-na-siria","status":"publish","type":"post","link":"https:\/\/guialimeira.com.br\/news\/onu-cita-esperanca-cautelosa-apos-queda-de-assad-na-siria\/","title":{"rendered":"ONU cita \u201cesperan\u00e7a cautelosa\u201d ap\u00f3s queda de Assad na S\u00edria"},"content":{"rendered":"<p> <br \/>\n<\/p>\n<div>\n<p>O enviado das Organiza\u00e7\u00e3o das Na\u00e7\u00f5es Unidas (ONU) para a S\u00edria, Geir Pedersen, disse neste domingo (8) que o novo momento pol\u00edtico do pa\u00eds, com a queda do presidente Bashar al-Assad, marca o fim de \u201cum cap\u00edtulo sombrio\u201d e abre caminho para \u201cuma esperan\u00e7a cautelosa por um novo tempo de paz, reconcilia\u00e7\u00e3o, dignidade e inclus\u00e3o para todos os s\u00edrios\u201d.<img data-recalc-dims=\"1\" decoding=\"async\" src=\"https:\/\/i0.wp.com\/agenciabrasil.ebc.com.br\/ebc.png?w=696&#038;ssl=1\" style=\"width:1px; height:1px; display:inline;\"\/><img data-recalc-dims=\"1\" decoding=\"async\" src=\"https:\/\/i0.wp.com\/agenciabrasil.ebc.com.br\/ebc.gif?w=696&#038;ssl=1\" style=\"width:1px; height:1px; display:inline;\"\/><\/p>\n<p>Pederson avaliou o momento como decisivo na hist\u00f3ria da S\u00edria, que \u201csuportou quase 14 anos de sofrimento implac\u00e1vel e perdas indescrit\u00edveis\u201d. Ele destacou que o momento \u201crenova o sonho de voltar para casa, para as fam\u00edlias separadas pela guerra, renova a esperan\u00e7a dos reencontros e, para os injustamente detidos, renova a busca por justi\u00e7a\u201d.<\/p>\n<h2>Transi\u00e7\u00e3o inclusiva<\/h2>\n<p>O enviado da ONU para o pa\u00eds do Oriente M\u00e9dio pediu ainda que todas as partes envolvidas no novo momento pol\u00edtico do pa\u00eds evitem o derramamento de sangue e iniciem uma transi\u00e7\u00e3o que inclua todas as comunidades, com foco na paz e na estabilidade e em evitar que o pa\u00eds seja dividido.<\/p>\n<p>Segundo Pederson, existe um \u201cdesejo claro\u201d, manifestado por milh\u00f5es de s\u00edrios, de que sejam implementados acordos de transi\u00e7\u00e3o est\u00e1veis \u200b\u200be inclusivos e que as institui\u00e7\u00f5es s\u00edrias continuem a funcionar.<\/p>\n<blockquote>\n<p>\u201cNesse sentido, o representante da ONU fez um apelo para que todos os atores armados mantenham a boa conduta, a lei e a ordem, protejam os civis e preservem as institui\u00e7\u00f5es p\u00fablicas.\u201d<\/p>\n<\/blockquote>\n<h2>Desafios<\/h2>\n<p>Para Pedersen, o fato de o principal grupo de oposi\u00e7\u00e3o, o Hay&#8217;at Tahrir Al-Sham (HTS), ser listado como grupo terrorista traz desafios. O importante agora, segundo ele, \u00e9 que sejam dados passos para uma transi\u00e7\u00e3o rumo a um \u201cfuturo democr\u00e1tico\u201d.<\/p>\n<p>O enviado especial disse ainda que acompanha as movimenta\u00e7\u00f5es de grupos armados e que alguns procedimentos teriam de ser seguidos caso o HTS venha a ser retirado da lista de terrorismo.<\/p>\n<p>Ap\u00f3s participar de uma reuni\u00e3o de alto n\u00edvel em Doha neste fim de semana, incluindo encontros com Ir\u00e3, Turquia e R\u00fassia, Pederson disse ter refor\u00e7ado a necessidade de garantir acordos de transi\u00e7\u00e3o que incluam todas as comunidades na S\u00edria. Segundo ele, todos os interlocutores convergem nesse aspecto e manifestaram apoio ao papel das Na\u00e7\u00f5es Unidas nesse processo.<\/p>\n<h2>Itamaraty<\/h2>\n<p>O Minist\u00e9rio das Rela\u00e7\u00f5es Exteriores do Brasil emitiu nota, na tarde deste s\u00e1bado (7), informando que acompanha a escalada de viol\u00eancia na S\u00edria e instando brasileiros que moram no pa\u00eds a procurar a embaixada brasileira em Damasco, para que tamb\u00e9m saiam do pa\u00eds.<\/p>\n<p>No comunicado, o Itamaraty disponibilizou um telefone de emerg\u00eancia e recomendou que brasileiros consultem o <a href=\"https:\/\/www.gov.br\/mre\/pt-br\/assuntos\/portal-consular\/alertas%20e%20noticias\/alertas\/alerta-consular-siria\" target=\"_blank\" rel=\"noopener\">portal consular<\/a>, com alertas e atualiza\u00e7\u00f5es sobre a situa\u00e7\u00e3o no pa\u00eds do Oriente M\u00e9dio.<\/p>\n<p>\u201cEm caso de emerg\u00eancia, o telefone de plant\u00e3o da Embaixada em Damasco \u00e9: +963 933 213 438. O plant\u00e3o consular do Itamaraty tamb\u00e9m permanece dispon\u00edvel no n\u00famero +55 61 98260-0610 (inclusive WhatsApp).\u201d<\/p>\n<h2>Entenda<\/h2>\n<p>Rebeldes s\u00edrios declararam ter deposto o presidente Bashar al-Assad ap\u00f3s assumirem o controle de Damasco neste domingo, for\u00e7ando-o a fugir e pondo fim a d\u00e9cadas de um governo classificado como autocr\u00e1tico da fam\u00edlia de Assad ap\u00f3s mais de 13 anos de guerra civil.<\/p>\n<p>V\u00eddeos publicados na ag\u00eancia de not\u00edcias RTP mostram grupos invadindo o pal\u00e1cio presidencial s\u00edrio, onde Bashar al-Assad residia. As imagens mostram o local tomado por rebeldes segurando bandeiras do pa\u00eds e parcialmente destru\u00eddo. H\u00e1 ainda relatos de focos de inc\u00eandio na resid\u00eancia oficial.<\/p>\n<p>      <!-- Relacionada --><\/p>\n<p>            <!-- Relacionada -->\n    <\/div>\n<p><br \/>\n<br \/><a href=\"https:\/\/agenciabrasil.ebc.com.br\/internacional\/noticia\/2024-12\/onu-cita-esperanca-cautelosa-apos-queda-de-assad-na-siria\" rel=\"noopener\">Ag\u00eancia Brasil <\/a><\/p>\n","protected":false},"excerpt":{"rendered":"<p>O enviado das Organiza\u00e7\u00e3o das Na\u00e7\u00f5es Unidas (ONU) para a S\u00edria, Geir Pedersen, disse neste domingo (8) que o novo momento pol\u00edtico do pa\u00eds, com a queda do presidente Bashar al-Assad, marca o fim de \u201cum cap\u00edtulo sombrio\u201d e abre caminho para \u201cuma esperan\u00e7a cautelosa por um novo tempo de paz, reconcilia\u00e7\u00e3o, dignidade e inclus\u00e3o [&hellip;]<\/p>\n","protected":false},"author":1,"featured_media":18551,"comment_status":"open","ping_status":"open","sticky":false,"template":"","format":"standard","meta":{"_jetpack_newsletter_access":"","_jetpack_dont_email_post_to_subs":false,"_jetpack_newsletter_tier_id":0,"_jetpack_memberships_contains_paywalled_content":false,"_mbp_banners":[],"_jetpack_feature_clip_id":0,"_jetpack_memberships_contains_paid_content":false,"footnotes":"","jetpack_publicize_message":"","jetpack_publicize_feature_enabled":true,"jetpack_social_post_already_shared":true,"jetpack_social_options":{"image_generator_settings":{"template":"highway","default_image_id":0,"font":"","enabled":false},"version":2},"jetpack_post_was_ever_published":false},"categories":[25],"tags":[],"class_list":["post-18550","post","type-post","status-publish","format-standard","has-post-thumbnail","category-internacional"],"jetpack_publicize_connections":[],"jetpack-related-posts":[],"jetpack_shortlink":"https:\/\/wp.me\/p7Eq1F-4Pc","jetpack_sharing_enabled":true,"jetpack_featured_media_url":"https:\/\/i0.wp.com\/guialimeira.com.br\/news\/wp-content\/uploads\/2024\/12\/2024-12-08t154757z_1428717313_rc22lba67o8t_rtrmadp_3_syria-security.jpg?fit=1600%2C800&ssl=1","_links":{"self":[{"href":"https:\/\/guialimeira.com.br\/news\/wp-json\/wp\/v2\/posts\/18550","targetHints":{"allow":["GET"]}}],"collection":[{"href":"https:\/\/guialimeira.com.br\/news\/wp-json\/wp\/v2\/posts"}],"about":[{"href":"https:\/\/guialimeira.com.br\/news\/wp-json\/wp\/v2\/types\/post"}],"author":[{"embeddable":true,"href":"https:\/\/guialimeira.com.br\/news\/wp-json\/wp\/v2\/users\/1"}],"replies":[{"embeddable":true,"href":"https:\/\/guialimeira.com.br\/news\/wp-json\/wp\/v2\/comments?post=18550"}],"version-history":[{"count":0,"href":"https:\/\/guialimeira.com.br\/news\/wp-json\/wp\/v2\/posts\/18550\/revisions"}],"wp:featuredmedia":[{"embeddable":true,"href":"https:\/\/guialimeira.com.br\/news\/wp-json\/wp\/v2\/media\/18551"}],"wp:attachment":[{"href":"https:\/\/guialimeira.com.br\/news\/wp-json\/wp\/v2\/media?parent=18550"}],"wp:term":[{"taxonomy":"category","embeddable":true,"href":"https:\/\/guialimeira.com.br\/news\/wp-json\/wp\/v2\/categories?post=18550"},{"taxonomy":"post_tag","embeddable":true,"href":"https:\/\/guialimeira.com.br\/news\/wp-json\/wp\/v2\/tags?post=18550"}],"curies":[{"name":"wp","href":"https:\/\/api.w.org\/{rel}","templated":true}]}}