{"id":18538,"date":"2024-12-08T12:02:51","date_gmt":"2024-12-08T15:02:51","guid":{"rendered":"https:\/\/guialimeira.com.br\/2024\/12\/08\/bashar-al-assad-renunciou-cargo-e-deixou-a-siria-diz-governo-russo\/"},"modified":"2024-12-08T12:02:51","modified_gmt":"2024-12-08T15:02:51","slug":"bashar-al-assad-renunciou-cargo-e-deixou-a-siria-diz-governo-russo","status":"publish","type":"post","link":"https:\/\/guialimeira.com.br\/news\/bashar-al-assad-renunciou-cargo-e-deixou-a-siria-diz-governo-russo\/","title":{"rendered":"Bashar al-Assad renunciou cargo e deixou a S\u00edria, diz governo russo"},"content":{"rendered":"<p> <br \/>\n<\/p>\n<div>\n<p>Bashar al-Assad decidiu renunciar ao cargo de presidente da S\u00edria e deixar o pa\u00eds depois que grupos rebeldes isl\u00e2micos tomaram tomaram v\u00e1rias cidades, incluindo Aleppo, Holms e a capital Damasco. A informa\u00e7\u00e3o \u00e9 do Minist\u00e9rio das Rela\u00e7\u00f5es Exteriores da R\u00fassia e foi divulgada neste domingo (8).<img data-recalc-dims=\"1\" decoding=\"async\" src=\"https:\/\/i0.wp.com\/agenciabrasil.ebc.com.br\/ebc.png?w=696&#038;ssl=1\" style=\"width:1px; height:1px; display:inline;\"\/><img data-recalc-dims=\"1\" decoding=\"async\" src=\"https:\/\/i0.wp.com\/agenciabrasil.ebc.com.br\/ebc.gif?w=696&#038;ssl=1\" style=\"width:1px; height:1px; display:inline;\"\/><\/p>\n<p>De acordo com um comunicado, o agora ex-presidente da S\u00edria ainda teria instru\u00eddo lideran\u00e7as de seu governo a transferir o poder de forma pac\u00edfica.<\/p>\n<blockquote>\n<p>\u201cA R\u00fassia n\u00e3o participou dessas negocia\u00e7\u00f5es. No entanto, apelamos a todas as partes envolvidas para que renunciem ao uso da viol\u00eancia e resolvam todas as quest\u00f5es de governo por meio de esfor\u00e7os pol\u00edticos\u201d.<\/p>\n<\/blockquote>\n<p>V\u00eddeos publicados na ag\u00eancia de not\u00edcias R\u00e1dio e Televis\u00e3o de Portugal (RTP) mostram grupos invadindo o pal\u00e1cio presidencial s\u00edrio, onde Bashar al-Assad residia.<\/p>\n<p>As imagens mostram o local parcialmente destru\u00eddo e tomado por rebeldes segurando bandeiras do pa\u00eds. H\u00e1 ainda relatos de focos de inc\u00eandio na resid\u00eancia oficial. A RTP tamb\u00e9m informa que o presidente Bashar al-Assad j\u00e1 abandonou o pa\u00eds.<\/p>\n<h2>Itamaraty<\/h2>\n<p>O Minist\u00e9rio das Rela\u00e7\u00f5es Exteriores do Brasil emitiu nota, informando que acompanha a escalada de viol\u00eancia na S\u00edria e instando brasileiros que moram no pa\u00eds a procurar a embaixada brasileira em Damasco. A nota orienta que &#8220;todos os nacionais que se encontrem no pa\u00eds a que busquem sair da S\u00edria.&#8221;<\/p>\n<p>No comunicado, o Itamaraty disponibilizou um telefone de emerg\u00eancia e recomendou que brasileiros consultem o <a href=\"https:\/\/www.gov.br\/mre\/pt-br\/assuntos\/portal-consular\/alertas%20e%20noticias\/alertas\/alerta-consular-siria\" target=\"_blank\" rel=\"noopener\">portal consular<\/a>, com alertas e atualiza\u00e7\u00f5es sobre a situa\u00e7\u00e3o no pa\u00eds do Oriente M\u00e9dio.<\/p>\n<p>\u201cEm caso de emerg\u00eancia, o telefone de plant\u00e3o da Embaixada em Damasco \u00e9: +963 933 213 438. O plant\u00e3o consular do Itamaraty tamb\u00e9m permanece dispon\u00edvel no n\u00famero +55 61 98260-0610 (inclusive WhatsApp).\u201d<\/p>\n<h2>Entenda<\/h2>\n<p>A S\u00edria vive uma guerra civil, desde 2011, que ganhou novos contornos na semana passada, quando grupos rebeldes isl\u00e2micos que lutavam contra o governo de Bashar Al-Assad tomaram a cidade de Aleppo. Ontem, rebeldes entraram nos sub\u00farbios de Homs e avan\u00e7aram, neste domingo, pela capital Damasco.<\/p>\n<p>Entre os diversos grupos armados s\u00edrios que lutam contra o regime de al-Saad, destaca-se o grupo isl\u00e2mico fundamentalista Hayat Thrir al-Sham (HTS), que nasceu em 2011 como um grupo filiado \u00e0 Al Qaeda, do Iraque, e com ideologia jihadista \u2013 defende uma \u201cguerra santa\u201d para instituir a Sharia, a lei isl\u00e2mica.<\/p>\n<p>O regime de Bashar al-Assad, por outro lado, \u00e9 secular, ou seja, separa o governo da religi\u00e3o.<\/p>\n<p>\u00a0<\/p>\n<p>      <!-- Relacionada --><\/p>\n<p>            <!-- Relacionada -->\n    <\/div>\n<p><br \/>\n<br \/><a href=\"https:\/\/agenciabrasil.ebc.com.br\/internacional\/noticia\/2024-12\/bashar-al-assad-renunciou-cargo-e-deixou-siria-diz-governo-russo\" rel=\"noopener\">Ag\u00eancia Brasil <\/a><\/p>\n","protected":false},"excerpt":{"rendered":"<p>Bashar al-Assad decidiu renunciar ao cargo de presidente da S\u00edria e deixar o pa\u00eds depois que grupos rebeldes isl\u00e2micos tomaram tomaram v\u00e1rias cidades, incluindo Aleppo, Holms e a capital Damasco. A informa\u00e7\u00e3o \u00e9 do Minist\u00e9rio das Rela\u00e7\u00f5es Exteriores da R\u00fassia e foi divulgada neste domingo (8). De acordo com um comunicado, o agora ex-presidente da [&hellip;]<\/p>\n","protected":false},"author":1,"featured_media":18539,"comment_status":"open","ping_status":"open","sticky":false,"template":"","format":"standard","meta":{"_jetpack_newsletter_access":"","_jetpack_dont_email_post_to_subs":false,"_jetpack_newsletter_tier_id":0,"_jetpack_memberships_contains_paywalled_content":false,"_mbp_banners":[],"_jetpack_feature_clip_id":0,"_jetpack_memberships_contains_paid_content":false,"footnotes":"","jetpack_publicize_message":"","jetpack_publicize_feature_enabled":true,"jetpack_social_post_already_shared":true,"jetpack_social_options":{"image_generator_settings":{"template":"highway","default_image_id":0,"font":"","enabled":false},"version":2},"jetpack_post_was_ever_published":false},"categories":[25],"tags":[],"class_list":["post-18538","post","type-post","status-publish","format-standard","has-post-thumbnail","category-internacional"],"jetpack_publicize_connections":[],"jetpack-related-posts":[],"jetpack_shortlink":"https:\/\/wp.me\/p7Eq1F-4P0","jetpack_sharing_enabled":true,"jetpack_featured_media_url":"https:\/\/i0.wp.com\/guialimeira.com.br\/news\/wp-content\/uploads\/2024\/12\/2024-12-08t130720z_119614187_rc20lbacx3td_rtrmadp_3_syria-security-germany.jpg?fit=1600%2C800&ssl=1","_links":{"self":[{"href":"https:\/\/guialimeira.com.br\/news\/wp-json\/wp\/v2\/posts\/18538","targetHints":{"allow":["GET"]}}],"collection":[{"href":"https:\/\/guialimeira.com.br\/news\/wp-json\/wp\/v2\/posts"}],"about":[{"href":"https:\/\/guialimeira.com.br\/news\/wp-json\/wp\/v2\/types\/post"}],"author":[{"embeddable":true,"href":"https:\/\/guialimeira.com.br\/news\/wp-json\/wp\/v2\/users\/1"}],"replies":[{"embeddable":true,"href":"https:\/\/guialimeira.com.br\/news\/wp-json\/wp\/v2\/comments?post=18538"}],"version-history":[{"count":0,"href":"https:\/\/guialimeira.com.br\/news\/wp-json\/wp\/v2\/posts\/18538\/revisions"}],"wp:featuredmedia":[{"embeddable":true,"href":"https:\/\/guialimeira.com.br\/news\/wp-json\/wp\/v2\/media\/18539"}],"wp:attachment":[{"href":"https:\/\/guialimeira.com.br\/news\/wp-json\/wp\/v2\/media?parent=18538"}],"wp:term":[{"taxonomy":"category","embeddable":true,"href":"https:\/\/guialimeira.com.br\/news\/wp-json\/wp\/v2\/categories?post=18538"},{"taxonomy":"post_tag","embeddable":true,"href":"https:\/\/guialimeira.com.br\/news\/wp-json\/wp\/v2\/tags?post=18538"}],"curies":[{"name":"wp","href":"https:\/\/api.w.org\/{rel}","templated":true}]}}