{"id":18532,"date":"2024-12-08T11:01:46","date_gmt":"2024-12-08T14:01:46","guid":{"rendered":"https:\/\/guialimeira.com.br\/2024\/12\/08\/governo-brasileiro-disponibiliza-apoio-a-brasileiros-na-siria\/"},"modified":"2024-12-08T11:01:46","modified_gmt":"2024-12-08T14:01:46","slug":"governo-brasileiro-disponibiliza-apoio-a-brasileiros-na-siria","status":"publish","type":"post","link":"https:\/\/guialimeira.com.br\/news\/governo-brasileiro-disponibiliza-apoio-a-brasileiros-na-siria\/","title":{"rendered":"Governo brasileiro disponibiliza apoio a brasileiros na S\u00edria"},"content":{"rendered":"<p> <br \/>\n<\/p>\n<div>\n<p>O Minist\u00e9rio das Rela\u00e7\u00f5es Exteriores do Brasil emitiu nota, na tarde deste s\u00e1bado (7), informando que acompanha a escalada de viol\u00eancia na S\u00edria, e instando os brasileiros que moram no pa\u00eds a procurarem a Embaixada brasileira em Damasco.<img data-recalc-dims=\"1\" decoding=\"async\" src=\"https:\/\/i0.wp.com\/agenciabrasil.ebc.com.br\/ebc.png?w=696&#038;ssl=1\" style=\"width:1px; height:1px; display:inline;\"\/><img data-recalc-dims=\"1\" decoding=\"async\" src=\"https:\/\/i0.wp.com\/agenciabrasil.ebc.com.br\/ebc.gif?w=696&#038;ssl=1\" style=\"width:1px; height:1px; display:inline;\"\/><\/p>\n<p>A S\u00edria vive uma guerra civil, desde 2011, que <a href=\"https:\/\/agenciabrasil.ebc.com.br\/internacional\/noticia\/2024-12\/rebeldes-tomam-2a-maior-cidade-da-siria-em-ofensiva-contra-assad\" target=\"_blank\" rel=\"noopener\">ganhou novos contornos na semana passada<\/a>, quando grupos rebeldes isl\u00e2micos que lutam contra o governo de Bashad Al-Assad tomaram a cidade de Aleppo.<\/p>\n<p>Ontem os rebeldes entraram nos sub\u00farbios de Homs e avan\u00e7am, neste domingo (8), pela capital Damasco.<\/p>\n<p>Na nota, o Itamaraty disponibilizou um telefone de emerg\u00eancia e recomendou que os brasileiros consultem o <a href=\"https:\/\/www.gov.br\/mre\/pt-br\/assuntos\/portal-consular\/alertas%20e%20noticias\/alertas\/alerta-consular-siria\" target=\"_blank\" rel=\"noopener\">portal consular<\/a>, com alertas e atualiza\u00e7\u00f5es sobre a situa\u00e7\u00e3o no pa\u00eds do Oriente M\u00e9dio.<\/p>\n<p>Confira a \u00edntegra da nota:<\/p>\n<p><em>O governo brasileiro acompanha, com preocupa\u00e7\u00e3o, a escalada de hostilidades na S\u00edria. Exorta todas as partes envolvidas a exercerem m\u00e1xima conten\u00e7\u00e3o e a assegurarem a integridade da popula\u00e7\u00e3o e da infraestrutura civis.<\/em><\/p>\n<p><em>O Brasil reitera a necessidade de pleno respeito ao direito internacional, inclusive ao direito internacional humanit\u00e1rio, bem como \u00e0 unidade territorial s\u00edria e \u00e0s resolu\u00e7\u00f5es pertinentes do Conselho de Seguran\u00e7a das Na\u00e7\u00f5es Unidas.<\/em><\/p>\n<p><em>O Brasil apoia os esfor\u00e7os para solu\u00e7\u00e3o pol\u00edtica e negociada do conflito na S\u00edria, que respeitem a soberania e a integridade territorial do pa\u00eds.<\/em><\/p>\n<p><em>O Itamaraty, por meio da Embaixada em Damasco, permanece monitorando a situa\u00e7\u00e3o dos brasileiros na S\u00edria. N\u00e3o h\u00e1 registro de nacionais entre as v\u00edtimas das hostilidades. O Itamaraty insta a todos nacionais que se encontrem no pa\u00eds a que busquem sair da S\u00edria. Recomenda-se tamb\u00e9m que os brasileiros consultem o alerta, atualizado, dispon\u00edvel no portal consular.<\/em><\/p>\n<p><em>Em caso de emerg\u00eancia, o telefone de plant\u00e3o da Embaixada em Damasco \u00e9: +963 933 213 438. O plant\u00e3o consular do Itamaraty tamb\u00e9m permanece dispon\u00edvel no n\u00famero +55 61 98260-0610 (inclusive WhatsApp).<\/em><\/p>\n<p>      <!-- Relacionada --><\/p>\n<p>            <!-- Relacionada -->\n    <\/div>\n<p><br \/>\n<br \/><a href=\"https:\/\/agenciabrasil.ebc.com.br\/internacional\/noticia\/2024-12\/governo-brasileiro-disponibiliza-apoio-brasileiros-na-siria\" rel=\"noopener\">Ag\u00eancia Brasil <\/a><\/p>\n","protected":false},"excerpt":{"rendered":"<p>O Minist\u00e9rio das Rela\u00e7\u00f5es Exteriores do Brasil emitiu nota, na tarde deste s\u00e1bado (7), informando que acompanha a escalada de viol\u00eancia na S\u00edria, e instando os brasileiros que moram no pa\u00eds a procurarem a Embaixada brasileira em Damasco. A S\u00edria vive uma guerra civil, desde 2011, que ganhou novos contornos na semana passada, quando grupos [&hellip;]<\/p>\n","protected":false},"author":1,"featured_media":269,"comment_status":"open","ping_status":"open","sticky":false,"template":"","format":"standard","meta":{"_jetpack_newsletter_access":"","_jetpack_dont_email_post_to_subs":false,"_jetpack_newsletter_tier_id":0,"_jetpack_memberships_contains_paywalled_content":false,"_mbp_banners":[],"_jetpack_feature_clip_id":0,"_jetpack_memberships_contains_paid_content":false,"footnotes":"","jetpack_publicize_message":"","jetpack_publicize_feature_enabled":true,"jetpack_social_post_already_shared":true,"jetpack_social_options":{"image_generator_settings":{"template":"highway","default_image_id":0,"font":"","enabled":false},"version":2},"jetpack_post_was_ever_published":false},"categories":[25],"tags":[],"class_list":["post-18532","post","type-post","status-publish","format-standard","has-post-thumbnail","category-internacional"],"jetpack_publicize_connections":[],"jetpack-related-posts":[],"jetpack_shortlink":"https:\/\/wp.me\/p7Eq1F-4OU","jetpack_sharing_enabled":true,"jetpack_featured_media_url":"https:\/\/i0.wp.com\/guialimeira.com.br\/news\/wp-content\/uploads\/2024\/03\/thumb_1200x600_agbrasil.png?fit=1200%2C600&ssl=1","_links":{"self":[{"href":"https:\/\/guialimeira.com.br\/news\/wp-json\/wp\/v2\/posts\/18532","targetHints":{"allow":["GET"]}}],"collection":[{"href":"https:\/\/guialimeira.com.br\/news\/wp-json\/wp\/v2\/posts"}],"about":[{"href":"https:\/\/guialimeira.com.br\/news\/wp-json\/wp\/v2\/types\/post"}],"author":[{"embeddable":true,"href":"https:\/\/guialimeira.com.br\/news\/wp-json\/wp\/v2\/users\/1"}],"replies":[{"embeddable":true,"href":"https:\/\/guialimeira.com.br\/news\/wp-json\/wp\/v2\/comments?post=18532"}],"version-history":[{"count":0,"href":"https:\/\/guialimeira.com.br\/news\/wp-json\/wp\/v2\/posts\/18532\/revisions"}],"wp:featuredmedia":[{"embeddable":true,"href":"https:\/\/guialimeira.com.br\/news\/wp-json\/wp\/v2\/media\/269"}],"wp:attachment":[{"href":"https:\/\/guialimeira.com.br\/news\/wp-json\/wp\/v2\/media?parent=18532"}],"wp:term":[{"taxonomy":"category","embeddable":true,"href":"https:\/\/guialimeira.com.br\/news\/wp-json\/wp\/v2\/categories?post=18532"},{"taxonomy":"post_tag","embeddable":true,"href":"https:\/\/guialimeira.com.br\/news\/wp-json\/wp\/v2\/tags?post=18532"}],"curies":[{"name":"wp","href":"https:\/\/api.w.org\/{rel}","templated":true}]}}