{"id":18515,"date":"2024-12-07T16:13:34","date_gmt":"2024-12-07T19:13:34","guid":{"rendered":"https:\/\/guialimeira.com.br\/?p=18515"},"modified":"2024-12-07T16:13:35","modified_gmt":"2024-12-07T19:13:35","slug":"podcast-cidade-em-pauta-vagas-de-emprego-reformas-e-educacao-ambiental-em-limeira","status":"publish","type":"post","link":"https:\/\/guialimeira.com.br\/news\/podcast-cidade-em-pauta-vagas-de-emprego-reformas-e-educacao-ambiental-em-limeira\/","title":{"rendered":"Podcast Cidade em Pauta: Vagas de Emprego, Reformas e Educa\u00e7\u00e3o Ambiental em Limeira!"},"content":{"rendered":"\n<p class=\"wp-block-paragraph\">\ud83d\udce2 <strong>Fique por dentro das principais not\u00edcias de Limeira!<\/strong><\/p>\n\n\n\n<p class=\"wp-block-paragraph\">No epis\u00f3dio mais recente do <strong>Podcast Cidade em Pauta<\/strong>, trazemos um compilado de not\u00edcias e eventos que est\u00e3o movimentando nossa cidade. Confira os destaques:<\/p>\n\n\n\n<p class=\"wp-block-paragraph\">\ud83d\udcbc <strong>Emprego:<\/strong><br>A Konecta est\u00e1 com novas vagas abertas! Uma excelente oportunidade para quem busca coloca\u00e7\u00e3o no mercado de trabalho.<\/p>\n\n\n\n<p class=\"wp-block-paragraph\">\ud83c\udfe5 <strong>Sa\u00fade:<\/strong><br>A Policl\u00ednica de Limeira voltou a atender normalmente ap\u00f3s solucionar problemas nas linhas telef\u00f4nicas.<\/p>\n\n\n\n<p class=\"wp-block-paragraph\">\ud83c\udfca\u200d\u2642\ufe0f <strong>Esporte e Lazer:<\/strong><br>O <strong>Complexo Aqu\u00e1tico Alberto Savoi<\/strong> foi reinaugurado ap\u00f3s uma ampla reforma. O espa\u00e7o est\u00e1 pronto para receber a popula\u00e7\u00e3o com novas instala\u00e7\u00f5es e mais acessibilidade.<\/p>\n\n\n\n<p class=\"wp-block-paragraph\">\ud83d\udcda <strong>Cultura:<\/strong><br>A Feira Liter\u00e1ria Municipal est\u00e1 em destaque, promovendo o incentivo \u00e0 leitura e oferecendo programa\u00e7\u00e3o para todas as idades.<\/p>\n\n\n\n<p class=\"wp-block-paragraph\">\ud83c\udf33 <strong>Meio Ambiente:<\/strong><br>A BRK Ambiental segue com a\u00e7\u00f5es de educa\u00e7\u00e3o ambiental e melhorias no saneamento, mostrando o compromisso com a sustentabilidade na nossa cidade.<\/p>\n\n\n\n<p class=\"wp-block-paragraph\">\ud83c\udfa7 <strong>N\u00e3o perca!<\/strong><br>Ou\u00e7a o novo epis\u00f3dio agora e esteja sempre informado sobre as novidades de Limeira.<\/p>\n\n\n\n<p class=\"wp-block-paragraph\">\ud83d\udc49 <strong>Acesse pelo Spotify<\/strong>: <a href=\"https:\/\/open.spotify.com\/episode\/2wazsiBeKvjne74BI6F7op?si=c14059eb5835413c\" data-type=\"link\" data-id=\"https:\/\/open.spotify.com\/episode\/2wazsiBeKvjne74BI6F7op?si=c14059eb5835413c\" rel=\"noopener\">Clique aqui para ouvir<\/a><br>\ud83d\udc49 <strong>Assista no YouTube<\/strong>: <a href=\"https:\/\/youtu.be\/aDKpdLm-XqI\" target=\"_blank\" rel=\"noreferrer noopener\">Confira <\/a><a href=\"https:\/\/youtu.be\/aDKpdLm-XqI\" data-type=\"link\" data-id=\"https:\/\/youtu.be\/aDKpdLm-XqI\" rel=\"noopener\">aqui<\/a><\/p>\n\n\n\n<p class=\"wp-block-paragraph\">Compartilhe e mantenha seus amigos e familiares atualizados sobre os principais acontecimentos!<\/p>\n\n\n\n<p class=\"wp-block-paragraph\">#PodcastCidadeEmPauta #Limeira #Not\u00edcias #Cultura #Esporte #Sa\u00fade<\/p>\n\n\n\n<p class=\"wp-block-paragraph\"><\/p>\n","protected":false},"excerpt":{"rendered":"<p>\ud83d\udce2 Fique por dentro das principais not\u00edcias de Limeira! No epis\u00f3dio mais recente do Podcast Cidade em Pauta, trazemos um compilado de not\u00edcias e eventos que est\u00e3o movimentando nossa cidade. Confira os destaques: \ud83d\udcbc Emprego:A Konecta est\u00e1 com novas vagas abertas! Uma excelente oportunidade para quem busca coloca\u00e7\u00e3o no mercado de trabalho. \ud83c\udfe5 Sa\u00fade:A Policl\u00ednica [&hellip;]<\/p>\n","protected":false},"author":1,"featured_media":18516,"comment_status":"open","ping_status":"open","sticky":false,"template":"","format":"standard","meta":{"_jetpack_newsletter_access":"","_jetpack_dont_email_post_to_subs":false,"_jetpack_newsletter_tier_id":0,"_jetpack_memberships_contains_paywalled_content":false,"_mbp_banners":[],"_jetpack_feature_clip_id":0,"_jetpack_memberships_contains_paid_content":false,"footnotes":"","jetpack_publicize_message":"","jetpack_publicize_feature_enabled":true,"jetpack_social_post_already_shared":true,"jetpack_social_options":{"image_generator_settings":{"template":"highway","default_image_id":0,"font":"","enabled":false},"version":2},"jetpack_post_was_ever_published":false},"categories":[17,28],"tags":[],"class_list":["post-18515","post","type-post","status-publish","format-standard","has-post-thumbnail","category-empregos","category-podcast"],"jetpack_publicize_connections":[],"jetpack-related-posts":[],"jetpack_shortlink":"https:\/\/wp.me\/p7Eq1F-4OD","jetpack_sharing_enabled":true,"jetpack_featured_media_url":"https:\/\/i0.wp.com\/guialimeira.com.br\/news\/wp-content\/uploads\/2024\/12\/podcast-episodio-56-2.png?fit=1280%2C720&ssl=1","_links":{"self":[{"href":"https:\/\/guialimeira.com.br\/news\/wp-json\/wp\/v2\/posts\/18515","targetHints":{"allow":["GET"]}}],"collection":[{"href":"https:\/\/guialimeira.com.br\/news\/wp-json\/wp\/v2\/posts"}],"about":[{"href":"https:\/\/guialimeira.com.br\/news\/wp-json\/wp\/v2\/types\/post"}],"author":[{"embeddable":true,"href":"https:\/\/guialimeira.com.br\/news\/wp-json\/wp\/v2\/users\/1"}],"replies":[{"embeddable":true,"href":"https:\/\/guialimeira.com.br\/news\/wp-json\/wp\/v2\/comments?post=18515"}],"version-history":[{"count":2,"href":"https:\/\/guialimeira.com.br\/news\/wp-json\/wp\/v2\/posts\/18515\/revisions"}],"predecessor-version":[{"id":18518,"href":"https:\/\/guialimeira.com.br\/news\/wp-json\/wp\/v2\/posts\/18515\/revisions\/18518"}],"wp:featuredmedia":[{"embeddable":true,"href":"https:\/\/guialimeira.com.br\/news\/wp-json\/wp\/v2\/media\/18516"}],"wp:attachment":[{"href":"https:\/\/guialimeira.com.br\/news\/wp-json\/wp\/v2\/media?parent=18515"}],"wp:term":[{"taxonomy":"category","embeddable":true,"href":"https:\/\/guialimeira.com.br\/news\/wp-json\/wp\/v2\/categories?post=18515"},{"taxonomy":"post_tag","embeddable":true,"href":"https:\/\/guialimeira.com.br\/news\/wp-json\/wp\/v2\/tags?post=18515"}],"curies":[{"name":"wp","href":"https:\/\/api.w.org\/{rel}","templated":true}]}}