{"id":1851,"date":"2024-04-18T16:37:22","date_gmt":"2024-04-18T19:37:22","guid":{"rendered":"https:\/\/guialimeira.com.br\/2024\/04\/18\/sp-homem-e-baleado-por-bombeiro-apos-pular-catraca-da-estacao-da-luz\/"},"modified":"2024-04-18T16:37:22","modified_gmt":"2024-04-18T19:37:22","slug":"sp-homem-e-baleado-por-bombeiro-apos-pular-catraca-da-estacao-da-luz","status":"publish","type":"post","link":"https:\/\/guialimeira.com.br\/news\/sp-homem-e-baleado-por-bombeiro-apos-pular-catraca-da-estacao-da-luz\/","title":{"rendered":"SP: homem \u00e9 baleado por bombeiro ap\u00f3s\u00a0pular\u00a0catraca da Esta\u00e7\u00e3o da Luz"},"content":{"rendered":"<p> <br \/>\n<\/p>\n<div>\n<p>Um homem foi baleado na tarde de quarta-feira (17) por um bombeiro de folga dentro da Esta\u00e7\u00e3o da Luz do Metr\u00f4, na regi\u00e3o central de S\u00e3o Paulo. Segundo a Secretaria de Seguran\u00e7a P\u00fablica de S\u00e3o Paulo (SSP), o caso ocorreu por volta das 16h, logo ap\u00f3s o homem ter pulado a catraca do metr\u00f4 para n\u00e3o pagar a passagem.<img data-recalc-dims=\"1\" decoding=\"async\" src=\"https:\/\/i0.wp.com\/agenciabrasil.ebc.com.br\/ebc.png?w=696&#038;ssl=1\" style=\"width:1px; height:1px; display:inline;\"\/><img data-recalc-dims=\"1\" decoding=\"async\" src=\"https:\/\/i0.wp.com\/agenciabrasil.ebc.com.br\/ebc.gif?w=696&#038;ssl=1\" style=\"width:1px; height:1px; display:inline;\"\/><\/p>\n<p>\u201cPor volta das 16h desta quarta-feira (17), um bombeiro militar passava pelos bloqueios da Esta\u00e7\u00e3o da Luz, regi\u00e3o central da capital paulista, quando viu um passageiro pulando a catraca do local. O bombeiro tentou intervir e entrou em luta corporal com o indiv\u00edduo, que acabou baleado na perna\u201d, informou a nota da secretaria.<\/p>\n<p>Este \u00e9 o segundo caso conhecido, somente neste m\u00eas de abril, de viol\u00eancia envolvendo um militar dentro desta mesma esta\u00e7\u00e3o de metr\u00f4. No dia 6 de abril, uma passageira que estava sentada na plataforma<a href=\"https:\/\/agenciabrasil.ebc.com.br\/geral\/noticia\/2024-04\/policial-agride-mulher-em-estacao-de-metro-em-sao-paulo\" target=\"_blank\" rel=\"noopener\"> foi agredida por um policial militar fardado<\/a>.<\/p>\n<p>No ano passado, tamb\u00e9m na Esta\u00e7\u00e3o da Luz, um maquinista que trabalhava havia 11 anos na Companhia Paulista de Trens Metropolitanos (CPTM) e que iniciava o turno de trabalho <a href=\"https:\/\/agenciabrasil.ebc.com.br\/geral\/noticia\/2023-06\/maquinista-da-cptm-mata-um-colega-tiros-na-estacao-da-luz\" target=\"_blank\" rel=\"noopener\">atirou contra dois colegas, matando um deles<\/a>.<\/p>\n<p>De acordo com a SSP, o pr\u00f3prio bombeiro socorreu o passageiro at\u00e9 a Santa Casa, com ajuda das equipes e da ambul\u00e2ncia do Metr\u00f4.<\/p>\n<p>O caso est\u00e1 sendo investigado pela Delegacia de Pol\u00edcia do Metropolitano (Delpom), acompanhado pela Pol\u00edcia Militar. O bombeiro e uma testemunha j\u00e1 foram ouvidos. O delegado respons\u00e1vel pela investiga\u00e7\u00e3o j\u00e1 solicitou as imagens do local e aguarda os resultados periciais para an\u00e1lise dos laudos.<\/p>\n<\/p><\/div>\n<p><br \/>\n<br \/><a href=\"https:\/\/agenciabrasil.ebc.com.br\/geral\/noticia\/2024-04\/sp-homem-e-baleado-por-bombeiro-apos-pular-catraca-da-estacao-da-luz\" rel=\"noopener\">Ag\u00eancia Brasil<\/a><\/p>\n","protected":false},"excerpt":{"rendered":"<p>Um homem foi baleado na tarde de quarta-feira (17) por um bombeiro de folga dentro da Esta\u00e7\u00e3o da Luz do Metr\u00f4, na regi\u00e3o central de S\u00e3o Paulo. Segundo a Secretaria de Seguran\u00e7a P\u00fablica de S\u00e3o Paulo (SSP), o caso ocorreu por volta das 16h, logo ap\u00f3s o homem ter pulado a catraca do metr\u00f4 para [&hellip;]<\/p>\n","protected":false},"author":1,"featured_media":1852,"comment_status":"open","ping_status":"open","sticky":false,"template":"","format":"standard","meta":{"_jetpack_newsletter_access":"","_jetpack_dont_email_post_to_subs":false,"_jetpack_newsletter_tier_id":0,"_jetpack_memberships_contains_paywalled_content":false,"_mbp_banners":[],"_jetpack_feature_clip_id":0,"_jetpack_memberships_contains_paid_content":false,"footnotes":"","jetpack_publicize_message":"","jetpack_publicize_feature_enabled":true,"jetpack_social_post_already_shared":true,"jetpack_social_options":{"image_generator_settings":{"template":"highway","default_image_id":0,"font":"","enabled":false},"version":2},"jetpack_post_was_ever_published":false},"categories":[22],"tags":[],"class_list":["post-1851","post","type-post","status-publish","format-standard","has-post-thumbnail","category-nacional"],"jetpack_publicize_connections":[],"jetpack-related-posts":[],"jetpack_shortlink":"https:\/\/wp.me\/p7Eq1F-tR","jetpack_sharing_enabled":true,"jetpack_featured_media_url":"https:\/\/i0.wp.com\/guialimeira.com.br\/news\/wp-content\/uploads\/2024\/04\/estacao_da_luz_sao_paulo_ferrovia_090820183536.jpg?fit=1600%2C800&ssl=1","_links":{"self":[{"href":"https:\/\/guialimeira.com.br\/news\/wp-json\/wp\/v2\/posts\/1851","targetHints":{"allow":["GET"]}}],"collection":[{"href":"https:\/\/guialimeira.com.br\/news\/wp-json\/wp\/v2\/posts"}],"about":[{"href":"https:\/\/guialimeira.com.br\/news\/wp-json\/wp\/v2\/types\/post"}],"author":[{"embeddable":true,"href":"https:\/\/guialimeira.com.br\/news\/wp-json\/wp\/v2\/users\/1"}],"replies":[{"embeddable":true,"href":"https:\/\/guialimeira.com.br\/news\/wp-json\/wp\/v2\/comments?post=1851"}],"version-history":[{"count":0,"href":"https:\/\/guialimeira.com.br\/news\/wp-json\/wp\/v2\/posts\/1851\/revisions"}],"wp:featuredmedia":[{"embeddable":true,"href":"https:\/\/guialimeira.com.br\/news\/wp-json\/wp\/v2\/media\/1852"}],"wp:attachment":[{"href":"https:\/\/guialimeira.com.br\/news\/wp-json\/wp\/v2\/media?parent=1851"}],"wp:term":[{"taxonomy":"category","embeddable":true,"href":"https:\/\/guialimeira.com.br\/news\/wp-json\/wp\/v2\/categories?post=1851"},{"taxonomy":"post_tag","embeddable":true,"href":"https:\/\/guialimeira.com.br\/news\/wp-json\/wp\/v2\/tags?post=1851"}],"curies":[{"name":"wp","href":"https:\/\/api.w.org\/{rel}","templated":true}]}}