{"id":18505,"date":"2024-12-07T14:40:00","date_gmt":"2024-12-07T17:40:00","guid":{"rendered":"https:\/\/guialimeira.com.br\/2024\/12\/07\/arcebispo-de-porto-alegre-dom-jaime-spengler-e-nomeado-cardeal\/"},"modified":"2024-12-07T14:40:00","modified_gmt":"2024-12-07T17:40:00","slug":"arcebispo-de-porto-alegre-dom-jaime-spengler-e-nomeado-cardeal","status":"publish","type":"post","link":"https:\/\/guialimeira.com.br\/news\/arcebispo-de-porto-alegre-dom-jaime-spengler-e-nomeado-cardeal\/","title":{"rendered":"Arcebispo de Porto Alegre, dom Jaime Spengler, \u00e9 nomeado cardeal"},"content":{"rendered":"<p> <br \/>\n<\/p>\n<div>\n<p>O papa Francisco nomeou, na tarde deste s\u00e1bado (7), no Vaticano, 21 novos cardeais, entre os quais o brasileiro dom Jaime Spengler, atual arcebispo de Porto Alegre e presidente da Confer\u00eancia Nacional dos Bispos do Brasil (CNBB) e do Conselho Episcopal Latino-Americano e Caribenho (Celam).<img data-recalc-dims=\"1\" decoding=\"async\" src=\"https:\/\/i0.wp.com\/agenciabrasil.ebc.com.br\/ebc.png?w=696&#038;ssl=1\" style=\"width:1px; height:1px; display:inline;\"\/><img data-recalc-dims=\"1\" decoding=\"async\" src=\"https:\/\/i0.wp.com\/agenciabrasil.ebc.com.br\/ebc.gif?w=696&#038;ssl=1\" style=\"width:1px; height:1px; display:inline;\"\/><\/p>\n<p>Foram tamb\u00e9m indicados representes do Peru, da Argentina, do Equador, Chile e Jap\u00e3o, das Filipinas, da S\u00e9rvia, Costa do Marfim e Arg\u00e9lia.<\/p>\n<p>Com isso, o Col\u00e9gio Cardinal\u00edcio passa a ser composto por 256 membros, dos quais 141, com idade abaixo de 80 anos, eleitores e aptos a votar\u00a0em um eventual conclave para escolher o pr\u00f3ximo papa.<\/p>\n<p>Natural de Gaspar, em Santa Catarina, dom Jaime Spengler tem 64 anos e \u00e9 franciscano. Com aten\u00e7\u00e3o constante pela\u00a0ecologia e a crise clim\u00e1tica, dom Jaime \u00e9 o segundo arcebispo da capital ga\u00facha a ser indicado ao cardinalato. O primeiro foi dom Vicente Scherer, que morreu em 1996, aos 93 anos.<\/p>\n<p>Antes de aderir ao sacerd\u00f3cio, dom Jaime trabalhou por cinco anos na ind\u00fastria t\u00eaxtil, ocupando cargos de responsabilidade.<\/p>\n<p>      <!-- Relacionada --><\/p>\n<p>            <!-- Relacionada -->\n    <\/div>\n<p><br \/>\n<br \/><a href=\"https:\/\/agenciabrasil.ebc.com.br\/internacional\/noticia\/2024-12\/arcebispo-de-porto-alegre-dom-jaime-spengler-e-nomeado-cardeal\" rel=\"noopener\">Ag\u00eancia Brasil <\/a><\/p>\n","protected":false},"excerpt":{"rendered":"<p>O papa Francisco nomeou, na tarde deste s\u00e1bado (7), no Vaticano, 21 novos cardeais, entre os quais o brasileiro dom Jaime Spengler, atual arcebispo de Porto Alegre e presidente da Confer\u00eancia Nacional dos Bispos do Brasil (CNBB) e do Conselho Episcopal Latino-Americano e Caribenho (Celam). Foram tamb\u00e9m indicados representes do Peru, da Argentina, do Equador, [&hellip;]<\/p>\n","protected":false},"author":1,"featured_media":18506,"comment_status":"open","ping_status":"open","sticky":false,"template":"","format":"standard","meta":{"_jetpack_newsletter_access":"","_jetpack_dont_email_post_to_subs":false,"_jetpack_newsletter_tier_id":0,"_jetpack_memberships_contains_paywalled_content":false,"_mbp_banners":[],"_jetpack_feature_clip_id":0,"_jetpack_memberships_contains_paid_content":false,"footnotes":"","jetpack_publicize_message":"","jetpack_publicize_feature_enabled":true,"jetpack_social_post_already_shared":true,"jetpack_social_options":{"image_generator_settings":{"template":"highway","default_image_id":0,"font":"","enabled":false},"version":2},"jetpack_post_was_ever_published":false},"categories":[25],"tags":[],"class_list":["post-18505","post","type-post","status-publish","format-standard","has-post-thumbnail","category-internacional"],"jetpack_publicize_connections":[],"jetpack-related-posts":[],"jetpack_shortlink":"https:\/\/wp.me\/p7Eq1F-4Ot","jetpack_sharing_enabled":true,"jetpack_featured_media_url":"https:\/\/i0.wp.com\/guialimeira.com.br\/news\/wp-content\/uploads\/2024\/12\/foto_dom_jaime_e_papa.jpg?fit=1600%2C800&ssl=1","_links":{"self":[{"href":"https:\/\/guialimeira.com.br\/news\/wp-json\/wp\/v2\/posts\/18505","targetHints":{"allow":["GET"]}}],"collection":[{"href":"https:\/\/guialimeira.com.br\/news\/wp-json\/wp\/v2\/posts"}],"about":[{"href":"https:\/\/guialimeira.com.br\/news\/wp-json\/wp\/v2\/types\/post"}],"author":[{"embeddable":true,"href":"https:\/\/guialimeira.com.br\/news\/wp-json\/wp\/v2\/users\/1"}],"replies":[{"embeddable":true,"href":"https:\/\/guialimeira.com.br\/news\/wp-json\/wp\/v2\/comments?post=18505"}],"version-history":[{"count":0,"href":"https:\/\/guialimeira.com.br\/news\/wp-json\/wp\/v2\/posts\/18505\/revisions"}],"wp:featuredmedia":[{"embeddable":true,"href":"https:\/\/guialimeira.com.br\/news\/wp-json\/wp\/v2\/media\/18506"}],"wp:attachment":[{"href":"https:\/\/guialimeira.com.br\/news\/wp-json\/wp\/v2\/media?parent=18505"}],"wp:term":[{"taxonomy":"category","embeddable":true,"href":"https:\/\/guialimeira.com.br\/news\/wp-json\/wp\/v2\/categories?post=18505"},{"taxonomy":"post_tag","embeddable":true,"href":"https:\/\/guialimeira.com.br\/news\/wp-json\/wp\/v2\/tags?post=18505"}],"curies":[{"name":"wp","href":"https:\/\/api.w.org\/{rel}","templated":true}]}}