{"id":18453,"date":"2024-12-06T16:14:37","date_gmt":"2024-12-06T19:14:37","guid":{"rendered":"https:\/\/guialimeira.com.br\/2024\/12\/06\/brasil-esta-perto-de-alcancar-meta-de-vacinacao-contra-o-virus-hpv\/"},"modified":"2024-12-06T16:14:37","modified_gmt":"2024-12-06T19:14:37","slug":"brasil-esta-perto-de-alcancar-meta-de-vacinacao-contra-o-virus-hpv","status":"publish","type":"post","link":"https:\/\/guialimeira.com.br\/news\/brasil-esta-perto-de-alcancar-meta-de-vacinacao-contra-o-virus-hpv\/","title":{"rendered":"Brasil est\u00e1 perto de alcan\u00e7ar meta de vacina\u00e7\u00e3o contra o v\u00edrus HPV"},"content":{"rendered":"<p> <br \/>\n<\/p>\n<div>\n<p>Novos dados do Minist\u00e9rio da Sa\u00fade mostram que o Brasil est\u00e1 pr\u00f3ximo de alcan\u00e7ar a meta de vacina\u00e7\u00e3o contra o HPV, causador do c\u00e2ncer de colo de \u00fatero. No ano passado, quase 85% do p\u00fablico-alvo j\u00e1 tinha sido vacinado e entre os adolescentes com 14 anos, a cobertura passou de 96%.\u00a0<img data-recalc-dims=\"1\" decoding=\"async\" src=\"https:\/\/i0.wp.com\/agenciabrasil.ebc.com.br\/ebc.png?w=696&#038;ssl=1\" style=\"width:1px; height:1px; display:inline;\"\/><img data-recalc-dims=\"1\" decoding=\"async\" src=\"https:\/\/i0.wp.com\/agenciabrasil.ebc.com.br\/ebc.gif?w=696&#038;ssl=1\" style=\"width:1px; height:1px; display:inline;\"\/><\/p>\n<p>Entre as crian\u00e7as de 9 anos, o alcance ainda est\u00e1 aqu\u00e9m do desejado, com menos de 69% deles imunizados. A doen\u00e7a \u00e9 o terceiro tumor mais incidente e a quarta maior causa de morte entre as mulheres brasileiras, com cerca de 17 mil novos casos e 7 mil \u00f3bitos anuais.<\/p>\n<p>O objetivo do Minist\u00e9rio \u00e9 chegar a 90% do p\u00fablico-alvo, composto por meninas e meninos de 9 a 14 anos. Para isso, \u00e9 preciso aumentar a imuniza\u00e7\u00e3o nas crian\u00e7as e adolescentes do sexo masculino: desde 2014, quando a vacina\u00e7\u00e3o contra o HPV come\u00e7ou no Brasil, a propor\u00e7\u00e3o de meninos que receberam uma dose da vacina foi 24,2 pontos percentuais menor do que a de meninas.\u00a0<\/p>\n<p>Apesar da repercuss\u00e3o grave mais frequente do HPV ser o c\u00e2ncer de colo de \u00fatero, o v\u00edrus tamb\u00e9m pode causar c\u00e2ncer no p\u00eanis, \u00e2nus, boca e garganta. Al\u00e9m disso, a principal via de transmiss\u00e3o do v\u00edrus \u00e9 a sexual, por isso a imuniza\u00e7\u00e3o dos meninos tamb\u00e9m \u00e9 essencial para evitar a dissemina\u00e7\u00e3o do HPV.<\/p>\n<p>De acordo com o diretor do Programa Nacional de Imuniza\u00e7\u00f5es do Minist\u00e9rio da Sa\u00fade, Eder Gatti, uma medida que ajudou a alavancar as coberturas foi o retorno da vacina\u00e7\u00e3o nas escolas. Ele explica que o p\u00fablico-alvo foi selecionado para garantir a imuniza\u00e7\u00e3o antes do in\u00edcio da vida sexual e do contato com o v\u00edrus, que \u00e9 extremamente comum e infeccioso.\u00a0<\/p>\n<p>Segundo ele, a vacina contra o HPV foi &#8220;injusti\u00e7ada&#8221; pelas suspeitas de eventos adversos, apesar da investiga\u00e7\u00e3o provar que eles n\u00e3o tinham rela\u00e7\u00e3o com o imunizante.<\/p>\n<p>&#8220;\u00c9 uma vacina com uma tecnologia fant\u00e1stica, com efic\u00e1cia alta e seguran\u00e7a alta, que n\u00e3o tem evento de altera\u00e7\u00e3o org\u00e2nica importante. E agora ela \u00e9 aplicada em apenas uma dose, o que facilita a opera\u00e7\u00e3o. Ela foi injusti\u00e7ada e a gente precisa colocar ela de volta ao patamar que ela merece. \u00c9 uma vacina que vai nos ajudar a eliminar o c\u00e2ncer de colo de \u00fatero&#8221;, complementou.<\/p>\n<p>Gatti participou nesta sexta-feira (6) do II Simp\u00f3sio Elimina\u00e7\u00e3o do C\u00e2ncer do Colo do \u00datero no Brasil, no Rio de Janeiro, e anunciou tamb\u00e9m que o PNI vai investir na busca ativa de jovens de 15 a 19 anos que n\u00e3o tenham se vacinado contra o HPV.\u00a0O Minist\u00e9rio da Sa\u00fade estima que sejam quase 3 milh\u00f5es de pessoas, o que significa 21% da popula\u00e7\u00e3o nessa faixa et\u00e1ria. Os estados com as maiores porcentagens de jovens n\u00e3o vacinados s\u00e3o: Rio de Janeiro, Acre, Distrito Federal, Roraima e Amap\u00e1.\u00a0<\/p>\n<p>&#8220;No SUS n\u00f3s temos munic\u00edpios que est\u00e3o muito bem e munic\u00edpios que n\u00e3o est\u00e3o t\u00e3o bem assim. Ent\u00e3o, as estrat\u00e9gias precisam ser direcionadas e intensificadas para os munic\u00edpios com as piores coberturas&#8221; explica o diretor do PNI.\u00a0<\/p>\n<p>Segundo ele, a quest\u00e3o do acesso \u00e9 muito importante, por causa do tamanho do Brasil. \u201cN\u00f3s temos grandes cidades que t\u00eam a sua estrutura de sa\u00fade, mas dentro delas tem as periferias, as \u00e1reas mais empobrecidas&#8230; E o Brasil tamb\u00e9m tem \u00e1reas de dif\u00edcil acesso, como a regi\u00e3o amaz\u00f4nica, que representa um desafio log\u00edstico muito grande. Esse \u00e9 um desafio e tanto e \u00e9 preciso pensar estrat\u00e9gias pra aproveitar a ida at\u00e9 uma \u00e1rea ribeirinha e vacinar todo mundo&#8221;, complementa.<\/p>\n<p>Eder Gatti tamb\u00e9m destacou o desafio da comunica\u00e7\u00e3o e como os programas de vacina\u00e7\u00e3o nas escolas podem contribuir com isso: &#8220;Precisamos dizer: &#8216;olha, \u00e9 uma vacina contra o c\u00e2ncer, que vai salvar vidas&#8217; e garantir o acesso diferenciado, porque o adolescente n\u00e3o vai para o posto, ent\u00e3o precisamos fortalecer a vacina\u00e7\u00e3o nas escolas&#8221;, alerta o diretor.\u00a0<\/p>\n<p>      <!-- Relacionada --><\/p>\n<p>            <!-- Relacionada -->\n    <\/div>\n<p><br \/>\n<br \/><a href=\"https:\/\/agenciabrasil.ebc.com.br\/saude\/noticia\/2024-12\/brasil-esta-perto-de-alcancar-meta-de-vacinacao-contra-o-virus-hpv\" rel=\"noopener\">Ag\u00eancia Brasil <\/a><\/p>\n","protected":false},"excerpt":{"rendered":"<p>Novos dados do Minist\u00e9rio da Sa\u00fade mostram que o Brasil est\u00e1 pr\u00f3ximo de alcan\u00e7ar a meta de vacina\u00e7\u00e3o contra o HPV, causador do c\u00e2ncer de colo de \u00fatero. No ano passado, quase 85% do p\u00fablico-alvo j\u00e1 tinha sido vacinado e entre os adolescentes com 14 anos, a cobertura passou de 96%.\u00a0 Entre as crian\u00e7as de [&hellip;]<\/p>\n","protected":false},"author":1,"featured_media":1429,"comment_status":"open","ping_status":"open","sticky":false,"template":"","format":"standard","meta":{"_jetpack_newsletter_access":"","_jetpack_dont_email_post_to_subs":false,"_jetpack_newsletter_tier_id":0,"_jetpack_memberships_contains_paywalled_content":false,"_mbp_banners":[],"_jetpack_feature_clip_id":0,"_jetpack_memberships_contains_paid_content":false,"footnotes":"","jetpack_publicize_message":"","jetpack_publicize_feature_enabled":true,"jetpack_social_post_already_shared":true,"jetpack_social_options":{"image_generator_settings":{"template":"highway","default_image_id":0,"font":"","enabled":false},"version":2},"jetpack_post_was_ever_published":false},"categories":[15],"tags":[],"class_list":["post-18453","post","type-post","status-publish","format-standard","has-post-thumbnail","category-saude"],"jetpack_publicize_connections":[],"jetpack-related-posts":[],"jetpack_shortlink":"https:\/\/wp.me\/p7Eq1F-4ND","jetpack_sharing_enabled":true,"jetpack_featured_media_url":"https:\/\/i0.wp.com\/guialimeira.com.br\/news\/wp-content\/uploads\/2024\/04\/img_9341.jpg?fit=1600%2C800&ssl=1","_links":{"self":[{"href":"https:\/\/guialimeira.com.br\/news\/wp-json\/wp\/v2\/posts\/18453","targetHints":{"allow":["GET"]}}],"collection":[{"href":"https:\/\/guialimeira.com.br\/news\/wp-json\/wp\/v2\/posts"}],"about":[{"href":"https:\/\/guialimeira.com.br\/news\/wp-json\/wp\/v2\/types\/post"}],"author":[{"embeddable":true,"href":"https:\/\/guialimeira.com.br\/news\/wp-json\/wp\/v2\/users\/1"}],"replies":[{"embeddable":true,"href":"https:\/\/guialimeira.com.br\/news\/wp-json\/wp\/v2\/comments?post=18453"}],"version-history":[{"count":0,"href":"https:\/\/guialimeira.com.br\/news\/wp-json\/wp\/v2\/posts\/18453\/revisions"}],"wp:featuredmedia":[{"embeddable":true,"href":"https:\/\/guialimeira.com.br\/news\/wp-json\/wp\/v2\/media\/1429"}],"wp:attachment":[{"href":"https:\/\/guialimeira.com.br\/news\/wp-json\/wp\/v2\/media?parent=18453"}],"wp:term":[{"taxonomy":"category","embeddable":true,"href":"https:\/\/guialimeira.com.br\/news\/wp-json\/wp\/v2\/categories?post=18453"},{"taxonomy":"post_tag","embeddable":true,"href":"https:\/\/guialimeira.com.br\/news\/wp-json\/wp\/v2\/tags?post=18453"}],"curies":[{"name":"wp","href":"https:\/\/api.w.org\/{rel}","templated":true}]}}