{"id":1845,"date":"2024-04-18T15:35:52","date_gmt":"2024-04-18T18:35:52","guid":{"rendered":"https:\/\/guialimeira.com.br\/2024\/04\/18\/sistema-de-alerta-de-alagamentos-e-deslizamentos-sera-lancado-ate-maio\/"},"modified":"2024-04-18T15:35:52","modified_gmt":"2024-04-18T18:35:52","slug":"sistema-de-alerta-de-alagamentos-e-deslizamentos-sera-lancado-ate-maio","status":"publish","type":"post","link":"https:\/\/guialimeira.com.br\/news\/sistema-de-alerta-de-alagamentos-e-deslizamentos-sera-lancado-ate-maio\/","title":{"rendered":"Sistema de alerta de alagamentos e deslizamentos ser\u00e1 lan\u00e7ado at\u00e9 maio"},"content":{"rendered":"<p> <br \/>\n<\/p>\n<div>\n<p>Um sistema de alerta, via mensagens de celular, que ajudar\u00e1 a popula\u00e7\u00e3o em situa\u00e7\u00f5es de desastres naturais, como alagamentos e deslizamentos decorrentes de chuvas intensas, dever\u00e1 ser colocado em pr\u00e1tica pelo governo federal at\u00e9 o fim de maio.<img data-recalc-dims=\"1\" decoding=\"async\" src=\"https:\/\/i0.wp.com\/agenciabrasil.ebc.com.br\/ebc.png?w=696&#038;ssl=1\" style=\"width:1px; height:1px; display:inline;\"\/><img data-recalc-dims=\"1\" decoding=\"async\" src=\"https:\/\/i0.wp.com\/agenciabrasil.ebc.com.br\/ebc.gif?w=696&#038;ssl=1\" style=\"width:1px; height:1px; display:inline;\"\/><\/p>\n<p>Por meio do Plano Nacional de Prote\u00e7\u00e3o e Defesa Civil, a ideia \u00e9 aumentar a sinergia entre os entes federados, bem como organizar e definir planos de conting\u00eancia mais eficientes para informar a popula\u00e7\u00e3o sobre ocorr\u00eancias desse tipo. Por meio desses canais de comunica\u00e7\u00e3o, as pessoas v\u00e3o saber o que fazer e para onde ir, nessas situa\u00e7\u00f5es emergenciais.<\/p>\n<p>O tema foi abordado pelo ministro da Integra\u00e7\u00e3o e do Desenvolvimento Regional, Waldez G\u00f3es, durante o programa Bom Dia, Ministro, veiculado pelo <strong>Canal Gov<\/strong>, da <strong>Empresa Brasil de Comunica\u00e7\u00e3o (EBC)<\/strong>.<\/p>\n<div class=\"dnd-widget-wrapper context-grande_6colunas type-image atom-align-left\">\n<div class=\"dnd-atom-rendered\"><!-- scald=372281:grande_6colunas {\"additionalClasses\":\"\"} --><\/p>\n<div class=\"shadow overflow-hidden rounded-lg d-block w-100\">\n            <img data-recalc-dims=\"1\" decoding=\"async\" src=\"https:\/\/i0.wp.com\/agenciabrasil.ebc.com.br\/sites\/default\/files\/thumbnails\/image\/loading_v2.gif?w=696&#038;ssl=1\" data-echo=\"https:\/\/imagens.ebc.com.br\/oKhQRNHgNx2rhISsOlCdeO_e9YE=\/463x0\/smart\/https:\/\/agenciabrasil.ebc.com.br\/sites\/default\/files\/thumbnails\/image\/prefeiturarecife.jpg?itok=-khDGun7\" alt=\"Bras\u00edlia (DF) 16\/02\/2024 - Durante per\u00edodos de chuva, os moradores da Bacia do Rio Tejipi\u00f3 sofrem com alagamentos e enchentes - &#13;&#10;Foto: Prefeitura Recife\" title=\"Prefeitura Recife\" class=\"flex-fill img-cover\"\/><br \/>\n        <img data-recalc-dims=\"1\" decoding=\"async\" src=\"https:\/\/i0.wp.com\/imagens.ebc.com.br\/oKhQRNHgNx2rhISsOlCdeO_e9YE%3D\/463x0\/smart\/https%3A\/\/agenciabrasil.ebc.com.br\/sites\/default\/files\/thumbnails\/image\/prefeiturarecife.jpg?w=696&#038;ssl=1\" alt=\"Bras\u00edlia (DF) 16\/02\/2024 - Durante per\u00edodos de chuva, os moradores da Bacia do Rio Tejipi\u00f3 sofrem com alagamentos e enchentes - &#13;&#10;Foto: Prefeitura Recife\" title=\"Prefeitura Recife\" class=\"flex-fill img-cover\"\/>\n    <\/div>\n<p><!-- END scald=372281 --><\/div>\n<div class=\"dnd-caption-wrapper\">\n<p><!--copyright=372281-->Moradores da Bacia do Rio Tejipi\u00f3, no Recife, sofrem com alagamentos e enchentes &#8211; Foto: Prefeitura do Recife <!--END copyright=372281--><\/p>\n<\/div>\n<\/div>\n<p>Segundo G\u00f3es, faz parte dos objetivos do plano organizar e dar maior rapidez \u00e0s respostas para situa\u00e7\u00f5es de falta ou excesso de \u00e1gua. \u201cPara tanto, vamos organizar melhor a sinergia entre governos federal, estadual e municipal\u201d, disse o ministro ao destacar que o plano prev\u00ea uma s\u00e9rie de treinamentos e capacita\u00e7\u00f5es das defesas civis para estabelecer um \u201csistema de mensagem que vai direto ao celular\u201d, melhorando o tempo de resposta de autoridades e da popula\u00e7\u00e3o.<\/p>\n<h2>Nova cultura<\/h2>\n<p>\u201cPrecisamos ter organiza\u00e7\u00e3o e plano de conting\u00eancia, para as pessoas saberem o que fazer e para onde ir [nessas situa\u00e7\u00f5es extremas]. O Brasil n\u00e3o tem uma cultura de planos de conting\u00eancia, nem a experi\u00eancia de viver eventos extremos [como outros pa\u00edses]. E isso \u00e9 algo, hoje, muito recorrente, devido aos eventos extremos\u201d, disse o ministro.<\/p>\n<p>Waldez G\u00f3es explica que a ideia \u00e9 gerar uma nova cultura, onde as pessoas possam, com a ajuda de sistemas de alerta e planos de conting\u00eancia, ter acesso a previs\u00f5es de incid\u00eancias chuvas intensas, bem como sobre os riscos de deslizamentos e alagamentos que, por ventura, possam ocorrer. \u201cIsso pode acontecer muito r\u00e1pido. \u00c0s vezes, em menos de seis horas\u201d, complementou.<\/p>\n<p>\u201cN\u00f3s vamos come\u00e7ar [a implementar o programa de alerta] at\u00e9 final do pr\u00f3ximo m\u00eas [maio]. Est\u00e1 tudo pronto nos minist\u00e9rios de Integra\u00e7\u00e3o e Desenvolvimento Regional; das Comunica\u00e7\u00f5es; da Secretaria de Comunica\u00e7\u00e3o do governo; e na Anatel\u201d, adiantou o ministro.<\/p>\n<h2>Transposi\u00e7\u00e3o do S\u00e3o Francisco<\/h2>\n<p>Segundo Waldez G\u00f3es, o governo federal pretende, nos pr\u00f3ximos anos, aumentar o bombeamento das \u00e1guas que abastecem a transposi\u00e7\u00e3o do Rio S\u00e3o Francisco. \u201cTemos de aumentar o bombeamento e a capta\u00e7\u00e3o para os canais de distribui\u00e7\u00e3o, para que essa \u00e1gua chegue a mais pessoas\u201d, informou.<\/p>\n<p>Ele lembrou que os presidentes Lula e Dilma s\u00e3o respons\u00e1veis por quase 100% de todas as obras de transposi\u00e7\u00e3o de S\u00e3o Francisco. \u201cEssas obras est\u00e3o prontas e \u00e9 bom que a gente sempre diga isso\u201d, acrescentou em meio a coment\u00e1rios sobre os preju\u00edzos que t\u00eam sido causados pela divulga\u00e7\u00e3o de not\u00edcias falsas (<em>fakenews<\/em>) relacionadas a este empreendimento.<\/p>\n<div class=\"dnd-widget-wrapper context-grande_6colunas type-image atom-align-right\">\n<div class=\"dnd-atom-rendered\"><!-- scald=271030:grande_6colunas {\"additionalClasses\":\"\"} --><\/p>\n<div class=\"shadow overflow-hidden rounded-lg d-block w-100\">\n            <img data-recalc-dims=\"1\" decoding=\"async\" src=\"https:\/\/i0.wp.com\/agenciabrasil.ebc.com.br\/sites\/default\/files\/thumbnails\/image\/loading_v2.gif?w=696&#038;ssl=1\" data-echo=\"https:\/\/imagens.ebc.com.br\/4X3OPz8Dq10YyfErqn17puGNydc=\/463x0\/smart\/https:\/\/agenciabrasil.ebc.com.br\/sites\/default\/files\/thumbnails\/image\/51614987951_fd81a0ace3_o.jpg?itok=gvpClkr6\" alt=\"(S\u00e3o Jos\u00e9 de Piranhas - PB, 21\/10\/2021) Cerim\u00f4nia de inaugura\u00e7\u00e3o da obra do trecho final do Eixo Norte do Projeto de Integra\u00e7\u00e3o do Rio S\u00e3o Francisco.&#13;&#10;Foto: Isac N\u00f3brega\/PR\" title=\"Isac N\u00f3brega\/PR\" class=\"flex-fill img-cover\"\/><br \/>\n        <img data-recalc-dims=\"1\" decoding=\"async\" src=\"https:\/\/i0.wp.com\/imagens.ebc.com.br\/4X3OPz8Dq10YyfErqn17puGNydc%3D\/463x0\/smart\/https%3A\/\/agenciabrasil.ebc.com.br\/sites\/default\/files\/thumbnails\/image\/51614987951_fd81a0ace3_o.jpg?w=696&#038;ssl=1\" alt=\"(S\u00e3o Jos\u00e9 de Piranhas - PB, 21\/10\/2021) Cerim\u00f4nia de inaugura\u00e7\u00e3o da obra do trecho final do Eixo Norte do Projeto de Integra\u00e7\u00e3o do Rio S\u00e3o Francisco.&#13;&#10;Foto: Isac N\u00f3brega\/PR\" title=\"Isac N\u00f3brega\/PR\" class=\"flex-fill img-cover\"\/>\n    <\/div>\n<p><!-- END scald=271030 --><\/div>\n<div class=\"dnd-caption-wrapper\">\n<p><!--copyright=271030-->S\u00e3o Jos\u00e9 de Piranhas, na Para\u00edba. Obras da Transposi\u00e7\u00e3o Rio S\u00e3o Francisco\/Eixo Norte. Foto: <strong>Isac N\u00f3brega\/PR<\/strong><!--END copyright=271030--><\/p>\n<\/div>\n<\/div>\n<p>\u201cEst\u00e3o pegando imagens de obras como a do Cintur\u00e3o das \u00c1guas, no Cear\u00e1, que ainda n\u00e3o foi abastecido de \u00e1gua, e imagens de outro canal cheio de \u00e1gua e dizem que a \u00e1gua que ali estava n\u00e3o est\u00e1 mais\u201d, afirmou.<\/p>\n<p>\u201cIsso \u00e9 um desservi\u00e7o \u00e0 popula\u00e7\u00e3o, para atacar o governo respons\u00e1vel pela pol\u00edtica p\u00fablica\u201d, acrescentou ao convocar moradores locais a gravarem e divulgarem v\u00eddeos mostrando a real situa\u00e7\u00e3o das obras de transposi\u00e7\u00e3o.<\/p>\n<p>O ministro atualizou a situa\u00e7\u00e3o das obras ainda em andamento. Segundo ele, a transposi\u00e7\u00e3o est\u00e1 conclu\u00edda. \u201cFalta apenas aumentar o bombeamento no Eixo Leste. Mas j\u00e1 temos 50% dele instalado. Com a modelagem que estamos fazendo com o BNDES [Banco Nacional de Desenvolvimento Econ\u00f4mico e Social], vamos dobrar esse bombeamento e fechar em 100%\u201d, disse.<\/p>\n<p>\u201cE no Eixo Norte tem 25% [instalado]. S\u00e3o quatro conjuntos de bombas e falta instalar mais tr\u00eas. Um vai pelo PAC, diretamente pelo minist\u00e9rio, e os outros dois v\u00e3o na modelagem que a gente est\u00e1 fazendo de gest\u00e3o com o BNDES\u201d, acrescentou. O Eixo Norte leva \u00e1gua do S\u00e3o Francisco para cidades de Pernambuco, do Cear\u00e1, da Para\u00edba e do Rio Grande do Norte.<\/p>\n<\/p><\/div>\n<p><br \/>\n<br \/><a href=\"https:\/\/agenciabrasil.ebc.com.br\/geral\/noticia\/2024-04\/sistema-de-alerta-de-alagamentos-e-deslizamentos-sera-lancado-ate-maio\" rel=\"noopener\">Ag\u00eancia Brasil<\/a><\/p>\n","protected":false},"excerpt":{"rendered":"<p>Um sistema de alerta, via mensagens de celular, que ajudar\u00e1 a popula\u00e7\u00e3o em situa\u00e7\u00f5es de desastres naturais, como alagamentos e deslizamentos decorrentes de chuvas intensas, dever\u00e1 ser colocado em pr\u00e1tica pelo governo federal at\u00e9 o fim de maio. Por meio do Plano Nacional de Prote\u00e7\u00e3o e Defesa Civil, a ideia \u00e9 aumentar a sinergia entre [&hellip;]<\/p>\n","protected":false},"author":1,"featured_media":1846,"comment_status":"open","ping_status":"open","sticky":false,"template":"","format":"standard","meta":{"_jetpack_newsletter_access":"","_jetpack_dont_email_post_to_subs":false,"_jetpack_newsletter_tier_id":0,"_jetpack_memberships_contains_paywalled_content":false,"_mbp_banners":[],"_jetpack_feature_clip_id":0,"_jetpack_memberships_contains_paid_content":false,"footnotes":"","jetpack_publicize_message":"","jetpack_publicize_feature_enabled":true,"jetpack_social_post_already_shared":true,"jetpack_social_options":{"image_generator_settings":{"template":"highway","default_image_id":0,"font":"","enabled":false},"version":2},"jetpack_post_was_ever_published":false},"categories":[22],"tags":[],"class_list":["post-1845","post","type-post","status-publish","format-standard","has-post-thumbnail","category-nacional"],"jetpack_publicize_connections":[],"jetpack-related-posts":[],"jetpack_shortlink":"https:\/\/wp.me\/p7Eq1F-tL","jetpack_sharing_enabled":true,"jetpack_featured_media_url":"https:\/\/i0.wp.com\/guialimeira.com.br\/news\/wp-content\/uploads\/2024\/04\/waldez-goes-bom-dia_mcamgo_abr_18042024-13.jpg?fit=1600%2C800&ssl=1","_links":{"self":[{"href":"https:\/\/guialimeira.com.br\/news\/wp-json\/wp\/v2\/posts\/1845","targetHints":{"allow":["GET"]}}],"collection":[{"href":"https:\/\/guialimeira.com.br\/news\/wp-json\/wp\/v2\/posts"}],"about":[{"href":"https:\/\/guialimeira.com.br\/news\/wp-json\/wp\/v2\/types\/post"}],"author":[{"embeddable":true,"href":"https:\/\/guialimeira.com.br\/news\/wp-json\/wp\/v2\/users\/1"}],"replies":[{"embeddable":true,"href":"https:\/\/guialimeira.com.br\/news\/wp-json\/wp\/v2\/comments?post=1845"}],"version-history":[{"count":0,"href":"https:\/\/guialimeira.com.br\/news\/wp-json\/wp\/v2\/posts\/1845\/revisions"}],"wp:featuredmedia":[{"embeddable":true,"href":"https:\/\/guialimeira.com.br\/news\/wp-json\/wp\/v2\/media\/1846"}],"wp:attachment":[{"href":"https:\/\/guialimeira.com.br\/news\/wp-json\/wp\/v2\/media?parent=1845"}],"wp:term":[{"taxonomy":"category","embeddable":true,"href":"https:\/\/guialimeira.com.br\/news\/wp-json\/wp\/v2\/categories?post=1845"},{"taxonomy":"post_tag","embeddable":true,"href":"https:\/\/guialimeira.com.br\/news\/wp-json\/wp\/v2\/tags?post=1845"}],"curies":[{"name":"wp","href":"https:\/\/api.w.org\/{rel}","templated":true}]}}