{"id":18437,"date":"2024-12-06T14:12:47","date_gmt":"2024-12-06T17:12:47","guid":{"rendered":"https:\/\/guialimeira.com.br\/2024\/12\/06\/saude-incorpora-cinco-procedimentos-contra-cancer-de-mama-no-sus\/"},"modified":"2024-12-06T14:12:47","modified_gmt":"2024-12-06T17:12:47","slug":"saude-incorpora-cinco-procedimentos-contra-cancer-de-mama-no-sus","status":"publish","type":"post","link":"https:\/\/guialimeira.com.br\/news\/saude-incorpora-cinco-procedimentos-contra-cancer-de-mama-no-sus\/","title":{"rendered":"Sa\u00fade incorpora cinco procedimentos contra c\u00e2ncer de mama no SUS"},"content":{"rendered":"<p> <br \/>\n<\/p>\n<div>\n<p>O Minist\u00e9rio da Sa\u00fade lan\u00e7ou nesta sexta-feira (6) o Protocolo Cl\u00ednico e Diretrizes Terap\u00eauticas (PCDT) para c\u00e2ncer de mama. A estrat\u00e9gia passa a incluir, no Sistema \u00danico de Sa\u00fade (SUS), cinco procedimentos a serem disponibilizados em centros especializados, al\u00e9m da realiza\u00e7\u00e3o de videolaparoscopia \u2013 t\u00e9cnica cir\u00fargica minimamente invasiva que permite aos m\u00e9dicos acessar \u00f3rg\u00e3os internos por meio de pequenas incis\u00f5es.<img data-recalc-dims=\"1\" decoding=\"async\" src=\"https:\/\/i0.wp.com\/agenciabrasil.ebc.com.br\/ebc.png?w=696&#038;ssl=1\" style=\"width:1px; height:1px; display:inline;\"\/><img data-recalc-dims=\"1\" decoding=\"async\" src=\"https:\/\/i0.wp.com\/agenciabrasil.ebc.com.br\/ebc.gif?w=696&#038;ssl=1\" style=\"width:1px; height:1px; display:inline;\"\/><\/p>\n<p>\u201cAl\u00e9m dos benef\u00edcios para os pacientes, o uso da videolaparoscopia tamb\u00e9m impacta positivamente a gest\u00e3o do sistema de sa\u00fade. Com tempo de interna\u00e7\u00e3o mais curto e menor necessidade de reinterven\u00e7\u00f5es por complica\u00e7\u00f5es, a t\u00e9cnica contribui para a otimiza\u00e7\u00e3o de recursos, fundamental em um sistema com alta demanda, como \u00e9 o caso do SUS\u201d, avaliou a pasta.<\/p>\n<p>Os cinco procedimentos incorporados no novo protocolo s\u00e3o: inibidores das quinases dependentes de ciclina (CDK) 4 e 6; trastuzumab entansina; supress\u00e3o ovariana medicamentosa e hormonioterapia parenteral; fator de estimulador de col\u00f4nia para suporte em esquema de dose densa; e amplia\u00e7\u00e3o da neoadjuv\u00e2ncia para est\u00e1dios I a III.<\/p>\n<p>\u201cCom o novo PCDT, o tratamento do c\u00e2ncer de mama passa a ter par\u00e2metros de padroniza\u00e7\u00e3o acess\u00edveis a todas as pessoas que necessitam. \u00c9 garantia de um diagn\u00f3stico oportuno, uniformidade e efici\u00eancia no tratamento, acesso igualit\u00e1rio a novos medicamentos e profissionais qualificados para atendimento\u201d, destacou o minist\u00e9rio.<\/p>\n<p>Ainda de acordo com a pasta e em raz\u00e3o da import\u00e2ncia do diagn\u00f3stico precoce, a linha de cuidado do paciente com c\u00e2ncer de mama passa a ser totalmente integrada dentro do Programa Mais Acesso a Especialistas.<\/p>\n<blockquote>\n<p>\u201cA partir de agora, fica institu\u00eddo o Protocolo de Acesso \u00e0s Ofertas de Cuidado Integrado (OCI) na Aten\u00e7\u00e3o Especializada em Oncologia\u201d.<\/p>\n<\/blockquote>\n<p>Cada OCI envolve um conjunto de procedimentos inerentes a uma etapa da linha de cuidado para um agravo espec\u00edfico. Exemplo: OCI \u2013 Diagn\u00f3stico de C\u00e2ncer de Mama: consulta com o mastologista + mamografia bilateral diagn\u00f3stica + ultrassonografia de mama + pun\u00e7\u00e3o aspirativa com agulha fina + histopatol\u00f3gico + busca ativa da paciente para garantir a realiza\u00e7\u00e3o dos exames + consulta de retorno para o mastologista + contato com a equipe de aten\u00e7\u00e3o b\u00e1sica para garantir a continuidade do cuidado.<\/p>\n<p>\u201cO objetivo \u00e9 melhorar o acesso a diagn\u00f3sticos e consultas, com fila \u00fanica, da aten\u00e7\u00e3o prim\u00e1ria \u00e0 aten\u00e7\u00e3o especializada, utiliza\u00e7\u00e3o da sa\u00fade digital, integra\u00e7\u00e3o dos servi\u00e7os e nova l\u00f3gica de financiamento, com foco na resolu\u00e7\u00e3o do problema de sa\u00fade. O prazo que antes era de um ano e seis meses, em m\u00e9dia, para in\u00edcio do tratamento, passando por v\u00e1rias filas at\u00e9 completar o ciclo de cuidado, agora ser\u00e1 de 30 dias para diagn\u00f3stico do c\u00e2ncer.\u201d<\/p>\n<h2>Entenda<\/h2>\n<p>Dados do minist\u00e9rio mostram que o c\u00e2ncer de mama \u00e9 o tipo mais incidente e a primeira causa de morte por c\u00e2ncer em mulheres em todas as regi\u00f5es do pa\u00eds.<\/p>\n<p>Ainda segundo a pasta, evid\u00eancias cient\u00edficas apontam que 15% dos pacientes atrasam o in\u00edcio do tratamento entre 30 e 60 dias, o que representa aumento de 6% a 8% na mortalidade. Cerca de 35% das pessoas atrasam o in\u00edcio do tratamento mais do que 60 dias, representando 12% a 16% de aumento na mortalidade na fila.<\/p>\n<p>At\u00e9 ent\u00e3o, as Diretrizes Diagn\u00f3sticas e Terap\u00eauticas (DDT) que norteavam o cuidado com o c\u00e2ncer de mama n\u00e3o se restringiam \u00e0s tecnologias incorporadas no SUS. A padroniza\u00e7\u00e3o das alternativas de diagn\u00f3stico, tratamento e acompanhamento das pessoas com a doen\u00e7a garante a orienta\u00e7\u00e3o de profissionais do SUS e um norte de atendimento de qualidade para pacientes.<\/p>\n<p>\u201cQuando um tratamento n\u00e3o est\u00e1 incorporado ao SUS e \u00e9 demandado via judicial, se d\u00e1 o nome de judicializa\u00e7\u00e3o. Por meio desse processo, \u00e9 concedido o direito a medicamentos que beneficiam indiv\u00edduos de maneira desigual, o que cria desafios para sustentabilidade financeira do SUS, gerando deslocamento de grandes recursos destinados a pol\u00edticas amplas para acesso individual\u201d, avaliou o minist\u00e9rio.<\/p>\n<p>\u201cPor outro lado, no processo de incorpora\u00e7\u00e3o de medicamentos no SUS, o governo federal garante um ciclo integral de cuidado: al\u00e9m do direito a medicamentos com efic\u00e1cia comprovada garantido a todos os cidad\u00e3os, s\u00e3o criadas diretrizes e linhas de cuidado para a assist\u00eancia dos pacientes. Isso promove melhoria em toda a jornada de acesso \u00e0 sa\u00fade, desde o diagn\u00f3stico at\u00e9 o monitoramento dos resultados.\u201d<\/p>\n<p>\u00a0<\/p>\n<p>      <!-- Relacionada --><\/p>\n<p>            <!-- Relacionada -->\n    <\/div>\n<p><br \/>\n<br \/><a href=\"https:\/\/agenciabrasil.ebc.com.br\/saude\/noticia\/2024-12\/saude-incorpora-cinco-procedimentos-contra-cancer-de-mama-no-sus\" rel=\"noopener\">Ag\u00eancia Brasil <\/a><\/p>\n","protected":false},"excerpt":{"rendered":"<p>O Minist\u00e9rio da Sa\u00fade lan\u00e7ou nesta sexta-feira (6) o Protocolo Cl\u00ednico e Diretrizes Terap\u00eauticas (PCDT) para c\u00e2ncer de mama. A estrat\u00e9gia passa a incluir, no Sistema \u00danico de Sa\u00fade (SUS), cinco procedimentos a serem disponibilizados em centros especializados, al\u00e9m da realiza\u00e7\u00e3o de videolaparoscopia \u2013 t\u00e9cnica cir\u00fargica minimamente invasiva que permite aos m\u00e9dicos acessar \u00f3rg\u00e3os internos [&hellip;]<\/p>\n","protected":false},"author":1,"featured_media":18438,"comment_status":"open","ping_status":"open","sticky":false,"template":"","format":"standard","meta":{"_jetpack_newsletter_access":"","_jetpack_dont_email_post_to_subs":false,"_jetpack_newsletter_tier_id":0,"_jetpack_memberships_contains_paywalled_content":false,"_mbp_banners":[],"_jetpack_feature_clip_id":0,"_jetpack_memberships_contains_paid_content":false,"footnotes":"","jetpack_publicize_message":"","jetpack_publicize_feature_enabled":true,"jetpack_social_post_already_shared":true,"jetpack_social_options":{"image_generator_settings":{"template":"highway","default_image_id":0,"font":"","enabled":false},"version":2},"jetpack_post_was_ever_published":false},"categories":[15],"tags":[],"class_list":["post-18437","post","type-post","status-publish","format-standard","has-post-thumbnail","category-saude"],"jetpack_publicize_connections":[],"jetpack-related-posts":[],"jetpack_shortlink":"https:\/\/wp.me\/p7Eq1F-4Nn","jetpack_sharing_enabled":true,"jetpack_featured_media_url":"https:\/\/i0.wp.com\/guialimeira.com.br\/news\/wp-content\/uploads\/2024\/12\/protocolo-cancer_mcamgo_abr_06122024.jpg?fit=1600%2C800&ssl=1","_links":{"self":[{"href":"https:\/\/guialimeira.com.br\/news\/wp-json\/wp\/v2\/posts\/18437","targetHints":{"allow":["GET"]}}],"collection":[{"href":"https:\/\/guialimeira.com.br\/news\/wp-json\/wp\/v2\/posts"}],"about":[{"href":"https:\/\/guialimeira.com.br\/news\/wp-json\/wp\/v2\/types\/post"}],"author":[{"embeddable":true,"href":"https:\/\/guialimeira.com.br\/news\/wp-json\/wp\/v2\/users\/1"}],"replies":[{"embeddable":true,"href":"https:\/\/guialimeira.com.br\/news\/wp-json\/wp\/v2\/comments?post=18437"}],"version-history":[{"count":0,"href":"https:\/\/guialimeira.com.br\/news\/wp-json\/wp\/v2\/posts\/18437\/revisions"}],"wp:featuredmedia":[{"embeddable":true,"href":"https:\/\/guialimeira.com.br\/news\/wp-json\/wp\/v2\/media\/18438"}],"wp:attachment":[{"href":"https:\/\/guialimeira.com.br\/news\/wp-json\/wp\/v2\/media?parent=18437"}],"wp:term":[{"taxonomy":"category","embeddable":true,"href":"https:\/\/guialimeira.com.br\/news\/wp-json\/wp\/v2\/categories?post=18437"},{"taxonomy":"post_tag","embeddable":true,"href":"https:\/\/guialimeira.com.br\/news\/wp-json\/wp\/v2\/tags?post=18437"}],"curies":[{"name":"wp","href":"https:\/\/api.w.org\/{rel}","templated":true}]}}