{"id":1837,"date":"2024-04-18T15:30:43","date_gmt":"2024-04-18T18:30:43","guid":{"rendered":"https:\/\/guialimeira.com.br\/2024\/04\/18\/efeito-madonna-oito-em-cada-10-quartos-em-copacabana-estao-reservados\/"},"modified":"2024-04-18T15:30:43","modified_gmt":"2024-04-18T18:30:43","slug":"efeito-madonna-oito-em-cada-10-quartos-em-copacabana-estao-reservados","status":"publish","type":"post","link":"https:\/\/guialimeira.com.br\/news\/efeito-madonna-oito-em-cada-10-quartos-em-copacabana-estao-reservados\/","title":{"rendered":"Efeito Madonna: oito em cada 10 quartos em Copacabana est\u00e3o reservados"},"content":{"rendered":"<p> <br \/>\n<\/p>\n<div>\n<p>Uma pr\u00e9via divulgada nesta quinta-feira (18) pelo Sindicato Patronal dos Meios de Hospedagem da Cidade do Rio de Janeiro (Hot\u00e9isRio) mostra que a ocupa\u00e7\u00e3o de quartos no fim de semana de 3 a 5 de maio j\u00e1 passou dos 80% nos bairros de Copacabana e Leme. A tend\u00eancia \u00e9 que o percentual prossiga\u00a0subindo com a demanda gerada pelo show da cantora Madonna na Praia de Copacabana, marcado para 4 de maio, s\u00e1bado.<img data-recalc-dims=\"1\" decoding=\"async\" src=\"https:\/\/i0.wp.com\/agenciabrasil.ebc.com.br\/ebc.png?w=696&#038;ssl=1\" style=\"width:1px; height:1px; display:inline;\"\/><img data-recalc-dims=\"1\" decoding=\"async\" src=\"https:\/\/i0.wp.com\/agenciabrasil.ebc.com.br\/ebc.gif?w=696&#038;ssl=1\" style=\"width:1px; height:1px; display:inline;\"\/><\/p>\n<p>Os dois bairros da zona sul da cidade registram 83,38% de ocupa\u00e7\u00e3o de quartos, enquanto centro tem 67,95% e Ipanema\/Leblon, 67,53%.<\/p>\n<p>O\u00a0HoteisRio usa a express\u00e3o Efeito Madonna para classificar a demanda e mostra que a m\u00e9dia de ocupa\u00e7\u00e3o hoteleira na cidade est\u00e1 em 70,79% para o fim de semana (de 3 a 5 de maio) do espet\u00e1culo.<\/p>\n<h2>Lota\u00e7\u00e3o m\u00e1xima<\/h2>\n<p>\u201cA tend\u00eancia \u00e9 que Copacabana, local do show, se aproxime da lota\u00e7\u00e3o m\u00e1xima. Depois, a demanda vai se espalhar para as regi\u00f5es pr\u00f3ximas, que ofere\u00e7am op\u00e7\u00f5es de transporte\u201d, disse o presidente do Hot\u00e9isRio, Alfredo Lopes.<\/p>\n<p>A prefeitura do Rio espera faturar uma alta cifra com a apresenta\u00e7\u00e3o gratuita da cantora na praia mais famosa da cidade. Segundo expectativa divulgada pela Secretaria de Desenvolvimento Urbano e Econ\u00f4mico (SMDUE), em parceria com a Secretaria de Turismo (SMTUR), somente a arrecada\u00e7\u00e3o extra do Imposto Sobre Servi\u00e7o (ISS) em maio deve recuperar o investimento de R$ 10 milh\u00f5es que a prefeitura fez no show. O m\u00eas deve ter uma arrecada\u00e7\u00e3o 20% maior que em 2023, projetam as secretarias.<\/p>\n<p>&#8220;O show da cantora Madonna, em Copacabana, no dia 4 de maio, ir\u00e1 movimentar a economia carioca em R$ 293,4 milh\u00f5es, valor 30 vezes maior do que os R$ 10 milh\u00f5es investidos pela prefeitura do Rio em patroc\u00ednio&#8221;, explica a prefeitura.<\/p>\n<p>O esquema operacional do show seria divulgado em uma entrevista coletiva \u00e0 imprensa na manh\u00e3 desta sexta-feira (19), mas a apresenta\u00e7\u00e3o foi adiada para o pr\u00f3ximo dia 25. Na data, a prefeitura e o governo do estado mostrar\u00e3o os planos para a log\u00edstica operacional e seguran\u00e7a para a apresenta\u00e7\u00e3o.<\/p>\n<\/p><\/div>\n<p><br \/>\n<br \/><a href=\"https:\/\/agenciabrasil.ebc.com.br\/geral\/noticia\/2024-04\/efeito-madonna-oito-em-cada-quartos-em-copacabana-estao-reservados\" rel=\"noopener\">Ag\u00eancia Brasil<\/a><\/p>\n","protected":false},"excerpt":{"rendered":"<p>Uma pr\u00e9via divulgada nesta quinta-feira (18) pelo Sindicato Patronal dos Meios de Hospedagem da Cidade do Rio de Janeiro (Hot\u00e9isRio) mostra que a ocupa\u00e7\u00e3o de quartos no fim de semana de 3 a 5 de maio j\u00e1 passou dos 80% nos bairros de Copacabana e Leme. A tend\u00eancia \u00e9 que o percentual prossiga\u00a0subindo com a [&hellip;]<\/p>\n","protected":false},"author":1,"featured_media":1838,"comment_status":"open","ping_status":"open","sticky":false,"template":"","format":"standard","meta":{"_jetpack_newsletter_access":"","_jetpack_dont_email_post_to_subs":false,"_jetpack_newsletter_tier_id":0,"_jetpack_memberships_contains_paywalled_content":false,"_mbp_banners":[],"_jetpack_feature_clip_id":0,"_jetpack_memberships_contains_paid_content":false,"footnotes":"","jetpack_publicize_message":"","jetpack_publicize_feature_enabled":true,"jetpack_social_post_already_shared":true,"jetpack_social_options":{"image_generator_settings":{"template":"highway","default_image_id":0,"font":"","enabled":false},"version":2},"jetpack_post_was_ever_published":false},"categories":[1],"tags":[],"class_list":["post-1837","post","type-post","status-publish","format-standard","has-post-thumbnail","category-geral"],"jetpack_publicize_connections":[],"jetpack-related-posts":[],"jetpack_shortlink":"https:\/\/wp.me\/p7Eq1F-tD","jetpack_sharing_enabled":true,"jetpack_featured_media_url":"https:\/\/i0.wp.com\/guialimeira.com.br\/news\/wp-content\/uploads\/2024\/04\/51412011552_58e63a9da5_o.jpg?fit=1600%2C800&ssl=1","_links":{"self":[{"href":"https:\/\/guialimeira.com.br\/news\/wp-json\/wp\/v2\/posts\/1837","targetHints":{"allow":["GET"]}}],"collection":[{"href":"https:\/\/guialimeira.com.br\/news\/wp-json\/wp\/v2\/posts"}],"about":[{"href":"https:\/\/guialimeira.com.br\/news\/wp-json\/wp\/v2\/types\/post"}],"author":[{"embeddable":true,"href":"https:\/\/guialimeira.com.br\/news\/wp-json\/wp\/v2\/users\/1"}],"replies":[{"embeddable":true,"href":"https:\/\/guialimeira.com.br\/news\/wp-json\/wp\/v2\/comments?post=1837"}],"version-history":[{"count":0,"href":"https:\/\/guialimeira.com.br\/news\/wp-json\/wp\/v2\/posts\/1837\/revisions"}],"wp:featuredmedia":[{"embeddable":true,"href":"https:\/\/guialimeira.com.br\/news\/wp-json\/wp\/v2\/media\/1838"}],"wp:attachment":[{"href":"https:\/\/guialimeira.com.br\/news\/wp-json\/wp\/v2\/media?parent=1837"}],"wp:term":[{"taxonomy":"category","embeddable":true,"href":"https:\/\/guialimeira.com.br\/news\/wp-json\/wp\/v2\/categories?post=1837"},{"taxonomy":"post_tag","embeddable":true,"href":"https:\/\/guialimeira.com.br\/news\/wp-json\/wp\/v2\/tags?post=1837"}],"curies":[{"name":"wp","href":"https:\/\/api.w.org\/{rel}","templated":true}]}}