{"id":18368,"date":"2024-12-05T16:51:38","date_gmt":"2024-12-05T19:51:38","guid":{"rendered":"https:\/\/guialimeira.com.br\/2024\/12\/05\/cancer-de-pele-gera-r-46-mi-em-custos-hospitalares-em-quase-2-anos\/"},"modified":"2024-12-05T16:51:38","modified_gmt":"2024-12-05T19:51:38","slug":"cancer-de-pele-gera-r-46-mi-em-custos-hospitalares-em-quase-2-anos","status":"publish","type":"post","link":"https:\/\/guialimeira.com.br\/news\/cancer-de-pele-gera-r-46-mi-em-custos-hospitalares-em-quase-2-anos\/","title":{"rendered":"C\u00e2ncer de pele gera R$ 4,6 mi em custos hospitalares em quase 2 anos"},"content":{"rendered":"<p> <br \/>\n<\/p>\n<div>\n<p>Entre janeiro de 2023 e outubro deste ano, o custo das interna\u00e7\u00f5es no Brasil por melanoma \u2013 considerado o tipo de c\u00e2ncer de pele mais agressivo \u2013 chegou a R$ 4,6 milh\u00f5es. O levantamento, feito pela Planisa em parceria com o DRG Brasil, analisou 2.537 altas hospitalares em unidades p\u00fablicas e privadas do pa\u00eds com perman\u00eancia m\u00e9dia de 1,9 dia.\u00a0<img data-recalc-dims=\"1\" decoding=\"async\" src=\"https:\/\/i0.wp.com\/agenciabrasil.ebc.com.br\/ebc.png?w=696&#038;ssl=1\" style=\"width:1px; height:1px; display:inline;\"\/><img data-recalc-dims=\"1\" decoding=\"async\" src=\"https:\/\/i0.wp.com\/agenciabrasil.ebc.com.br\/ebc.gif?w=696&#038;ssl=1\" style=\"width:1px; height:1px; display:inline;\"\/><\/p>\n<p>A pesquisa revela que a faixa et\u00e1ria predominante, nesses casos, foi de pacientes com idade entre 60 e 69 anos (26,30%), seguida pelo grupo de 70 a 79 anos (25,14%). J\u00e1 a distribui\u00e7\u00e3o por g\u00eanero ficou equilibrada, com 50,61% de mulheres e 49,39% de homens.\u00a0<\/p>\n<p>O levantamento faz ainda uma an\u00e1lise da complexidade assistencial das altas. Os n\u00fameros mostram que 89% delas ocorreram no n\u00edvel 1 de severidade, indicando baixa complexidade cl\u00ednica. Apenas 6,9%, 1,42% e 1,66% foram classificados nos n\u00edveis 2, 3 e 4, respectivamente, faixas que demandam maior cuidado e recursos.<\/p>\n<p>Al\u00e9m disso, 37,68% dos pacientes foram atendidos em hospital-dia por um per\u00edodo de at\u00e9 12 horas e 14,62%, por um per\u00edodo entre 12 e 24. De acordo com o estudo, os dados refor\u00e7am a import\u00e2ncia de triagens eficazes para direcionar casos menos graves \u00e0 aten\u00e7\u00e3o prim\u00e1ria ou ambulat\u00f3rios especializados, otimizando recursos hospitalares para pacientes de alta complexidade.\u00a0<\/p>\n<h2>SUS<\/h2>\n<p>Segundo o Minist\u00e9rio da Sa\u00fade, no Sistema \u00danico de Sa\u00fade (SUS), foram registrados 28.354 atendimentos relacionados ao c\u00e2ncer de pele do tipo melanoma entre janeiro de 2023 e julho de 2024.<\/p>\n<p>Desse total, 10.298 foram cirurgias oncol\u00f3gicas \u2014 6.276 em 2023 e 4.022 entre janeiro e julho de 2024; 8.107 foram quimioterapias \u2014 5.113 em 2023 e 2.994 entre janeiro e julho deste ano; e 9.949 foram radioterapias \u2014 5.994 no ano passado e 3.955 entre janeiro e julho de 2024.<\/p>\n<p>J\u00e1 em rela\u00e7\u00e3o ao c\u00e2ncer de pele n\u00e3o melanoma, foram registrados, no mesmo per\u00edodo, 110.526 atendimentos, sendo 99.713 cirurgias oncol\u00f3gicas \u2014 59.345 em 2023 e 40.368 entre janeiro e julho de 2024; 1.192 quimioterapias \u2014 729 em 2023 e 463 entre janeiro e julho deste ano; e 9.621 radioterapias \u2014 5.758 em 2023 e 3.863 de janeiro a julho de 2024.<\/p>\n<p>      <!-- Relacionada --><\/p>\n<p>            <!-- Relacionada -->\n    <\/div>\n<p><br \/>\n<br \/><a href=\"https:\/\/agenciabrasil.ebc.com.br\/saude\/noticia\/2024-12\/cancer-de-pele-gera-r-46-mi-em-custos-hospitalares-em-quase-2-anos\" rel=\"noopener\">Ag\u00eancia Brasil <\/a><\/p>\n","protected":false},"excerpt":{"rendered":"<p>Entre janeiro de 2023 e outubro deste ano, o custo das interna\u00e7\u00f5es no Brasil por melanoma \u2013 considerado o tipo de c\u00e2ncer de pele mais agressivo \u2013 chegou a R$ 4,6 milh\u00f5es. O levantamento, feito pela Planisa em parceria com o DRG Brasil, analisou 2.537 altas hospitalares em unidades p\u00fablicas e privadas do pa\u00eds com [&hellip;]<\/p>\n","protected":false},"author":1,"featured_media":18369,"comment_status":"open","ping_status":"open","sticky":false,"template":"","format":"standard","meta":{"_jetpack_newsletter_access":"","_jetpack_dont_email_post_to_subs":false,"_jetpack_newsletter_tier_id":0,"_jetpack_memberships_contains_paywalled_content":false,"_mbp_banners":[],"_jetpack_feature_clip_id":0,"_jetpack_memberships_contains_paid_content":false,"footnotes":"","jetpack_publicize_message":"","jetpack_publicize_feature_enabled":true,"jetpack_social_post_already_shared":true,"jetpack_social_options":{"image_generator_settings":{"template":"highway","default_image_id":0,"font":"","enabled":false},"version":2},"jetpack_post_was_ever_published":false},"categories":[15],"tags":[],"class_list":["post-18368","post","type-post","status-publish","format-standard","has-post-thumbnail","category-saude"],"jetpack_publicize_connections":[],"jetpack-related-posts":[],"jetpack_shortlink":"https:\/\/wp.me\/p7Eq1F-4Mg","jetpack_sharing_enabled":true,"jetpack_featured_media_url":"https:\/\/i0.wp.com\/guialimeira.com.br\/news\/wp-content\/uploads\/2024\/12\/melanoma_cutaneo_abr_200522_1.jpg?fit=1600%2C800&ssl=1","_links":{"self":[{"href":"https:\/\/guialimeira.com.br\/news\/wp-json\/wp\/v2\/posts\/18368","targetHints":{"allow":["GET"]}}],"collection":[{"href":"https:\/\/guialimeira.com.br\/news\/wp-json\/wp\/v2\/posts"}],"about":[{"href":"https:\/\/guialimeira.com.br\/news\/wp-json\/wp\/v2\/types\/post"}],"author":[{"embeddable":true,"href":"https:\/\/guialimeira.com.br\/news\/wp-json\/wp\/v2\/users\/1"}],"replies":[{"embeddable":true,"href":"https:\/\/guialimeira.com.br\/news\/wp-json\/wp\/v2\/comments?post=18368"}],"version-history":[{"count":0,"href":"https:\/\/guialimeira.com.br\/news\/wp-json\/wp\/v2\/posts\/18368\/revisions"}],"wp:featuredmedia":[{"embeddable":true,"href":"https:\/\/guialimeira.com.br\/news\/wp-json\/wp\/v2\/media\/18369"}],"wp:attachment":[{"href":"https:\/\/guialimeira.com.br\/news\/wp-json\/wp\/v2\/media?parent=18368"}],"wp:term":[{"taxonomy":"category","embeddable":true,"href":"https:\/\/guialimeira.com.br\/news\/wp-json\/wp\/v2\/categories?post=18368"},{"taxonomy":"post_tag","embeddable":true,"href":"https:\/\/guialimeira.com.br\/news\/wp-json\/wp\/v2\/tags?post=18368"}],"curies":[{"name":"wp","href":"https:\/\/api.w.org\/{rel}","templated":true}]}}