{"id":18297,"date":"2024-12-04T17:30:33","date_gmt":"2024-12-04T20:30:33","guid":{"rendered":"https:\/\/guialimeira.com.br\/2024\/12\/04\/onu-aprova-cupula-para-criar-estado-palestino-com-oposicao-dos-eua\/"},"modified":"2024-12-04T17:30:33","modified_gmt":"2024-12-04T20:30:33","slug":"onu-aprova-cupula-para-criar-estado-palestino-com-oposicao-dos-eua","status":"publish","type":"post","link":"https:\/\/guialimeira.com.br\/news\/onu-aprova-cupula-para-criar-estado-palestino-com-oposicao-dos-eua\/","title":{"rendered":"ONU aprova c\u00fapula para criar Estado palestino com oposi\u00e7\u00e3o dos EUA"},"content":{"rendered":"<p> <br \/>\n<\/p>\n<div>\n<p>Com votos contr\u00e1rios de Israel e dos Estados Unidos (EUA), a Assembleia Geral das Na\u00e7\u00f5es Unidas (ONU) aprovou, nessa ter\u00e7a-feira (3), uma resolu\u00e7\u00e3o que prev\u00ea a realiza\u00e7\u00e3o de uma Confer\u00eancia Internacional com a presen\u00e7a de chefes de Estado para discutir a cria\u00e7\u00e3o do Estado palestino. A c\u00fapula foi marcada para os dias 2 a 4 de julho de 2025, em Nova York.<img data-recalc-dims=\"1\" decoding=\"async\" src=\"https:\/\/i0.wp.com\/agenciabrasil.ebc.com.br\/ebc.png?w=696&#038;ssl=1\" style=\"width:1px; height:1px; display:inline;\"\/><img data-recalc-dims=\"1\" decoding=\"async\" src=\"https:\/\/i0.wp.com\/agenciabrasil.ebc.com.br\/ebc.gif?w=696&#038;ssl=1\" style=\"width:1px; height:1px; display:inline;\"\/><\/p>\n<p>Foram 157 votos favor\u00e1veis \u00e0 resolu\u00e7\u00e3o, incluindo o Brasil, e apenas oito votos contr\u00e1rios e sete absten\u00e7\u00f5es. Al\u00e9m dos EUA e Israel, foram contra a medida os governos da Argentina, Hungria, Micron\u00e9sia, Nauru, Palau e Papua Nova Guin\u00e9. Al\u00e9m desses, se abstiveram os representantes de Camar\u00f5es, Rep\u00fablica Tcheca, Ge\u00f3rgia, \u00a0Equador, Paraguai, Ucr\u00e2nia e Uruguai.<\/p>\n<p>\u201cA Confer\u00eancia adotar\u00e1 um documento final orientado para a a\u00e7\u00e3o intitulado \u2018Resolu\u00e7\u00e3o pac\u00edfica da quest\u00e3o da Palestina e implementa\u00e7\u00e3o da solu\u00e7\u00e3o de dois Estados\u2019 para tra\u00e7ar urgentemente uma trajet\u00f3ria irrevers\u00edvel rumo \u00e0 resolu\u00e7\u00e3o pac\u00edfica da quest\u00e3o da Palestina e \u00e0 implementa\u00e7\u00e3o da solu\u00e7\u00e3o de dois Estados\u201d, afirma o documento.<\/p>\n<p>Proposta pelo Senegal, a resolu\u00e7\u00e3o tamb\u00e9m exige que Israel se retire dos territ\u00f3rios palestinos ocupados desde 1967, incluindo Jerusal\u00e9m Oriental, considerada pelo direito internacional como capital de um futuro Estado palestino. O documento pede ainda que Israel cumpra suas obriga\u00e7\u00f5es com o direito internacional.<\/p>\n<p>Entre as obriga\u00e7\u00f5es, a resolu\u00e7\u00e3o cita o parecer consultivo da\u00a0Corte Internacional de Justi\u00e7a (CIJ) da ONU de 19 de julho de 2024 que pede para \u201cp\u00f4r fim \u00e0 sua presen\u00e7a ilegal no Territ\u00f3rio Palestino\u00a0Ocupado o mais rapidamente poss\u00edvel e cessar imediatamente qualquer nova atividade de colonato e evacuar todos os colonos do territ\u00f3rio ocupado, territ\u00f3rio palestino\u201d.<\/p>\n<p>Estima-se que existam atualmente mais de 700 mil colonos judeus nos territ\u00f3rios palestinos da Cisjord\u00e2nia, ocupa\u00e7\u00e3o essa considerada ilegal pelo direito internacional.<\/p>\n<p>A resolu\u00e7\u00e3o ainda exige o fim das medidas de discrimina\u00e7\u00e3o contra o povo palestino nos territ\u00f3rios ocupados. Segundo organiza\u00e7\u00f5es internacionais e relatores independentes da ONU, Israel promove uma esp\u00e9cie de regime de apartheid, semelhante ao que vigorou na \u00c1frica do Sul, nos territ\u00f3rios ocupados dos palestinos. O governo de Tel Aviv nega essas acusa\u00e7\u00f5es.<\/p>\n<p>O documento aprovado pela Assembleia Geral da ONU ainda rejeita \u201cqualquer tentativa de efetuar altera\u00e7\u00f5es demogr\u00e1ficas ou territoriais na Faixa de Gaza, incluindo qualquer a\u00e7\u00e3o que reduza o territ\u00f3rio de Gaza, e sublinha que a Faixa de Gaza constitui parte integrante do territ\u00f3rio palestiniano ocupado\u201d.<\/p>\n<p>Organiza\u00e7\u00f5es de direitos humanos e entidades palestinas t\u00eam denunciado que Israel realiza uma <a href=\"https:\/\/agenciabrasil.ebc.com.br\/internacional\/noticia\/2024-11\/norte-de-gaza-vive-etapas-finais-de-limpeza-etnica-denuncia-ong\" target=\"_blank\" rel=\"noopener\">limpeza \u00e9tnica no norte de Gaza<\/a> com suposto objetivo de anexar esse territ\u00f3rio. As For\u00e7as Armadas de Israel alegam, por sua vez, que apenas deslocam os civis para realizar opera\u00e7\u00f5es militares contra o Hamas.\u00a0\u00a0<\/p>\n<p>A resolu\u00e7\u00e3o ainda pede o cumprimento de outra decis\u00e3o da ONU, de 1948, quando o Conselho de Seguran\u00e7a aprovou a resolu\u00e7\u00e3o 194, reconhecendo o direito dos cerca de 750 mil palestinos deslocados de suas terras pela cria\u00e7\u00e3o do Estado de Israel, epis\u00f3dio <a href=\"https:\/\/agenciabrasil.ebc.com.br\/internacional\/noticia\/2023-11\/entenda-o-que-foi-nakba-catastrofe-do-povo-palestino\" target=\"_blank\" rel=\"noopener\">conhecido como Nakba<\/a>, que significa \u201ccat\u00e1strofe\u201d, em \u00e1rabe.\u00a0<\/p>\n<h2>Palestina e Israel<\/h2>\n<p>O representante da Palestina na ONU, o embaixador Riyad Mansour, enfatizou que a \u201cocupa\u00e7\u00e3o ilegal\u201d e \u201cideologias supremacistas\u201d devem acabar.\u00a0<\/p>\n<p>\u201cA solidariedade com o povo palestino deve ser traduzida nesta a\u00e7\u00e3o decisiva para defender o direito internacional. O plano do governo israelense \u00e9 \u00f3bvio \u2014 destruir e deslocar o povo para anexar a terra\u201d, afirmou o observador permanente da Palestina na ONU.<\/p>\n<p>Por sua vez, o representante de Israel na ONU, embaixador Danny Danon, disse que a resolu\u00e7\u00e3o \u00e9 baseada em um \u201cdesrespeito imprudente pela verdade\u201d. \u201cNa esteira do massacre do Hamas em 7 de outubro, agora h\u00e1 mais de um ano, o preconceito anti-israelense arraigado da ONU foi exposto para todos verem\u201d, acrescentou.<\/p>\n<p>      <!-- Relacionada --><\/p>\n<p>            <!-- Relacionada -->\n    <\/div>\n<p><br \/>\n<br \/><a href=\"https:\/\/agenciabrasil.ebc.com.br\/internacional\/noticia\/2024-12\/onu-aprova-cupula-para-criar-estado-palestino-com-oposicao-dos-eua\" rel=\"noopener\">Ag\u00eancia Brasil <\/a><\/p>\n","protected":false},"excerpt":{"rendered":"<p>Com votos contr\u00e1rios de Israel e dos Estados Unidos (EUA), a Assembleia Geral das Na\u00e7\u00f5es Unidas (ONU) aprovou, nessa ter\u00e7a-feira (3), uma resolu\u00e7\u00e3o que prev\u00ea a realiza\u00e7\u00e3o de uma Confer\u00eancia Internacional com a presen\u00e7a de chefes de Estado para discutir a cria\u00e7\u00e3o do Estado palestino. A c\u00fapula foi marcada para os dias 2 a 4 [&hellip;]<\/p>\n","protected":false},"author":1,"featured_media":10477,"comment_status":"open","ping_status":"open","sticky":false,"template":"","format":"standard","meta":{"_jetpack_newsletter_access":"","_jetpack_dont_email_post_to_subs":false,"_jetpack_newsletter_tier_id":0,"_jetpack_memberships_contains_paywalled_content":false,"_mbp_banners":[],"_jetpack_feature_clip_id":0,"_jetpack_memberships_contains_paid_content":false,"footnotes":"","jetpack_publicize_message":"","jetpack_publicize_feature_enabled":true,"jetpack_social_post_already_shared":true,"jetpack_social_options":{"image_generator_settings":{"template":"highway","default_image_id":0,"font":"","enabled":false},"version":2},"jetpack_post_was_ever_published":false},"categories":[25],"tags":[],"class_list":["post-18297","post","type-post","status-publish","format-standard","has-post-thumbnail","category-internacional"],"jetpack_publicize_connections":[],"jetpack-related-posts":[],"jetpack_shortlink":"https:\/\/wp.me\/p7Eq1F-4L7","jetpack_sharing_enabled":true,"jetpack_featured_media_url":"https:\/\/i0.wp.com\/guialimeira.com.br\/news\/wp-content\/uploads\/2024\/07\/3379833952_292f2ef9d5_o.jpg?fit=1600%2C800&ssl=1","_links":{"self":[{"href":"https:\/\/guialimeira.com.br\/news\/wp-json\/wp\/v2\/posts\/18297","targetHints":{"allow":["GET"]}}],"collection":[{"href":"https:\/\/guialimeira.com.br\/news\/wp-json\/wp\/v2\/posts"}],"about":[{"href":"https:\/\/guialimeira.com.br\/news\/wp-json\/wp\/v2\/types\/post"}],"author":[{"embeddable":true,"href":"https:\/\/guialimeira.com.br\/news\/wp-json\/wp\/v2\/users\/1"}],"replies":[{"embeddable":true,"href":"https:\/\/guialimeira.com.br\/news\/wp-json\/wp\/v2\/comments?post=18297"}],"version-history":[{"count":0,"href":"https:\/\/guialimeira.com.br\/news\/wp-json\/wp\/v2\/posts\/18297\/revisions"}],"wp:featuredmedia":[{"embeddable":true,"href":"https:\/\/guialimeira.com.br\/news\/wp-json\/wp\/v2\/media\/10477"}],"wp:attachment":[{"href":"https:\/\/guialimeira.com.br\/news\/wp-json\/wp\/v2\/media?parent=18297"}],"wp:term":[{"taxonomy":"category","embeddable":true,"href":"https:\/\/guialimeira.com.br\/news\/wp-json\/wp\/v2\/categories?post=18297"},{"taxonomy":"post_tag","embeddable":true,"href":"https:\/\/guialimeira.com.br\/news\/wp-json\/wp\/v2\/tags?post=18297"}],"curies":[{"name":"wp","href":"https:\/\/api.w.org\/{rel}","templated":true}]}}