{"id":18186,"date":"2024-12-03T11:57:08","date_gmt":"2024-12-03T14:57:08","guid":{"rendered":"https:\/\/guialimeira.com.br\/2024\/12\/03\/deficiencia-significativa-atinge-uma-em-cada-seis-pessoas-no-mundo\/"},"modified":"2024-12-03T11:57:08","modified_gmt":"2024-12-03T14:57:08","slug":"deficiencia-significativa-atinge-uma-em-cada-seis-pessoas-no-mundo","status":"publish","type":"post","link":"https:\/\/guialimeira.com.br\/news\/deficiencia-significativa-atinge-uma-em-cada-seis-pessoas-no-mundo\/","title":{"rendered":"Defici\u00eancia significativa atinge uma em cada seis pessoas no mundo"},"content":{"rendered":"<p> <br \/>\n<\/p>\n<div>\n<p>A Organiza\u00e7\u00e3o Mundial da Sa\u00fade (OMS) estima que 1,3 bilh\u00e3o de pessoas em todo o mundo vivam com algum tipo de defici\u00eancia classificada como significativa. O n\u00famero corresponde a uma propor\u00e7\u00e3o de uma em cada seis pessoas.\u00a0<img data-recalc-dims=\"1\" decoding=\"async\" src=\"https:\/\/i0.wp.com\/agenciabrasil.ebc.com.br\/ebc.png?w=696&#038;ssl=1\" style=\"width:1px; height:1px; display:inline;\"\/><img data-recalc-dims=\"1\" decoding=\"async\" src=\"https:\/\/i0.wp.com\/agenciabrasil.ebc.com.br\/ebc.gif?w=696&#038;ssl=1\" style=\"width:1px; height:1px; display:inline;\"\/><\/p>\n<p>\u201cPessoas com defici\u00eancia t\u00eam direito ao mais alto padr\u00e3o de cuidado em sa\u00fade poss\u00edvel, assim como pessoas sem defici\u00eancia\u201d, destacou a entidade.<\/p>\n<p>Dados do relat\u00f3rio global sobre igualdade na sa\u00fade para pessoas com defici\u00eancia, publicado pela OMS, mostram que, embora alguns progressos tenham sido registrados ao longo dos \u00faltimos anos, o mundo ainda est\u00e1 longe de concretizar esse direito para diversas pessoas com defici\u00eancia \u201cque continuam a morrer mais cedo, t\u00eam uma sa\u00fade mais prec\u00e1ria e experimentam mais limita\u00e7\u00f5es no dia a dia\u201d.<\/p>\n<p>\u201cEsses resultados ruins se devem \u00e0s condi\u00e7\u00f5es injustas enfrentadas por pessoas com defici\u00eancia em todas as \u00e1reas da vida, incluindo no pr\u00f3prio sistema de sa\u00fade. Os pa\u00edses t\u00eam a obriga\u00e7\u00e3o, conforme previsto na legisla\u00e7\u00e3o internacional sobre direitos humanos, de abordar as desigualdades na sa\u00fade enfrentadas por essas pessoas\u201d, destacou a entidade.<\/p>\n<p>A OMS apela aos estados-membros que tomem medidas para promover a igualdade na sa\u00fade para pessoas com defici\u00eancia e pede ainda que a sociedade civil, incluindo organiza\u00e7\u00f5es de pessoas com defici\u00eancia e outros parceiros na promo\u00e7\u00e3o da sa\u00fade, colabore e defenda a implementa\u00e7\u00e3o de a\u00e7\u00f5es que permitam alcan\u00e7ar o mais elevado padr\u00e3o de sa\u00fade poss\u00edvel para todos.<\/p>\n<p>      <!-- Relacionada --><\/p>\n<p>            <!-- Relacionada -->\n    <\/div>\n<p><br \/>\n<br \/><a href=\"https:\/\/agenciabrasil.ebc.com.br\/saude\/noticia\/2024-12\/deficiencia-significativa-atinge-uma-em-cada-seis-pessoas-no-mundo\" rel=\"noopener\">Ag\u00eancia Brasil <\/a><\/p>\n","protected":false},"excerpt":{"rendered":"<p>A Organiza\u00e7\u00e3o Mundial da Sa\u00fade (OMS) estima que 1,3 bilh\u00e3o de pessoas em todo o mundo vivam com algum tipo de defici\u00eancia classificada como significativa. O n\u00famero corresponde a uma propor\u00e7\u00e3o de uma em cada seis pessoas.\u00a0 \u201cPessoas com defici\u00eancia t\u00eam direito ao mais alto padr\u00e3o de cuidado em sa\u00fade poss\u00edvel, assim como pessoas sem [&hellip;]<\/p>\n","protected":false},"author":1,"featured_media":1270,"comment_status":"open","ping_status":"open","sticky":false,"template":"","format":"standard","meta":{"_jetpack_newsletter_access":"","_jetpack_dont_email_post_to_subs":false,"_jetpack_newsletter_tier_id":0,"_jetpack_memberships_contains_paywalled_content":false,"_mbp_banners":[],"_jetpack_feature_clip_id":0,"_jetpack_memberships_contains_paid_content":false,"footnotes":"","jetpack_publicize_message":"","jetpack_publicize_feature_enabled":true,"jetpack_social_post_already_shared":true,"jetpack_social_options":{"image_generator_settings":{"template":"highway","default_image_id":0,"font":"","enabled":false},"version":2},"jetpack_post_was_ever_published":false},"categories":[15],"tags":[],"class_list":["post-18186","post","type-post","status-publish","format-standard","has-post-thumbnail","category-saude"],"jetpack_publicize_connections":[],"jetpack-related-posts":[],"jetpack_shortlink":"https:\/\/wp.me\/p7Eq1F-4Jk","jetpack_sharing_enabled":true,"jetpack_featured_media_url":"https:\/\/i0.wp.com\/guialimeira.com.br\/news\/wp-content\/uploads\/2024\/04\/2024-02-16t105128z_1_lynxnpek1f0au_rtroptp_4_health-obesity-who.jpg?fit=1600%2C800&ssl=1","_links":{"self":[{"href":"https:\/\/guialimeira.com.br\/news\/wp-json\/wp\/v2\/posts\/18186","targetHints":{"allow":["GET"]}}],"collection":[{"href":"https:\/\/guialimeira.com.br\/news\/wp-json\/wp\/v2\/posts"}],"about":[{"href":"https:\/\/guialimeira.com.br\/news\/wp-json\/wp\/v2\/types\/post"}],"author":[{"embeddable":true,"href":"https:\/\/guialimeira.com.br\/news\/wp-json\/wp\/v2\/users\/1"}],"replies":[{"embeddable":true,"href":"https:\/\/guialimeira.com.br\/news\/wp-json\/wp\/v2\/comments?post=18186"}],"version-history":[{"count":0,"href":"https:\/\/guialimeira.com.br\/news\/wp-json\/wp\/v2\/posts\/18186\/revisions"}],"wp:featuredmedia":[{"embeddable":true,"href":"https:\/\/guialimeira.com.br\/news\/wp-json\/wp\/v2\/media\/1270"}],"wp:attachment":[{"href":"https:\/\/guialimeira.com.br\/news\/wp-json\/wp\/v2\/media?parent=18186"}],"wp:term":[{"taxonomy":"category","embeddable":true,"href":"https:\/\/guialimeira.com.br\/news\/wp-json\/wp\/v2\/categories?post=18186"},{"taxonomy":"post_tag","embeddable":true,"href":"https:\/\/guialimeira.com.br\/news\/wp-json\/wp\/v2\/tags?post=18186"}],"curies":[{"name":"wp","href":"https:\/\/api.w.org\/{rel}","templated":true}]}}