{"id":18151,"date":"2024-12-02T18:39:10","date_gmt":"2024-12-02T21:39:10","guid":{"rendered":"https:\/\/guialimeira.com.br\/2024\/12\/02\/sobrecarga-de-trabalho-eleva-risco-de-depressao-entre-maes-cientistas\/"},"modified":"2024-12-02T18:39:10","modified_gmt":"2024-12-02T21:39:10","slug":"sobrecarga-de-trabalho-eleva-risco-de-depressao-entre-maes-cientistas","status":"publish","type":"post","link":"https:\/\/guialimeira.com.br\/news\/sobrecarga-de-trabalho-eleva-risco-de-depressao-entre-maes-cientistas\/","title":{"rendered":"Sobrecarga de trabalho eleva risco de depress\u00e3o entre m\u00e3es cientistas"},"content":{"rendered":"<p> <br \/>\n<\/p>\n<div>\n<p>A porcentagem de m\u00e3es cientistas com sintomas de depress\u00e3o foi quase o dobro da verificada entre pais com a mesma carreira, segundo pesquisa apresentada como disserta\u00e7\u00e3o de mestrado em Ci\u00eancias Biom\u00e9dicas da Universidade Federal Fluminense. Entre as m\u00e3es entrevistadas, 42% apresentaram sinais da doen\u00e7a, em compara\u00e7\u00e3o a 22% dos pais.<img data-recalc-dims=\"1\" decoding=\"async\" src=\"https:\/\/i0.wp.com\/agenciabrasil.ebc.com.br\/ebc.png?w=696&#038;ssl=1\" style=\"width:1px; height:1px; display:inline;\"\/><img data-recalc-dims=\"1\" decoding=\"async\" src=\"https:\/\/i0.wp.com\/agenciabrasil.ebc.com.br\/ebc.gif?w=696&#038;ssl=1\" style=\"width:1px; height:1px; display:inline;\"\/><\/p>\n<p>A pesquisadora Sarah Rocha Alves acredita que esse adoecimento est\u00e1 relacionado com a sobrecarga de trabalho dom\u00e9stico e de cuidado.\u00a0<\/p>\n<p>&#8220;Historicamente, as m\u00e3es t\u00eam assumido uma responsabilidade desproporcional na cria\u00e7\u00e3o dos filhos, e os resultados da pesquisa confirmaram o que j\u00e1 era esperado&#8221;, avalia.\u00a0<\/p>\n<p>Dados complementares da pesquisa refor\u00e7am essa conclus\u00e3o, ao mostrar, por exemplo, que a propor\u00e7\u00e3o de m\u00e3es solo com sintomas foi cerca de 11 pontos percentuais maior do que a daquelas que dividem a cria\u00e7\u00e3o dos filhos. A diferen\u00e7a foi semelhante entre as m\u00e3es sem rede de apoio e as que contam com alguma ajuda. Al\u00e9m disso, quase 60% das m\u00e3es de crian\u00e7as com defici\u00eancia apresentaram alta probabilidade de ter depress\u00e3o, assim como mais de 54% das m\u00e3es negras.\u00a0<\/p>\n<p>De acordo com Sarah, os entrevistados responderam a um question\u00e1rio chamado PHQ-9, amplamente utilizado para diagnosticar sintomas de depress\u00e3o. A pesquisa foi realizada em mar\u00e7o e junho de 2022, per\u00edodo de arrefecimento da pandemia da covid-19 no Brasil.\u00a0<\/p>\n<p>&#8220;J\u00e1 est\u00e1vamos no retorno parcial das atividades, mas essas mulheres ainda estavam sobrecarregadas, conciliando trabalho dom\u00e9stico, cuidados das crian\u00e7as e atividades acad\u00eamicas, o que acabou sendo mais complicado para elas. Mas a pandemia s\u00f3 exacerbou o que j\u00e1 era esperado&#8221;, argumenta a pesquisadora.\u00a0<\/p>\n<h2>Carreira<\/h2>\n<p>Al\u00e9m das consequ\u00eancias para a sa\u00fade mental, Sarah acredita que essa sobrecarga tamb\u00e9m impacta a carreira dessas pesquisadoras. &#8220;As mulheres s\u00e3o maioria na gradua\u00e7\u00e3o e p\u00f3s-gradua\u00e7\u00e3o, mas a medida que elas v\u00e3o avan\u00e7ando, t\u00eam uma limita\u00e7\u00e3o porque elas n\u00e3o t\u00eam pol\u00edticas de apoio para serem aceitas e conquistarem cargos superiores&#8221;.\u00a0<\/p>\n<p>Levantamento do movimento Parent in Science estima que as mulheres vivenciam uma queda na produtividade que pode durar at\u00e9 6 anos, ap\u00f3s o nascimento dos filhos, o que n\u00e3o acontece com os homens que se tornam pais. Isso provoca um efeito conhecido como &#8220;teto de vidro&#8221;, que descreve a maior dificuldade que as mulheres t\u00eam de ascender em suas carreiras.\u00a0<\/p>\n<p>Por isso, a pesquisadora defende mudan\u00e7as na cultura acad\u00eamica e cita como bons exemplos uma iniciativa da pr\u00f3pria Universidade Federal Fluminense, que d\u00e1 cr\u00e9ditos a pessoas com filhos nas suas sele\u00e7\u00f5es acad\u00eamicas, e os editais da Funda\u00e7\u00e3o de Amparo \u00e0 Pesquisa do Rio de Janeiro exclusivo para cientistas m\u00e3es. Ela tamb\u00e9m considera um avan\u00e7o a lei sancionada em em julho pelo presidente Luiz In\u00e1cio Lula da Silva que prorroga o prazos de conclus\u00e3o na educa\u00e7\u00e3o superior para pessoas que tiverem filhos.<\/p>\n<p>      <!-- Relacionada --><\/p>\n<p>            <!-- Relacionada -->\n    <\/div>\n<p><br \/>\n<br \/><a href=\"https:\/\/agenciabrasil.ebc.com.br\/saude\/noticia\/2024-12\/sobrecarga-de-trabalho-eleva-risco-de-depressao-entre-maes-cientistas\" rel=\"noopener\">Ag\u00eancia Brasil <\/a><\/p>\n","protected":false},"excerpt":{"rendered":"<p>A porcentagem de m\u00e3es cientistas com sintomas de depress\u00e3o foi quase o dobro da verificada entre pais com a mesma carreira, segundo pesquisa apresentada como disserta\u00e7\u00e3o de mestrado em Ci\u00eancias Biom\u00e9dicas da Universidade Federal Fluminense. Entre as m\u00e3es entrevistadas, 42% apresentaram sinais da doen\u00e7a, em compara\u00e7\u00e3o a 22% dos pais. A pesquisadora Sarah Rocha Alves [&hellip;]<\/p>\n","protected":false},"author":1,"featured_media":11835,"comment_status":"open","ping_status":"open","sticky":false,"template":"","format":"standard","meta":{"_jetpack_newsletter_access":"","_jetpack_dont_email_post_to_subs":false,"_jetpack_newsletter_tier_id":0,"_jetpack_memberships_contains_paywalled_content":false,"_mbp_banners":[],"_jetpack_feature_clip_id":0,"_jetpack_memberships_contains_paid_content":false,"footnotes":"","jetpack_publicize_message":"","jetpack_publicize_feature_enabled":true,"jetpack_social_post_already_shared":true,"jetpack_social_options":{"image_generator_settings":{"template":"highway","default_image_id":0,"font":"","enabled":false},"version":2},"jetpack_post_was_ever_published":false},"categories":[15],"tags":[],"class_list":["post-18151","post","type-post","status-publish","format-standard","has-post-thumbnail","category-saude"],"jetpack_publicize_connections":[],"jetpack-related-posts":[],"jetpack_shortlink":"https:\/\/wp.me\/p7Eq1F-4IL","jetpack_sharing_enabled":true,"jetpack_featured_media_url":"https:\/\/i0.wp.com\/guialimeira.com.br\/news\/wp-content\/uploads\/2024\/08\/mcmgo_abr_070820180688.jpg?fit=1600%2C800&ssl=1","_links":{"self":[{"href":"https:\/\/guialimeira.com.br\/news\/wp-json\/wp\/v2\/posts\/18151","targetHints":{"allow":["GET"]}}],"collection":[{"href":"https:\/\/guialimeira.com.br\/news\/wp-json\/wp\/v2\/posts"}],"about":[{"href":"https:\/\/guialimeira.com.br\/news\/wp-json\/wp\/v2\/types\/post"}],"author":[{"embeddable":true,"href":"https:\/\/guialimeira.com.br\/news\/wp-json\/wp\/v2\/users\/1"}],"replies":[{"embeddable":true,"href":"https:\/\/guialimeira.com.br\/news\/wp-json\/wp\/v2\/comments?post=18151"}],"version-history":[{"count":0,"href":"https:\/\/guialimeira.com.br\/news\/wp-json\/wp\/v2\/posts\/18151\/revisions"}],"wp:featuredmedia":[{"embeddable":true,"href":"https:\/\/guialimeira.com.br\/news\/wp-json\/wp\/v2\/media\/11835"}],"wp:attachment":[{"href":"https:\/\/guialimeira.com.br\/news\/wp-json\/wp\/v2\/media?parent=18151"}],"wp:term":[{"taxonomy":"category","embeddable":true,"href":"https:\/\/guialimeira.com.br\/news\/wp-json\/wp\/v2\/categories?post=18151"},{"taxonomy":"post_tag","embeddable":true,"href":"https:\/\/guialimeira.com.br\/news\/wp-json\/wp\/v2\/tags?post=18151"}],"curies":[{"name":"wp","href":"https:\/\/api.w.org\/{rel}","templated":true}]}}