{"id":1815,"date":"2024-04-18T09:24:42","date_gmt":"2024-04-18T12:24:42","guid":{"rendered":"https:\/\/guialimeira.com.br\/2024\/04\/18\/policia-federal-faz-acao-contra-exploracao-sexual-infantil-no-rio\/"},"modified":"2024-04-18T09:24:42","modified_gmt":"2024-04-18T12:24:42","slug":"policia-federal-faz-acao-contra-exploracao-sexual-infantil-no-rio","status":"publish","type":"post","link":"https:\/\/guialimeira.com.br\/news\/policia-federal-faz-acao-contra-exploracao-sexual-infantil-no-rio\/","title":{"rendered":"Pol\u00edcia Federal faz a\u00e7\u00e3o contra explora\u00e7\u00e3o sexual infantil no Rio"},"content":{"rendered":"<p> <br \/>\n<\/p>\n<div>\n<p>Policiais federais fazem, nesta quinta-feira (18), mais uma opera\u00e7\u00e3o contra a produ\u00e7\u00e3o e distribui\u00e7\u00e3o de imagens de explora\u00e7\u00e3o sexual infantil. A opera\u00e7\u00e3o Jizo cumpre dois mandados de busca e apreens\u00e3o, expedidos pelas 8\u00aa e 10\u00aa Varas Federais Criminais do Rio de Janeiro, no sub\u00farbio carioca.<img data-recalc-dims=\"1\" decoding=\"async\" src=\"https:\/\/i0.wp.com\/agenciabrasil.ebc.com.br\/ebc.png?w=696&#038;ssl=1\" style=\"width:1px; height:1px; display:inline;\"\/><img data-recalc-dims=\"1\" decoding=\"async\" src=\"https:\/\/i0.wp.com\/agenciabrasil.ebc.com.br\/ebc.gif?w=696&#038;ssl=1\" style=\"width:1px; height:1px; display:inline;\"\/><\/p>\n<p>Os policiais da Delegacia de Repress\u00e3o aos Crimes Cibern\u00e9ticos (Deleciber) buscam apreender computadores, celulares e outros dispositivos de armazenamento de fotos e v\u00eddeos que contenham material de abuso sexual contra crian\u00e7as.<\/p>\n<p>Um dos alvos da opera\u00e7\u00e3o desta quinta j\u00e1 havia sido preso em 2011 e condenado por estupro de vulner\u00e1vel e por produ\u00e7\u00e3o de material de abuso sexual infantil, mas estava solto desde 2017.<\/p>\n<p>Segundo a Policia Federal (PF), os atos de adquirir, possuir ou armazenar qualquer tipo de registro de abuso sexual infantil s\u00e3o punidos com pena de pris\u00e3o de um a quatro anos, al\u00e9m de multa.<\/p>\n<p>A publica\u00e7\u00e3o, divulga\u00e7\u00e3o e compartilhamento dessas imagens t\u00eam pena de pris\u00e3o de tr\u00eas a seis anos, al\u00e9m de multa. O crime \u00e9 considerado hediondo pela Lei 14.811\/2024.<\/p>\n<\/p><\/div>\n<p><br \/>\n<br \/><a href=\"https:\/\/agenciabrasil.ebc.com.br\/geral\/noticia\/2024-04\/policia-federal-faz-acao-contra-exploracao-sexual-infantil-no-rio\" rel=\"noopener\">Ag\u00eancia Brasil<\/a><\/p>\n","protected":false},"excerpt":{"rendered":"<p>Policiais federais fazem, nesta quinta-feira (18), mais uma opera\u00e7\u00e3o contra a produ\u00e7\u00e3o e distribui\u00e7\u00e3o de imagens de explora\u00e7\u00e3o sexual infantil. A opera\u00e7\u00e3o Jizo cumpre dois mandados de busca e apreens\u00e3o, expedidos pelas 8\u00aa e 10\u00aa Varas Federais Criminais do Rio de Janeiro, no sub\u00farbio carioca. Os policiais da Delegacia de Repress\u00e3o aos Crimes Cibern\u00e9ticos (Deleciber) [&hellip;]<\/p>\n","protected":false},"author":1,"featured_media":1816,"comment_status":"open","ping_status":"open","sticky":false,"template":"","format":"standard","meta":{"_jetpack_newsletter_access":"","_jetpack_dont_email_post_to_subs":false,"_jetpack_newsletter_tier_id":0,"_jetpack_memberships_contains_paywalled_content":false,"_mbp_banners":[],"_jetpack_feature_clip_id":0,"_jetpack_memberships_contains_paid_content":false,"footnotes":"","jetpack_publicize_message":"","jetpack_publicize_feature_enabled":true,"jetpack_social_post_already_shared":true,"jetpack_social_options":{"image_generator_settings":{"template":"highway","default_image_id":0,"font":"","enabled":false},"version":2},"jetpack_post_was_ever_published":false},"categories":[1],"tags":[],"class_list":["post-1815","post","type-post","status-publish","format-standard","has-post-thumbnail","category-geral"],"jetpack_publicize_connections":[],"jetpack-related-posts":[],"jetpack_shortlink":"https:\/\/wp.me\/p7Eq1F-th","jetpack_sharing_enabled":true,"jetpack_featured_media_url":"https:\/\/i0.wp.com\/guialimeira.com.br\/news\/wp-content\/uploads\/2024\/04\/raf05213.jpg?fit=1600%2C800&ssl=1","_links":{"self":[{"href":"https:\/\/guialimeira.com.br\/news\/wp-json\/wp\/v2\/posts\/1815","targetHints":{"allow":["GET"]}}],"collection":[{"href":"https:\/\/guialimeira.com.br\/news\/wp-json\/wp\/v2\/posts"}],"about":[{"href":"https:\/\/guialimeira.com.br\/news\/wp-json\/wp\/v2\/types\/post"}],"author":[{"embeddable":true,"href":"https:\/\/guialimeira.com.br\/news\/wp-json\/wp\/v2\/users\/1"}],"replies":[{"embeddable":true,"href":"https:\/\/guialimeira.com.br\/news\/wp-json\/wp\/v2\/comments?post=1815"}],"version-history":[{"count":0,"href":"https:\/\/guialimeira.com.br\/news\/wp-json\/wp\/v2\/posts\/1815\/revisions"}],"wp:featuredmedia":[{"embeddable":true,"href":"https:\/\/guialimeira.com.br\/news\/wp-json\/wp\/v2\/media\/1816"}],"wp:attachment":[{"href":"https:\/\/guialimeira.com.br\/news\/wp-json\/wp\/v2\/media?parent=1815"}],"wp:term":[{"taxonomy":"category","embeddable":true,"href":"https:\/\/guialimeira.com.br\/news\/wp-json\/wp\/v2\/categories?post=1815"},{"taxonomy":"post_tag","embeddable":true,"href":"https:\/\/guialimeira.com.br\/news\/wp-json\/wp\/v2\/tags?post=1815"}],"curies":[{"name":"wp","href":"https:\/\/api.w.org\/{rel}","templated":true}]}}