{"id":18138,"date":"2024-12-02T15:40:14","date_gmt":"2024-12-02T18:40:14","guid":{"rendered":"https:\/\/guialimeira.com.br\/2024\/12\/02\/protestos-na-georgia-repetem-roteiro-da-crise-entre-ucrania-e-russia\/"},"modified":"2024-12-02T15:40:14","modified_gmt":"2024-12-02T18:40:14","slug":"protestos-na-georgia-repetem-roteiro-da-crise-entre-ucrania-e-russia","status":"publish","type":"post","link":"https:\/\/guialimeira.com.br\/news\/protestos-na-georgia-repetem-roteiro-da-crise-entre-ucrania-e-russia\/","title":{"rendered":"Protestos na Georgia repetem roteiro da crise entre Ucr\u00e2nia e R\u00fassia"},"content":{"rendered":"<p> <br \/>\n<\/p>\n<div>\n<p>A Georgia enfrentou nesse domingo (1\u00ba) a quarta noite seguida de intensos protestos contra a decis\u00e3o do governo de adiar as negocia\u00e7\u00f5es para o pa\u00eds ingressar na Uni\u00e3o Europeia (UE). Segundo especialista em geopol\u00edtica, a crise no pequeno pa\u00eds da Europa Oriental com cerca de 3,7 milh\u00f5es de habitantes, e que faz fronteira com a R\u00fassia, repete os acontecimentos que levaram aos atritos entre Ucr\u00e2nia e Moscou.<img data-recalc-dims=\"1\" decoding=\"async\" src=\"https:\/\/i0.wp.com\/agenciabrasil.ebc.com.br\/ebc.png?w=696&#038;ssl=1\" style=\"width:1px; height:1px; display:inline;\"\/><img data-recalc-dims=\"1\" decoding=\"async\" src=\"https:\/\/i0.wp.com\/agenciabrasil.ebc.com.br\/ebc.gif?w=696&#038;ssl=1\" style=\"width:1px; height:1px; display:inline;\"\/><\/p>\n<p>\u201cNa Georgia est\u00e1 se repetindo o que aconteceu na Ucr\u00e2nia, em 2014, com os protestos da Pra\u00e7a Maidan, que resultaram na deposi\u00e7\u00e3o do governo pr\u00f3-Moscou. Na Georgia \u00e9 tamb\u00e9m uma queda de bra\u00e7o entre esses dois polos de poder para ver quem d\u00e1 as cartas na Ge\u00f3rgia. De um lado as for\u00e7as aliadas de Moscou e, do outro lado, as for\u00e7as aliadas de Bruxelas, da Uni\u00e3o Europeia\u201d, avaliou Ronaldo Carmona, pesquisador do Centro Brasileiro de Rela\u00e7\u00f5es Internacionais (Cebri).<\/p>\n<p>Carmona argumenta que a sociedade georgiana \u00e9 dividida, tendo setores pr\u00f3-Moscou e outros pr\u00f3-UE. \u201cTodo o entorno geogr\u00e1fico das grandes pot\u00eancias, como \u00e9 o caso da Georgia que faz fronteira com a R\u00fassia, s\u00e3o ativamente disputados por outras pot\u00eancias. Esse papel que a R\u00fassia joga na geopol\u00edtica global hoje faz com que todos os pa\u00edses ali em torno dela sejam ativamente disputados. Ent\u00e3o, \u00e9 assim que funciona o mundo\u201d, acrescentou.<\/p>\n<p>Com o recrudescimento dos protestos nesse fim de semana, o Departamento de Estado dos Estados Unidos (EUA) publicou um <a href=\"https:\/\/www.state.gov\/statement-on-georgias-suspension-of-european-union-accession\/\" target=\"_blank\" rel=\"noopener\">comunicado suspendendo a parceria estrat\u00e9gica firmada entre os dois pa\u00edses<\/a> e condenando o governo georgiano por supostamente reprimir as manifesta\u00e7\u00f5es.<\/p>\n<p>\u201cAo suspender o processo de ades\u00e3o da Ge\u00f3rgia \u00e0 UE, o governo georgiano rejeitou a oportunidade de la\u00e7os mais estreitos com a Europa e tornou a Ge\u00f3rgia mais vulner\u00e1vel ao Kremlin. O povo georgiano apoia esmagadoramente a integra\u00e7\u00e3o com a Europa. Os Estados Unidos condenam o uso excessivo da for\u00e7a pela pol\u00edcia contra georgianos que buscam exercer seus direitos de reuni\u00e3o e express\u00e3o, incluindo sua liberdade de protestar pacificamente\u201d, afirmou o minist\u00e9rio dos EUA respons\u00e1vel pela pol\u00edtica externa.<\/p>\n<h2>Georgia e Ucr\u00e2nia<\/h2>\n<p>A crise pol\u00edtica da Georgia se agravou depois da elei\u00e7\u00e3o de 26 de outubro deste ano, que deu a vit\u00f3ria ao partido governista Sonho Georgiano, tido como pr\u00f3ximo da R\u00fassia. A oposi\u00e7\u00e3o diz que houve fraude eleitoral, mas o governo do primeiro-ministro Irakli Kobakhidze tem rejeitado a demanda por novas elei\u00e7\u00f5es.<\/p>\n<p>Em 2014, uma s\u00e9rie de protestos na Ucr\u00e2nia levaram \u00e0 deposi\u00e7\u00e3o do governo considerado pr\u00f3-Moscou e que havia desistido de assinar acordo com a Uni\u00e3o Europeia. A deposi\u00e7\u00e3o, considerada um golpe de Estado por Moscou,<a href=\"https:\/\/agenciabrasil.ebc.com.br\/internacional\/noticia\/2014-05\/crise-na-ucrania-republicas-independentes-se-unem-para-formar\" target=\"_blank\" rel=\"noopener\"> levou \u00e0 anexa\u00e7\u00e3o da Crimeia pela R\u00fassia e \u00e0 guerra civil entre Kiev e as prov\u00edncias de Denetsk e Lugansk<\/a>, que declararam independ\u00eancia.\u00a0<\/p>\n<p>Nesse contexto, a tentativa do governo ucraniano de Vladimir Zalewski de aderir \u00e0 Organiza\u00e7\u00e3o do Tratado do Atl\u00e2ntico Norte (OTAN), alian\u00e7a militar hostil \u00e0 R\u00fassia, foi uma das justificativas do Kremlin para invadir a Ucr\u00e2nia em fevereiro de 2022.<\/p>\n<p>      <!-- Relacionada --><\/p>\n<p>            <!-- Relacionada -->\n    <\/div>\n<p><br \/>\n<br \/><a href=\"https:\/\/agenciabrasil.ebc.com.br\/internacional\/noticia\/2024-12\/protestos-na-georgia-repetem-roteiro-da-crise-entre-ucrania-e-russia\" rel=\"noopener\">Ag\u00eancia Brasil <\/a><\/p>\n","protected":false},"excerpt":{"rendered":"<p>A Georgia enfrentou nesse domingo (1\u00ba) a quarta noite seguida de intensos protestos contra a decis\u00e3o do governo de adiar as negocia\u00e7\u00f5es para o pa\u00eds ingressar na Uni\u00e3o Europeia (UE). Segundo especialista em geopol\u00edtica, a crise no pequeno pa\u00eds da Europa Oriental com cerca de 3,7 milh\u00f5es de habitantes, e que faz fronteira com a [&hellip;]<\/p>\n","protected":false},"author":1,"featured_media":269,"comment_status":"open","ping_status":"open","sticky":false,"template":"","format":"standard","meta":{"_jetpack_newsletter_access":"","_jetpack_dont_email_post_to_subs":false,"_jetpack_newsletter_tier_id":0,"_jetpack_memberships_contains_paywalled_content":false,"_mbp_banners":[],"_jetpack_feature_clip_id":0,"_jetpack_memberships_contains_paid_content":false,"footnotes":"","jetpack_publicize_message":"","jetpack_publicize_feature_enabled":true,"jetpack_social_post_already_shared":true,"jetpack_social_options":{"image_generator_settings":{"template":"highway","default_image_id":0,"font":"","enabled":false},"version":2},"jetpack_post_was_ever_published":false},"categories":[25],"tags":[],"class_list":["post-18138","post","type-post","status-publish","format-standard","has-post-thumbnail","category-internacional"],"jetpack_publicize_connections":[],"jetpack-related-posts":[],"jetpack_shortlink":"https:\/\/wp.me\/p7Eq1F-4Iy","jetpack_sharing_enabled":true,"jetpack_featured_media_url":"https:\/\/i0.wp.com\/guialimeira.com.br\/news\/wp-content\/uploads\/2024\/03\/thumb_1200x600_agbrasil.png?fit=1200%2C600&ssl=1","_links":{"self":[{"href":"https:\/\/guialimeira.com.br\/news\/wp-json\/wp\/v2\/posts\/18138","targetHints":{"allow":["GET"]}}],"collection":[{"href":"https:\/\/guialimeira.com.br\/news\/wp-json\/wp\/v2\/posts"}],"about":[{"href":"https:\/\/guialimeira.com.br\/news\/wp-json\/wp\/v2\/types\/post"}],"author":[{"embeddable":true,"href":"https:\/\/guialimeira.com.br\/news\/wp-json\/wp\/v2\/users\/1"}],"replies":[{"embeddable":true,"href":"https:\/\/guialimeira.com.br\/news\/wp-json\/wp\/v2\/comments?post=18138"}],"version-history":[{"count":0,"href":"https:\/\/guialimeira.com.br\/news\/wp-json\/wp\/v2\/posts\/18138\/revisions"}],"wp:featuredmedia":[{"embeddable":true,"href":"https:\/\/guialimeira.com.br\/news\/wp-json\/wp\/v2\/media\/269"}],"wp:attachment":[{"href":"https:\/\/guialimeira.com.br\/news\/wp-json\/wp\/v2\/media?parent=18138"}],"wp:term":[{"taxonomy":"category","embeddable":true,"href":"https:\/\/guialimeira.com.br\/news\/wp-json\/wp\/v2\/categories?post=18138"},{"taxonomy":"post_tag","embeddable":true,"href":"https:\/\/guialimeira.com.br\/news\/wp-json\/wp\/v2\/tags?post=18138"}],"curies":[{"name":"wp","href":"https:\/\/api.w.org\/{rel}","templated":true}]}}