{"id":18126,"date":"2024-12-02T13:34:11","date_gmt":"2024-12-02T16:34:11","guid":{"rendered":"https:\/\/guialimeira.com.br\/2024\/12\/02\/espirito-santo-tem-aumento-significativo-de-casos-de-arboviroses\/"},"modified":"2024-12-02T13:34:11","modified_gmt":"2024-12-02T16:34:11","slug":"espirito-santo-tem-aumento-significativo-de-casos-de-arboviroses","status":"publish","type":"post","link":"https:\/\/guialimeira.com.br\/news\/espirito-santo-tem-aumento-significativo-de-casos-de-arboviroses\/","title":{"rendered":"Esp\u00edrito Santo tem aumento significativo de casos de arboviroses"},"content":{"rendered":"<p> <br \/>\n<\/p>\n<div wp_automatic_readability=\"76.671879887394\">\n<p>O Esp\u00edrito Santo vem registrando um aumento significativo de casos de arboviroses ao longo das \u00faltimas semanas e tem concentrado a maior parte das ocorr\u00eancias no pa\u00eds. As informa\u00e7\u00f5es foram divulgadas nesta segunda-feira (2) pelo Minist\u00e9rio da Sa\u00fade. Em nota, a pastou avaliou que o cen\u00e1rio gera \u201cpreocupa\u00e7\u00f5es\u201d diante da r\u00e1pida dissemina\u00e7\u00e3o das doen\u00e7as.<img data-recalc-dims=\"1\" decoding=\"async\" src=\"https:\/\/i0.wp.com\/agenciabrasil.ebc.com.br\/ebc.png?w=696&#038;ssl=1\" style=\"width:1px; height:1px; display:inline;\"\/><img data-recalc-dims=\"1\" decoding=\"async\" src=\"https:\/\/i0.wp.com\/agenciabrasil.ebc.com.br\/ebc.gif?w=696&#038;ssl=1\" style=\"width:1px; height:1px; display:inline;\"\/><\/p>\n<p>Dados do Painel de Monitoramento de Arboviroses mostram que, em 2024, o Esp\u00edrito Santo contabilizou 152,8 mil casos prov\u00e1veis de dengue, al\u00e9m de 40 mortes confirmadas e sete em investiga\u00e7\u00e3o. O coeficiente de incid\u00eancia no estado \u00e9 de quase 4 mil casos da doen\u00e7a para cada grupo de 100 mil habitantes.<\/p>\n<p>Os n\u00fameros indicam ainda que, dos 9,6 mil casos de febre do Oropouche registrados no pa\u00eds este ano, o Esp\u00edrito Santo responde por 1.763 casos. J\u00e1 entre os 363,5 mil casos prov\u00e1veis de chikungunya, o estado concentra 13.309. Por fim, dos 6,4 mil casos prov\u00e1veis de zika, 516 infec\u00e7\u00f5es foram identificadas no estado.<\/p>\n<p>Recentemente, o minist\u00e9rio se reuniu com gestores estaduais e especialistas em vigil\u00e2ncia e assist\u00eancia de diversos estados para discutir a situa\u00e7\u00e3o epidemiol\u00f3gica de arboviroses e a\u00e7\u00f5es de preven\u00e7\u00e3o. Segundo a pasta, o encontro, organizado pela Secretaria de Vigil\u00e2ncia em Sa\u00fade e Ambiente, teve como objetivo alinhar estrat\u00e9gias de controle de arboviroses no Brasil.<\/p>\n<p>\u201cO Esp\u00edrito Santo foi um dos principais focos da reuni\u00e3o, devido ao aumento significativo de casos nas \u00faltimas semanas. O estado tem concentrado a maior parte das ocorr\u00eancias de arboviroses no pa\u00eds, o que gerou preocupa\u00e7\u00f5es sobre a r\u00e1pida dissemina\u00e7\u00e3o da doen\u00e7a. Esse cen\u00e1rio levou a discuss\u00f5es sobre a efic\u00e1cia das a\u00e7\u00f5es de vigil\u00e2ncia e a necessidade de refor\u00e7ar o controle dos vetores.\u201d<\/p>\n<h2>Outros estados<\/h2>\n<p>De acordo com o minist\u00e9rio, em S\u00e3o Paulo e no Rio de Janeiro, o desafio est\u00e1 relacionado \u00e0 sobrecarga do sistema de sa\u00fade durante epidemias. \u201cA reuni\u00e3o destacou a necessidade de melhorar o planejamento de resposta, especialmente nas unidades de sa\u00fade que atendem um grande volume de casos.\u201d<\/p>\n<p>\u201cEm S\u00e3o Paulo, a alta demanda durante a epidemia exigiu a reorganiza\u00e7\u00e3o das equipes e o desenvolvimento de estrat\u00e9gias para evitar a satura\u00e7\u00e3o dos servi\u00e7os.\u201d<\/p>\n<p>Para Minas Gerais, o debate priorizou a amplia\u00e7\u00e3o da capacidade de diagn\u00f3stico e a cria\u00e7\u00e3o de protocolos para o manejo de arboviroses. \u201cO estado tem investido em parcerias com universidades locais para fortalecer a vigil\u00e2ncia, com resultados positivos na detec\u00e7\u00e3o precoce de chikungunya e outras doen\u00e7as\u201d.<\/p>\n<p>\u201cEsse modelo de colabora\u00e7\u00e3o foi destacado como uma boa pr\u00e1tica, com potencial para ser adaptado por outros estados\u201d, destacou o minist\u00e9rio.<\/p>\n<p>\u201cAo final da reuni\u00e3o, foi refor\u00e7ado o compromisso com o fortalecimento da rede de vigil\u00e2ncia, a melhoria da comunica\u00e7\u00e3o entre as esferas de sa\u00fade e a implementa\u00e7\u00e3o de pr\u00e1ticas baseadas em evid\u00eancias cient\u00edficas para o controle das doen\u00e7as transmitidas por vetores\u201d, concluiu a pasta.<\/p>\n<p>      <!-- Relacionada --><\/p>\n<p>            <!-- Relacionada -->\n    <\/div>\n<p><br \/>\n<br \/><a href=\"https:\/\/agenciabrasil.ebc.com.br\/saude\/noticia\/2024-12\/espirito-santo-tem-aumento-significativo-de-casos-de-arboviroses\" rel=\"noopener\">Ag\u00eancia Brasil <\/a><\/p>\n","protected":false},"excerpt":{"rendered":"<p>O Esp\u00edrito Santo vem registrando um aumento significativo de casos de arboviroses ao longo das \u00faltimas semanas e tem concentrado a maior parte das ocorr\u00eancias no pa\u00eds. As informa\u00e7\u00f5es foram divulgadas nesta segunda-feira (2) pelo Minist\u00e9rio da Sa\u00fade. Em nota, a pastou avaliou que o cen\u00e1rio gera \u201cpreocupa\u00e7\u00f5es\u201d diante da r\u00e1pida dissemina\u00e7\u00e3o das doen\u00e7as. Dados [&hellip;]<\/p>\n","protected":false},"author":1,"featured_media":8323,"comment_status":"open","ping_status":"open","sticky":false,"template":"","format":"standard","meta":{"_jetpack_newsletter_access":"","_jetpack_dont_email_post_to_subs":false,"_jetpack_newsletter_tier_id":0,"_jetpack_memberships_contains_paywalled_content":false,"_mbp_banners":[],"_jetpack_feature_clip_id":0,"_jetpack_memberships_contains_paid_content":false,"footnotes":"","jetpack_publicize_message":"","jetpack_publicize_feature_enabled":true,"jetpack_social_post_already_shared":true,"jetpack_social_options":{"image_generator_settings":{"template":"highway","default_image_id":0,"font":"","enabled":false},"version":2},"jetpack_post_was_ever_published":false},"categories":[15],"tags":[],"class_list":["post-18126","post","type-post","status-publish","format-standard","has-post-thumbnail","category-saude"],"jetpack_publicize_connections":[],"jetpack-related-posts":[],"jetpack_shortlink":"https:\/\/wp.me\/p7Eq1F-4Im","jetpack_sharing_enabled":true,"jetpack_featured_media_url":"https:\/\/i0.wp.com\/guialimeira.com.br\/news\/wp-content\/uploads\/2024\/06\/fachada-ministerio_mcamgo_abr_100420231818-16.jpg?fit=1600%2C800&ssl=1","_links":{"self":[{"href":"https:\/\/guialimeira.com.br\/news\/wp-json\/wp\/v2\/posts\/18126","targetHints":{"allow":["GET"]}}],"collection":[{"href":"https:\/\/guialimeira.com.br\/news\/wp-json\/wp\/v2\/posts"}],"about":[{"href":"https:\/\/guialimeira.com.br\/news\/wp-json\/wp\/v2\/types\/post"}],"author":[{"embeddable":true,"href":"https:\/\/guialimeira.com.br\/news\/wp-json\/wp\/v2\/users\/1"}],"replies":[{"embeddable":true,"href":"https:\/\/guialimeira.com.br\/news\/wp-json\/wp\/v2\/comments?post=18126"}],"version-history":[{"count":0,"href":"https:\/\/guialimeira.com.br\/news\/wp-json\/wp\/v2\/posts\/18126\/revisions"}],"wp:featuredmedia":[{"embeddable":true,"href":"https:\/\/guialimeira.com.br\/news\/wp-json\/wp\/v2\/media\/8323"}],"wp:attachment":[{"href":"https:\/\/guialimeira.com.br\/news\/wp-json\/wp\/v2\/media?parent=18126"}],"wp:term":[{"taxonomy":"category","embeddable":true,"href":"https:\/\/guialimeira.com.br\/news\/wp-json\/wp\/v2\/categories?post=18126"},{"taxonomy":"post_tag","embeddable":true,"href":"https:\/\/guialimeira.com.br\/news\/wp-json\/wp\/v2\/tags?post=18126"}],"curies":[{"name":"wp","href":"https:\/\/api.w.org\/{rel}","templated":true}]}}